{"id":4747,"date":"2025-01-07T01:30:54","date_gmt":"2025-01-07T01:30:54","guid":{"rendered":"https:\/\/prensa.sma.gob.ar\/?p=4747"},"modified":"2025-01-09T14:03:44","modified_gmt":"2025-01-09T14:03:44","slug":"con-la-primera-convocatoria-quedo-inaugurado-el-fondo-municipal-de-las-artes","status":"publish","type":"post","link":"https:\/\/prensa.sma.gob.ar\/?p=4747","title":{"rendered":"Con la primera convocatoria, qued\u00f3 inaugurado el Fondo Municipal de las Artes"},"content":{"rendered":"\n<p>La Secretar\u00eda de Cultura del Municipio abri\u00f3 la primera convocatoria para acceder a subsidios del Fondo Municipal de las Artes, una nueva pol\u00edtica cultural de San Mart\u00edn de los Andes destinada a estimular, proteger e impulsar la creaci\u00f3n y producci\u00f3n art\u00edstica de hacedores culturales de la ciudad.<\/p>\n\n\n\n<p>Esta primera convocatoria busca presentar postulaciones para recibir subsidios destinados a cubrir de forma parcial los costos de producci\u00f3n de un evento cultural a desarrollarse en San Mart\u00edn de los Andes entre el 1 de mayo y el 31 de agosto de 2025. En esta oportunidad se seleccionar\u00e1n hasta tres eventos culturales a los que se les otorgar\u00e1 un subsidio de hasta $2.000.000 cada uno.<\/p>\n\n\n\n<p>Para esta convocatoria, pueden postularse organizaciones civiles con personer\u00eda jur\u00eddica vigente y agrupaciones sin personer\u00eda jur\u00eddica que cumplan con los requisitos establecidos en las bases y condiciones, cuyos t\u00e9rminos se pueden encontrar en la p\u00e1gina web de la Secretar\u00eda de Cultura.<\/p>\n\n\n\n<p>El Fondo Municipal de las Artes, que lleva el nombre de Elena Lapuente, es una nueva pol\u00edtica cultural de San Mart\u00edn de los Andes destinada a estimular, proteger e impulsar la creaci\u00f3n y producci\u00f3n art\u00edstica; facilitando el acceso al arte a todos los miembros de la comunidad y propiciando la formaci\u00f3n de p\u00fablico, la diversidad cultural y el turismo cultural.<\/p>\n\n\n\n<p>Durante la presentaci\u00f3n, realizada en el teatro San Jos\u00e9, el secretario de Cultura del Municipio, Gustavo Santos, se\u00f1al\u00f3 que \u201cla creaci\u00f3n del Fondo Municipal de las Artes es un hecho in\u00e9dito en el pa\u00eds, (ya que) muy pocos Municipios lo tienen\u201d y afirm\u00f3 que, entre otras acciones, \u201cser\u00e1 una herramienta para trabajar en la formaci\u00f3n de p\u00fablicos y del turismo cultural y facilitar el acceso a la cultura y al arte a toda la comunidad, cumpliendo con las normativas desde la Constituci\u00f3n nacional y de la Carta Org\u00e1nica\u201d, que fomentan la diversidad cultural.<\/p>\n\n\n\n<p>Santos agradeci\u00f3 al intendente, Carlos Saloniti, \u201cpor este impulso, el apoyo y la apertura a la cultura, en momentos en que la actividades culturales est\u00e1n retrocediendo\u201d; celebr\u00f3 la posibilidad de \u201clanzar esta primera convocatoria porque es una pol\u00edtica p\u00fablica in\u00e9dita en nuestra provincia y en nuestro pa\u00eds\u201d; insisti\u00f3 en que \u201cmuy pocas ciudades del pa\u00eds tiene un fondo concursable, que s\u00ed tenemos a nivel nacional con el Fondo Nacional de las Artes\u201d.<\/p>\n\n\n\n<figure class=\"wp-block-gallery has-nested-images columns-default is-cropped wp-block-gallery-1 is-layout-flex wp-block-gallery-is-layout-flex\">\n<figure class=\"wp-block-image size-large\"><img loading=\"lazy\" decoding=\"async\" width=\"1024\" height=\"576\" data-id=\"4749\" src=\"https:\/\/prensa.sma.gob.ar\/wp-content\/uploads\/2025\/01\/1000303503-1024x576.jpg\" alt=\"\" class=\"wp-image-4749\" srcset=\"https:\/\/prensa.sma.gob.ar\/wp-content\/uploads\/2025\/01\/1000303503-1024x576.jpg 1024w, https:\/\/prensa.sma.gob.ar\/wp-content\/uploads\/2025\/01\/1000303503-300x169.jpg 300w, https:\/\/prensa.sma.gob.ar\/wp-content\/uploads\/2025\/01\/1000303503-768x432.jpg 768w, https:\/\/prensa.sma.gob.ar\/wp-content\/uploads\/2025\/01\/1000303503-1536x864.jpg 1536w, https:\/\/prensa.sma.gob.ar\/wp-content\/uploads\/2025\/01\/1000303503-747x420.jpg 747w, https:\/\/prensa.sma.gob.ar\/wp-content\/uploads\/2025\/01\/1000303503-696x392.jpg 696w, https:\/\/prensa.sma.gob.ar\/wp-content\/uploads\/2025\/01\/1000303503-1068x601.jpg 1068w, https:\/\/prensa.sma.gob.ar\/wp-content\/uploads\/2025\/01\/1000303503.jpg 1600w\" sizes=\"auto, (max-width: 1024px) 100vw, 1024px\" \/><\/figure>\n\n\n\n<figure class=\"wp-block-image size-large\"><img loading=\"lazy\" decoding=\"async\" width=\"1024\" height=\"576\" data-id=\"4750\" src=\"https:\/\/prensa.sma.gob.ar\/wp-content\/uploads\/2025\/01\/1000303505-1024x576.jpg\" alt=\"\" class=\"wp-image-4750\" srcset=\"https:\/\/prensa.sma.gob.ar\/wp-content\/uploads\/2025\/01\/1000303505-1024x576.jpg 1024w, https:\/\/prensa.sma.gob.ar\/wp-content\/uploads\/2025\/01\/1000303505-300x169.jpg 300w, https:\/\/prensa.sma.gob.ar\/wp-content\/uploads\/2025\/01\/1000303505-768x432.jpg 768w, https:\/\/prensa.sma.gob.ar\/wp-content\/uploads\/2025\/01\/1000303505-1536x864.jpg 1536w, https:\/\/prensa.sma.gob.ar\/wp-content\/uploads\/2025\/01\/1000303505-747x420.jpg 747w, https:\/\/prensa.sma.gob.ar\/wp-content\/uploads\/2025\/01\/1000303505-696x392.jpg 696w, https:\/\/prensa.sma.gob.ar\/wp-content\/uploads\/2025\/01\/1000303505-1068x601.jpg 1068w, https:\/\/prensa.sma.gob.ar\/wp-content\/uploads\/2025\/01\/1000303505.jpg 1600w\" sizes=\"auto, (max-width: 1024px) 100vw, 1024px\" \/><\/figure>\n\n\n\n<figure class=\"wp-block-image size-large\"><img loading=\"lazy\" decoding=\"async\" width=\"1024\" height=\"652\" data-id=\"4748\" src=\"https:\/\/prensa.sma.gob.ar\/wp-content\/uploads\/2025\/01\/1000303504-1024x652.jpg\" alt=\"\" class=\"wp-image-4748\" srcset=\"https:\/\/prensa.sma.gob.ar\/wp-content\/uploads\/2025\/01\/1000303504-1024x652.jpg 1024w, https:\/\/prensa.sma.gob.ar\/wp-content\/uploads\/2025\/01\/1000303504-300x191.jpg 300w, https:\/\/prensa.sma.gob.ar\/wp-content\/uploads\/2025\/01\/1000303504-768x489.jpg 768w, https:\/\/prensa.sma.gob.ar\/wp-content\/uploads\/2025\/01\/1000303504-1536x977.jpg 1536w, https:\/\/prensa.sma.gob.ar\/wp-content\/uploads\/2025\/01\/1000303504-660x420.jpg 660w, https:\/\/prensa.sma.gob.ar\/wp-content\/uploads\/2025\/01\/1000303504-696x443.jpg 696w, https:\/\/prensa.sma.gob.ar\/wp-content\/uploads\/2025\/01\/1000303504-1068x680.jpg 1068w, https:\/\/prensa.sma.gob.ar\/wp-content\/uploads\/2025\/01\/1000303504.jpg 1600w\" sizes=\"auto, (max-width: 1024px) 100vw, 1024px\" \/><\/figure>\n<\/figure>\n\n\n\n<p>Record\u00f3 que, seg\u00fan la ordenanza de su creaci\u00f3n, votada por unanimidad por la anterior conformaci\u00f3n del Concejo Deliberante, \u201cel Fondo Municipal de las Artes servir\u00e1 para financiar eventos culturales, para otorgar subsidios o premios para obras de arte y para financiar traslados o capacitaciones de artistas o para estudiantes de artes\u201d.<\/p>\n\n\n\n<p>\u00bfCon qu\u00e9 recursos se conforma este Fondo? Santos explic\u00f3 que \u201ces un fondo afectado que sale de tasas municipales que pagan las empresas proveedoras de servicios de internet y la tasa por ocupaci\u00f3n de espacios p\u00fablico para organizar producciones audiovisuales\u201d y cit\u00f3 el caso m\u00e1s resonante del a\u00f1o pasado, cuando se rod\u00f3 en nuestra ciudad la miniserie La bastarda.<\/p>\n\n\n\n<p>El secretario de Cultura tambi\u00e9n explic\u00f3 que \u201clas decisiones (para otorgar subsidios) las toma el Consejo Asesor, formado por organizaciones de la cultura, con personer\u00eda jur\u00eddica vigente de nuestra localidad, con objetivos culturales\u201d. Record\u00f3 que \u201cel a\u00f1o pasado se sortearon las cinco asociaciones que, por dos a\u00f1os, forman parte del Consejo, de las diez que en ese momento ten\u00edan capacidad jur\u00eddica: Arcupa, Animachicos, Asociaci\u00f3n Amigos de la Sala Lidaura Chapitel, Asociaci\u00f3n Amigos del Museo Primeros Pobladores y la Biblioteca Popular 9 de Julio\u201d.&nbsp;<\/p>\n\n\n\n<p>\u201cLas cinco asociaciones forman parte del Consejo Asesor y es en ese \u00e1mbito que se decidi\u00f3 lanzar la primera convocatoria, ahora que tenemos una disponibilidad financiera que, esperamos sea cada vez mayor\u201d, concluy\u00f3. &nbsp;Detall\u00f3 que se seleccionar\u00e1n tres eventos, d\u00e1ndoles un subsidio de hasta dos millones de pesos a cada uno\u201d.<\/p>\n\n\n\n<p>Santos record\u00f3 que, desde 1982, la Unesco (Organizaci\u00f3n de Naciones Unidas para la Cultura) se\u00f1ala que \u201cla cultura es motor y garante del desarrollo sostenible\u201d y que esta premisa \u201cnos permite explicar a la comunidad &nbsp;por qu\u00e9 es necesario trabajar en pol\u00edticas culturales\u201d. Agreg\u00f3 que \u201cel desarrollo sostenible busca garantizar las necesidades de una generaci\u00f3n pero que tambi\u00e9n garantice las necesidades de las generaciones futuras, garantizar que haya una sustentabilidad\u201d.<\/p>\n\n\n\n<p>\u201cEl desarrollo sostenible se apoya en cuatro patas: equilibrio econ\u00f3mico, equidad social, cuidado del medio ambiente y cuidado del desarrollo cultural, que es sin\u00f3nimo de diversidad cultural, tan necesaria para el g\u00e9nero humano como la diversidad biol\u00f3gica para los organismos vivos, como se\u00f1ala la Unesco. Cuanto mayor sea la diversidad cultural, mayor ser\u00e1 la fortaleza para la comunidad\u201d, afirm\u00f3.<\/p>\n\n\n\n<p><\/p>\n\n\n\n<p><\/p>\n\n\n\n<p><strong>La fecha l\u00edmite para enviar las postulaciones es el 16 de febrero de 2025.<\/strong><\/p>\n\n\n\n<p><strong>Consult\u00e1 las bases y condiciones en: <\/strong><a href=\"https:\/\/drive.google.com\/file\/d\/18hQtGpHT9GmQ_L0mHoN56vBTOTCf1zje\/view?usp=sharing\">https:\/\/drive.google.com\/file\/d\/18hQtGpHT9GmQ_L0mHoN56vBTOTCf1zje\/view?usp=sharing<\/a><\/p>\n\n\n\n<p><strong>Consult\u00e1 la Ordenanza 14369\/24 y su reglamentaci\u00f3n en:<\/strong> <a href=\"https:\/\/drive.google.com\/file\/d\/13MjS8cLkCdsVpYleCb2sB2cC3bvqrkfV\/view?usp=sharing\">https:\/\/drive.google.com\/file\/d\/13MjS8cLkCdsVpYleCb2sB2cC3bvqrkfV\/view?usp=sharing<\/a><\/p>\n\n\n\n<p>Para postularse deber\u00e1n completar el siguiente formulario:<\/p>\n\n\n\n<p><a href=\"https:\/\/forms.gle\/YB3DZDM3NChX2eMU8\">https:\/\/forms.gle\/YB3DZDM3NChX2eMU8<\/a><\/p>\n\n\n\n<p>Para consultas pod\u00e9s escribir a fondomunicipaldelasartes.sma@gmail.com<\/p>\n\n\n\n<figure class=\"wp-block-embed is-type-video is-provider-youtube wp-block-embed-youtube wp-embed-aspect-16-9 wp-has-aspect-ratio\"><div class=\"wp-block-embed__wrapper\">\n<div class=\"youtube-embed\" data-video_id=\"\"><iframe loading=\"lazy\" title=\"Con la primera convocatoria, qued\u00f3 inaugurado el Fondo Municipal de las Artes\" width=\"696\" height=\"392\" src=\"https:\/\/www.youtube.com\/embed\/5JwlwvjXaVU?feature=oembed&#038;enablejsapi=1\" frameborder=\"0\" allow=\"accelerometer; autoplay; clipboard-write; encrypted-media; gyroscope; picture-in-picture; web-share\" referrerpolicy=\"strict-origin-when-cross-origin\" allowfullscreen><\/iframe><\/div>\n<\/div><\/figure>\n","protected":false},"excerpt":{"rendered":"<p>La Secretar\u00eda de Cultura del Municipio abri\u00f3 la primera convocatoria para acceder a subsidios del Fondo Municipal de las Artes, una nueva pol\u00edtica cultural de San Mart\u00edn de los Andes destinada a estimular, proteger e impulsar la creaci\u00f3n y producci\u00f3n art\u00edstica de hacedores culturales de la ciudad. Esta primera convocatoria busca presentar postulaciones para recibir [&hellip;]<\/p>\n","protected":false},"author":2,"featured_media":4753,"comment_status":"closed","ping_status":"open","sticky":false,"template":"","format":"standard","meta":{"footnotes":""},"categories":[5,16,14,17],"tags":[],"class_list":{"0":"post-4747","1":"post","2":"type-post","3":"status-publish","4":"format-standard","5":"has-post-thumbnail","7":"category-cultura","8":"category-destacadas","9":"category-noticias","10":"category-portada"},"_links":{"self":[{"href":"https:\/\/prensa.sma.gob.ar\/index.php?rest_route=\/wp\/v2\/posts\/4747","targetHints":{"allow":["GET"]}}],"collection":[{"href":"https:\/\/prensa.sma.gob.ar\/index.php?rest_route=\/wp\/v2\/posts"}],"about":[{"href":"https:\/\/prensa.sma.gob.ar\/index.php?rest_route=\/wp\/v2\/types\/post"}],"author":[{"embeddable":true,"href":"https:\/\/prensa.sma.gob.ar\/index.php?rest_route=\/wp\/v2\/users\/2"}],"replies":[{"embeddable":true,"href":"https:\/\/prensa.sma.gob.ar\/index.php?rest_route=%2Fwp%2Fv2%2Fcomments&post=4747"}],"version-history":[{"count":4,"href":"https:\/\/prensa.sma.gob.ar\/index.php?rest_route=\/wp\/v2\/posts\/4747\/revisions"}],"predecessor-version":[{"id":4797,"href":"https:\/\/prensa.sma.gob.ar\/index.php?rest_route=\/wp\/v2\/posts\/4747\/revisions\/4797"}],"wp:featuredmedia":[{"embeddable":true,"href":"https:\/\/prensa.sma.gob.ar\/index.php?rest_route=\/wp\/v2\/media\/4753"}],"wp:attachment":[{"href":"https:\/\/prensa.sma.gob.ar\/index.php?rest_route=%2Fwp%2Fv2%2Fmedia&parent=4747"}],"wp:term":[{"taxonomy":"category","embeddable":true,"href":"https:\/\/prensa.sma.gob.ar\/index.php?rest_route=%2Fwp%2Fv2%2Fcategories&post=4747"},{"taxonomy":"post_tag","embeddable":true,"href":"https:\/\/prensa.sma.gob.ar\/index.php?rest_route=%2Fwp%2Fv2%2Ftags&post=4747"}],"curies":[{"name":"wp","href":"https:\/\/api.w.org\/{rel}","templated":true}]}}