{"id":4759,"date":"2025-01-08T00:38:37","date_gmt":"2025-01-08T00:38:37","guid":{"rendered":"https:\/\/prensa.sma.gob.ar\/?p=4759"},"modified":"2025-01-08T00:40:14","modified_gmt":"2025-01-08T00:40:14","slug":"se-cumplio-la-travesia-nautica-binacional-para-unir-la-region-de-los-rios-y-san-martin-de-los-andes","status":"publish","type":"post","link":"https:\/\/prensa.sma.gob.ar\/?p=4759","title":{"rendered":"Se cumpli\u00f3 la Traves\u00eda N\u00e1utica Binacional entre la Regi\u00f3n de Los R\u00edos y San Mart\u00edn de los Andes"},"content":{"rendered":"\n<p>La Regi\u00f3n de Los R\u00edos y San Mart\u00edn de los Andes dieron un nuevo paso en su integraci\u00f3n binacional con la realizaci\u00f3n de la Traves\u00eda N\u00e1utica Binacional \u201cKayaking Adventure\u201d, un hito que refuerza los lazos hist\u00f3ricos y culturales entre ambos territorios de Chile y Argentina.<\/p>\n\n\n\n<p>La traves\u00eda, que comenz\u00f3 el 3 de enero en el Lago Pirihueico, concluy\u00f3 este martes en la Costanera de San Mart\u00edn de los Andes, con el arribo de Erwin Mart\u00ednez, Ricardo Valerio, Ronald G\u00f3mez y Andr\u00e9s Contreras, a quienes se sum\u00f3 Crist\u00f3bal Coronado, coordinador de log\u00edstica del grupo que acompa\u00f1\u00f3 en kayak y por tierra la traves\u00eda.<\/p>\n\n\n\n<figure class=\"wp-block-gallery has-nested-images columns-default is-cropped wp-block-gallery-1 is-layout-flex wp-block-gallery-is-layout-flex\">\n<figure class=\"wp-block-image size-large\"><img loading=\"lazy\" decoding=\"async\" width=\"1024\" height=\"682\" data-id=\"4760\" src=\"https:\/\/prensa.sma.gob.ar\/wp-content\/uploads\/2025\/01\/WhatsApp-Image-2025-01-07-at-12.43.07-1024x682.jpeg\" alt=\"\" class=\"wp-image-4760\" srcset=\"https:\/\/prensa.sma.gob.ar\/wp-content\/uploads\/2025\/01\/WhatsApp-Image-2025-01-07-at-12.43.07-1024x682.jpeg 1024w, https:\/\/prensa.sma.gob.ar\/wp-content\/uploads\/2025\/01\/WhatsApp-Image-2025-01-07-at-12.43.07-300x200.jpeg 300w, https:\/\/prensa.sma.gob.ar\/wp-content\/uploads\/2025\/01\/WhatsApp-Image-2025-01-07-at-12.43.07-768x512.jpeg 768w, https:\/\/prensa.sma.gob.ar\/wp-content\/uploads\/2025\/01\/WhatsApp-Image-2025-01-07-at-12.43.07-1536x1023.jpeg 1536w, https:\/\/prensa.sma.gob.ar\/wp-content\/uploads\/2025\/01\/WhatsApp-Image-2025-01-07-at-12.43.07-630x420.jpeg 630w, https:\/\/prensa.sma.gob.ar\/wp-content\/uploads\/2025\/01\/WhatsApp-Image-2025-01-07-at-12.43.07-696x464.jpeg 696w, https:\/\/prensa.sma.gob.ar\/wp-content\/uploads\/2025\/01\/WhatsApp-Image-2025-01-07-at-12.43.07-1068x712.jpeg 1068w, https:\/\/prensa.sma.gob.ar\/wp-content\/uploads\/2025\/01\/WhatsApp-Image-2025-01-07-at-12.43.07.jpeg 1600w\" sizes=\"auto, (max-width: 1024px) 100vw, 1024px\" \/><\/figure>\n\n\n\n<figure class=\"wp-block-image size-large\"><img loading=\"lazy\" decoding=\"async\" width=\"1024\" height=\"585\" data-id=\"4762\" src=\"https:\/\/prensa.sma.gob.ar\/wp-content\/uploads\/2025\/01\/WhatsApp-Image-2025-01-07-at-12.43.06-1-1024x585.jpeg\" alt=\"\" class=\"wp-image-4762\" srcset=\"https:\/\/prensa.sma.gob.ar\/wp-content\/uploads\/2025\/01\/WhatsApp-Image-2025-01-07-at-12.43.06-1-1024x585.jpeg 1024w, https:\/\/prensa.sma.gob.ar\/wp-content\/uploads\/2025\/01\/WhatsApp-Image-2025-01-07-at-12.43.06-1-300x171.jpeg 300w, https:\/\/prensa.sma.gob.ar\/wp-content\/uploads\/2025\/01\/WhatsApp-Image-2025-01-07-at-12.43.06-1-768x439.jpeg 768w, https:\/\/prensa.sma.gob.ar\/wp-content\/uploads\/2025\/01\/WhatsApp-Image-2025-01-07-at-12.43.06-1-1536x877.jpeg 1536w, https:\/\/prensa.sma.gob.ar\/wp-content\/uploads\/2025\/01\/WhatsApp-Image-2025-01-07-at-12.43.06-1-735x420.jpeg 735w, https:\/\/prensa.sma.gob.ar\/wp-content\/uploads\/2025\/01\/WhatsApp-Image-2025-01-07-at-12.43.06-1-696x398.jpeg 696w, https:\/\/prensa.sma.gob.ar\/wp-content\/uploads\/2025\/01\/WhatsApp-Image-2025-01-07-at-12.43.06-1-1068x610.jpeg 1068w, https:\/\/prensa.sma.gob.ar\/wp-content\/uploads\/2025\/01\/WhatsApp-Image-2025-01-07-at-12.43.06-1.jpeg 1600w\" sizes=\"auto, (max-width: 1024px) 100vw, 1024px\" \/><\/figure>\n\n\n\n<figure class=\"wp-block-image size-large\"><img loading=\"lazy\" decoding=\"async\" width=\"1024\" height=\"576\" data-id=\"4763\" src=\"https:\/\/prensa.sma.gob.ar\/wp-content\/uploads\/2025\/01\/WhatsApp-Image-2025-01-07-at-12.43.06-1024x576.jpeg\" alt=\"\" class=\"wp-image-4763\" srcset=\"https:\/\/prensa.sma.gob.ar\/wp-content\/uploads\/2025\/01\/WhatsApp-Image-2025-01-07-at-12.43.06-1024x576.jpeg 1024w, https:\/\/prensa.sma.gob.ar\/wp-content\/uploads\/2025\/01\/WhatsApp-Image-2025-01-07-at-12.43.06-300x169.jpeg 300w, https:\/\/prensa.sma.gob.ar\/wp-content\/uploads\/2025\/01\/WhatsApp-Image-2025-01-07-at-12.43.06-768x432.jpeg 768w, https:\/\/prensa.sma.gob.ar\/wp-content\/uploads\/2025\/01\/WhatsApp-Image-2025-01-07-at-12.43.06-1536x864.jpeg 1536w, https:\/\/prensa.sma.gob.ar\/wp-content\/uploads\/2025\/01\/WhatsApp-Image-2025-01-07-at-12.43.06-747x420.jpeg 747w, https:\/\/prensa.sma.gob.ar\/wp-content\/uploads\/2025\/01\/WhatsApp-Image-2025-01-07-at-12.43.06-696x392.jpeg 696w, https:\/\/prensa.sma.gob.ar\/wp-content\/uploads\/2025\/01\/WhatsApp-Image-2025-01-07-at-12.43.06-1068x601.jpeg 1068w, https:\/\/prensa.sma.gob.ar\/wp-content\/uploads\/2025\/01\/WhatsApp-Image-2025-01-07-at-12.43.06.jpeg 1600w\" sizes=\"auto, (max-width: 1024px) 100vw, 1024px\" \/><\/figure>\n<\/figure>\n\n\n\n<p>El grupo fue recibido por el secretario de Gobierno del Municipio de San Mart\u00edn de los Andes, Federico Vita; el secretario de Turismo, Alejandro Apaolaza; y el subsecretario de Deportes, Fernando M\u00e9ndez.<\/p>\n\n\n\n<p>La traves\u00eda fue organizada por Entre Lengas, una Organizaci\u00f3n No Gubernamental (ONG), sin fines de lucro, fundada en 2017 en la Regi\u00f3n de Los R\u00edos, Chile, que promueve la pr\u00e1ctica de actividades al aire libre y una convivencia respetuosa con la naturaleza, con educaci\u00f3n ambiental, capacitaci\u00f3n y entrega de becas para estudiantes.<\/p>\n\n\n\n<figure class=\"wp-block-gallery has-nested-images columns-default is-cropped wp-block-gallery-2 is-layout-flex wp-block-gallery-is-layout-flex\">\n<figure class=\"wp-block-image size-large\"><img loading=\"lazy\" decoding=\"async\" width=\"1024\" height=\"622\" data-id=\"4773\" src=\"https:\/\/prensa.sma.gob.ar\/wp-content\/uploads\/2025\/01\/WhatsApp-Image-2025-01-07-at-12.43.02-1-1024x622.jpeg\" alt=\"\" class=\"wp-image-4773\" srcset=\"https:\/\/prensa.sma.gob.ar\/wp-content\/uploads\/2025\/01\/WhatsApp-Image-2025-01-07-at-12.43.02-1-1024x622.jpeg 1024w, https:\/\/prensa.sma.gob.ar\/wp-content\/uploads\/2025\/01\/WhatsApp-Image-2025-01-07-at-12.43.02-1-300x182.jpeg 300w, https:\/\/prensa.sma.gob.ar\/wp-content\/uploads\/2025\/01\/WhatsApp-Image-2025-01-07-at-12.43.02-1-768x467.jpeg 768w, https:\/\/prensa.sma.gob.ar\/wp-content\/uploads\/2025\/01\/WhatsApp-Image-2025-01-07-at-12.43.02-1-1536x933.jpeg 1536w, https:\/\/prensa.sma.gob.ar\/wp-content\/uploads\/2025\/01\/WhatsApp-Image-2025-01-07-at-12.43.02-1-691x420.jpeg 691w, https:\/\/prensa.sma.gob.ar\/wp-content\/uploads\/2025\/01\/WhatsApp-Image-2025-01-07-at-12.43.02-1-696x423.jpeg 696w, https:\/\/prensa.sma.gob.ar\/wp-content\/uploads\/2025\/01\/WhatsApp-Image-2025-01-07-at-12.43.02-1-1068x649.jpeg 1068w, https:\/\/prensa.sma.gob.ar\/wp-content\/uploads\/2025\/01\/WhatsApp-Image-2025-01-07-at-12.43.02-1.jpeg 1600w\" sizes=\"auto, (max-width: 1024px) 100vw, 1024px\" \/><\/figure>\n\n\n\n<figure class=\"wp-block-image size-large\"><img loading=\"lazy\" decoding=\"async\" width=\"1024\" height=\"541\" data-id=\"4775\" src=\"https:\/\/prensa.sma.gob.ar\/wp-content\/uploads\/2025\/01\/WhatsApp-Image-2025-01-07-at-12.43.01-1-1024x541.jpeg\" alt=\"\" class=\"wp-image-4775\" srcset=\"https:\/\/prensa.sma.gob.ar\/wp-content\/uploads\/2025\/01\/WhatsApp-Image-2025-01-07-at-12.43.01-1-1024x541.jpeg 1024w, https:\/\/prensa.sma.gob.ar\/wp-content\/uploads\/2025\/01\/WhatsApp-Image-2025-01-07-at-12.43.01-1-300x159.jpeg 300w, https:\/\/prensa.sma.gob.ar\/wp-content\/uploads\/2025\/01\/WhatsApp-Image-2025-01-07-at-12.43.01-1-768x406.jpeg 768w, https:\/\/prensa.sma.gob.ar\/wp-content\/uploads\/2025\/01\/WhatsApp-Image-2025-01-07-at-12.43.01-1-1536x812.jpeg 1536w, https:\/\/prensa.sma.gob.ar\/wp-content\/uploads\/2025\/01\/WhatsApp-Image-2025-01-07-at-12.43.01-1-794x420.jpeg 794w, https:\/\/prensa.sma.gob.ar\/wp-content\/uploads\/2025\/01\/WhatsApp-Image-2025-01-07-at-12.43.01-1-696x368.jpeg 696w, https:\/\/prensa.sma.gob.ar\/wp-content\/uploads\/2025\/01\/WhatsApp-Image-2025-01-07-at-12.43.01-1-1068x565.jpeg 1068w, https:\/\/prensa.sma.gob.ar\/wp-content\/uploads\/2025\/01\/WhatsApp-Image-2025-01-07-at-12.43.01-1.jpeg 1600w\" sizes=\"auto, (max-width: 1024px) 100vw, 1024px\" \/><\/figure>\n\n\n\n<figure class=\"wp-block-image size-large\"><img loading=\"lazy\" decoding=\"async\" width=\"1024\" height=\"576\" data-id=\"4774\" src=\"https:\/\/prensa.sma.gob.ar\/wp-content\/uploads\/2025\/01\/WhatsApp-Image-2025-01-07-at-12.43.02-1024x576.jpeg\" alt=\"\" class=\"wp-image-4774\" srcset=\"https:\/\/prensa.sma.gob.ar\/wp-content\/uploads\/2025\/01\/WhatsApp-Image-2025-01-07-at-12.43.02-1024x576.jpeg 1024w, https:\/\/prensa.sma.gob.ar\/wp-content\/uploads\/2025\/01\/WhatsApp-Image-2025-01-07-at-12.43.02-300x169.jpeg 300w, https:\/\/prensa.sma.gob.ar\/wp-content\/uploads\/2025\/01\/WhatsApp-Image-2025-01-07-at-12.43.02-768x432.jpeg 768w, https:\/\/prensa.sma.gob.ar\/wp-content\/uploads\/2025\/01\/WhatsApp-Image-2025-01-07-at-12.43.02-1536x864.jpeg 1536w, https:\/\/prensa.sma.gob.ar\/wp-content\/uploads\/2025\/01\/WhatsApp-Image-2025-01-07-at-12.43.02-747x420.jpeg 747w, https:\/\/prensa.sma.gob.ar\/wp-content\/uploads\/2025\/01\/WhatsApp-Image-2025-01-07-at-12.43.02-696x392.jpeg 696w, https:\/\/prensa.sma.gob.ar\/wp-content\/uploads\/2025\/01\/WhatsApp-Image-2025-01-07-at-12.43.02-1068x601.jpeg 1068w, https:\/\/prensa.sma.gob.ar\/wp-content\/uploads\/2025\/01\/WhatsApp-Image-2025-01-07-at-12.43.02.jpeg 1600w\" sizes=\"auto, (max-width: 1024px) 100vw, 1024px\" \/><\/figure>\n<\/figure>\n\n\n\n<p>La traves\u00eda recorre lagos y lagunas que hist\u00f3ricamente han servido como rutas de conexi\u00f3n entre Chile y Argentina. El itinerario incluy\u00f3 la navegaci\u00f3n por los lagos Nonthue y L\u00e1car. Para este mi\u00e9rcoles est\u00e1 previsto un recorrido cultural por San Mart\u00edn de los Andes y, ma\u00f1ana jueves, un trekking por el Paso Lilpella.<\/p>\n\n\n\n<p>Los kayakistas y los funcionarios municipales coincidieron en que esta iniciativa es parte de los esfuerzos por consolidar el corredor binacional como un espacio de cooperaci\u00f3n, destacando el potencial tur\u00edstico y econ\u00f3mico de la regi\u00f3n y revalorizando una vieja ruta comercial lacustre que uni\u00f3 a antiguos habitantes de la regi\u00f3n. El lema de esta experiencia fue, precisamente, Aguas con historia.<\/p>\n\n\n\n<figure class=\"wp-block-gallery has-nested-images columns-default is-cropped wp-block-gallery-3 is-layout-flex wp-block-gallery-is-layout-flex\">\n<figure class=\"wp-block-image size-large\"><img loading=\"lazy\" decoding=\"async\" width=\"1024\" height=\"576\" data-id=\"4772\" src=\"https:\/\/prensa.sma.gob.ar\/wp-content\/uploads\/2025\/01\/WhatsApp-Image-2025-01-07-at-12.43.02-2-1024x576.jpeg\" alt=\"\" class=\"wp-image-4772\" srcset=\"https:\/\/prensa.sma.gob.ar\/wp-content\/uploads\/2025\/01\/WhatsApp-Image-2025-01-07-at-12.43.02-2-1024x576.jpeg 1024w, https:\/\/prensa.sma.gob.ar\/wp-content\/uploads\/2025\/01\/WhatsApp-Image-2025-01-07-at-12.43.02-2-300x169.jpeg 300w, https:\/\/prensa.sma.gob.ar\/wp-content\/uploads\/2025\/01\/WhatsApp-Image-2025-01-07-at-12.43.02-2-768x432.jpeg 768w, https:\/\/prensa.sma.gob.ar\/wp-content\/uploads\/2025\/01\/WhatsApp-Image-2025-01-07-at-12.43.02-2-1536x864.jpeg 1536w, https:\/\/prensa.sma.gob.ar\/wp-content\/uploads\/2025\/01\/WhatsApp-Image-2025-01-07-at-12.43.02-2-747x420.jpeg 747w, https:\/\/prensa.sma.gob.ar\/wp-content\/uploads\/2025\/01\/WhatsApp-Image-2025-01-07-at-12.43.02-2-696x392.jpeg 696w, https:\/\/prensa.sma.gob.ar\/wp-content\/uploads\/2025\/01\/WhatsApp-Image-2025-01-07-at-12.43.02-2-1068x601.jpeg 1068w, https:\/\/prensa.sma.gob.ar\/wp-content\/uploads\/2025\/01\/WhatsApp-Image-2025-01-07-at-12.43.02-2.jpeg 1600w\" sizes=\"auto, (max-width: 1024px) 100vw, 1024px\" \/><\/figure>\n\n\n\n<figure class=\"wp-block-image size-large\"><img loading=\"lazy\" decoding=\"async\" width=\"1024\" height=\"541\" data-id=\"4771\" src=\"https:\/\/prensa.sma.gob.ar\/wp-content\/uploads\/2025\/01\/WhatsApp-Image-2025-01-07-at-12.43.03-1024x541.jpeg\" alt=\"\" class=\"wp-image-4771\" srcset=\"https:\/\/prensa.sma.gob.ar\/wp-content\/uploads\/2025\/01\/WhatsApp-Image-2025-01-07-at-12.43.03-1024x541.jpeg 1024w, https:\/\/prensa.sma.gob.ar\/wp-content\/uploads\/2025\/01\/WhatsApp-Image-2025-01-07-at-12.43.03-300x159.jpeg 300w, https:\/\/prensa.sma.gob.ar\/wp-content\/uploads\/2025\/01\/WhatsApp-Image-2025-01-07-at-12.43.03-768x406.jpeg 768w, https:\/\/prensa.sma.gob.ar\/wp-content\/uploads\/2025\/01\/WhatsApp-Image-2025-01-07-at-12.43.03-1536x812.jpeg 1536w, https:\/\/prensa.sma.gob.ar\/wp-content\/uploads\/2025\/01\/WhatsApp-Image-2025-01-07-at-12.43.03-794x420.jpeg 794w, https:\/\/prensa.sma.gob.ar\/wp-content\/uploads\/2025\/01\/WhatsApp-Image-2025-01-07-at-12.43.03-696x368.jpeg 696w, https:\/\/prensa.sma.gob.ar\/wp-content\/uploads\/2025\/01\/WhatsApp-Image-2025-01-07-at-12.43.03-1068x565.jpeg 1068w, https:\/\/prensa.sma.gob.ar\/wp-content\/uploads\/2025\/01\/WhatsApp-Image-2025-01-07-at-12.43.03.jpeg 1600w\" sizes=\"auto, (max-width: 1024px) 100vw, 1024px\" \/><\/figure>\n\n\n\n<figure class=\"wp-block-image size-large\"><img loading=\"lazy\" decoding=\"async\" width=\"1024\" height=\"576\" data-id=\"4770\" src=\"https:\/\/prensa.sma.gob.ar\/wp-content\/uploads\/2025\/01\/WhatsApp-Image-2025-01-07-at-12.43.03-1-1024x576.jpeg\" alt=\"\" class=\"wp-image-4770\" srcset=\"https:\/\/prensa.sma.gob.ar\/wp-content\/uploads\/2025\/01\/WhatsApp-Image-2025-01-07-at-12.43.03-1-1024x576.jpeg 1024w, https:\/\/prensa.sma.gob.ar\/wp-content\/uploads\/2025\/01\/WhatsApp-Image-2025-01-07-at-12.43.03-1-300x169.jpeg 300w, https:\/\/prensa.sma.gob.ar\/wp-content\/uploads\/2025\/01\/WhatsApp-Image-2025-01-07-at-12.43.03-1-768x432.jpeg 768w, https:\/\/prensa.sma.gob.ar\/wp-content\/uploads\/2025\/01\/WhatsApp-Image-2025-01-07-at-12.43.03-1-1536x864.jpeg 1536w, https:\/\/prensa.sma.gob.ar\/wp-content\/uploads\/2025\/01\/WhatsApp-Image-2025-01-07-at-12.43.03-1-747x420.jpeg 747w, https:\/\/prensa.sma.gob.ar\/wp-content\/uploads\/2025\/01\/WhatsApp-Image-2025-01-07-at-12.43.03-1-696x392.jpeg 696w, https:\/\/prensa.sma.gob.ar\/wp-content\/uploads\/2025\/01\/WhatsApp-Image-2025-01-07-at-12.43.03-1-1068x601.jpeg 1068w, https:\/\/prensa.sma.gob.ar\/wp-content\/uploads\/2025\/01\/WhatsApp-Image-2025-01-07-at-12.43.03-1.jpeg 1600w\" sizes=\"auto, (max-width: 1024px) 100vw, 1024px\" \/><\/figure>\n\n\n\n<figure class=\"wp-block-image size-large\"><img loading=\"lazy\" decoding=\"async\" width=\"1024\" height=\"576\" data-id=\"4768\" src=\"https:\/\/prensa.sma.gob.ar\/wp-content\/uploads\/2025\/01\/WhatsApp-Image-2025-01-07-at-12.43.04-1024x576.jpeg\" alt=\"\" class=\"wp-image-4768\" srcset=\"https:\/\/prensa.sma.gob.ar\/wp-content\/uploads\/2025\/01\/WhatsApp-Image-2025-01-07-at-12.43.04-1024x576.jpeg 1024w, https:\/\/prensa.sma.gob.ar\/wp-content\/uploads\/2025\/01\/WhatsApp-Image-2025-01-07-at-12.43.04-300x169.jpeg 300w, https:\/\/prensa.sma.gob.ar\/wp-content\/uploads\/2025\/01\/WhatsApp-Image-2025-01-07-at-12.43.04-768x432.jpeg 768w, https:\/\/prensa.sma.gob.ar\/wp-content\/uploads\/2025\/01\/WhatsApp-Image-2025-01-07-at-12.43.04-1536x864.jpeg 1536w, https:\/\/prensa.sma.gob.ar\/wp-content\/uploads\/2025\/01\/WhatsApp-Image-2025-01-07-at-12.43.04-747x420.jpeg 747w, https:\/\/prensa.sma.gob.ar\/wp-content\/uploads\/2025\/01\/WhatsApp-Image-2025-01-07-at-12.43.04-696x392.jpeg 696w, https:\/\/prensa.sma.gob.ar\/wp-content\/uploads\/2025\/01\/WhatsApp-Image-2025-01-07-at-12.43.04-1068x601.jpeg 1068w, https:\/\/prensa.sma.gob.ar\/wp-content\/uploads\/2025\/01\/WhatsApp-Image-2025-01-07-at-12.43.04.jpeg 1600w\" sizes=\"auto, (max-width: 1024px) 100vw, 1024px\" \/><\/figure>\n\n\n\n<figure class=\"wp-block-image size-large\"><img loading=\"lazy\" decoding=\"async\" width=\"1024\" height=\"589\" data-id=\"4767\" src=\"https:\/\/prensa.sma.gob.ar\/wp-content\/uploads\/2025\/01\/WhatsApp-Image-2025-01-07-at-12.43.04-1-1024x589.jpeg\" alt=\"\" class=\"wp-image-4767\" srcset=\"https:\/\/prensa.sma.gob.ar\/wp-content\/uploads\/2025\/01\/WhatsApp-Image-2025-01-07-at-12.43.04-1-1024x589.jpeg 1024w, https:\/\/prensa.sma.gob.ar\/wp-content\/uploads\/2025\/01\/WhatsApp-Image-2025-01-07-at-12.43.04-1-300x173.jpeg 300w, https:\/\/prensa.sma.gob.ar\/wp-content\/uploads\/2025\/01\/WhatsApp-Image-2025-01-07-at-12.43.04-1-768x442.jpeg 768w, https:\/\/prensa.sma.gob.ar\/wp-content\/uploads\/2025\/01\/WhatsApp-Image-2025-01-07-at-12.43.04-1-1536x883.jpeg 1536w, https:\/\/prensa.sma.gob.ar\/wp-content\/uploads\/2025\/01\/WhatsApp-Image-2025-01-07-at-12.43.04-1-730x420.jpeg 730w, https:\/\/prensa.sma.gob.ar\/wp-content\/uploads\/2025\/01\/WhatsApp-Image-2025-01-07-at-12.43.04-1-696x400.jpeg 696w, https:\/\/prensa.sma.gob.ar\/wp-content\/uploads\/2025\/01\/WhatsApp-Image-2025-01-07-at-12.43.04-1-1068x614.jpeg 1068w, https:\/\/prensa.sma.gob.ar\/wp-content\/uploads\/2025\/01\/WhatsApp-Image-2025-01-07-at-12.43.04-1.jpeg 1600w\" sizes=\"auto, (max-width: 1024px) 100vw, 1024px\" \/><\/figure>\n\n\n\n<figure class=\"wp-block-image size-large\"><img loading=\"lazy\" decoding=\"async\" width=\"1024\" height=\"599\" data-id=\"4766\" src=\"https:\/\/prensa.sma.gob.ar\/wp-content\/uploads\/2025\/01\/WhatsApp-Image-2025-01-07-at-12.43.05-1024x599.jpeg\" alt=\"\" class=\"wp-image-4766\" srcset=\"https:\/\/prensa.sma.gob.ar\/wp-content\/uploads\/2025\/01\/WhatsApp-Image-2025-01-07-at-12.43.05-1024x599.jpeg 1024w, https:\/\/prensa.sma.gob.ar\/wp-content\/uploads\/2025\/01\/WhatsApp-Image-2025-01-07-at-12.43.05-300x176.jpeg 300w, https:\/\/prensa.sma.gob.ar\/wp-content\/uploads\/2025\/01\/WhatsApp-Image-2025-01-07-at-12.43.05-768x449.jpeg 768w, https:\/\/prensa.sma.gob.ar\/wp-content\/uploads\/2025\/01\/WhatsApp-Image-2025-01-07-at-12.43.05-1536x899.jpeg 1536w, https:\/\/prensa.sma.gob.ar\/wp-content\/uploads\/2025\/01\/WhatsApp-Image-2025-01-07-at-12.43.05-718x420.jpeg 718w, https:\/\/prensa.sma.gob.ar\/wp-content\/uploads\/2025\/01\/WhatsApp-Image-2025-01-07-at-12.43.05-696x407.jpeg 696w, https:\/\/prensa.sma.gob.ar\/wp-content\/uploads\/2025\/01\/WhatsApp-Image-2025-01-07-at-12.43.05-1068x625.jpeg 1068w, https:\/\/prensa.sma.gob.ar\/wp-content\/uploads\/2025\/01\/WhatsApp-Image-2025-01-07-at-12.43.05.jpeg 1600w\" sizes=\"auto, (max-width: 1024px) 100vw, 1024px\" \/><\/figure>\n\n\n\n<figure class=\"wp-block-image size-large\"><img loading=\"lazy\" decoding=\"async\" width=\"1024\" height=\"576\" data-id=\"4765\" src=\"https:\/\/prensa.sma.gob.ar\/wp-content\/uploads\/2025\/01\/WhatsApp-Image-2025-01-07-at-12.43.05-1-1024x576.jpeg\" alt=\"\" class=\"wp-image-4765\" srcset=\"https:\/\/prensa.sma.gob.ar\/wp-content\/uploads\/2025\/01\/WhatsApp-Image-2025-01-07-at-12.43.05-1-1024x576.jpeg 1024w, https:\/\/prensa.sma.gob.ar\/wp-content\/uploads\/2025\/01\/WhatsApp-Image-2025-01-07-at-12.43.05-1-300x169.jpeg 300w, https:\/\/prensa.sma.gob.ar\/wp-content\/uploads\/2025\/01\/WhatsApp-Image-2025-01-07-at-12.43.05-1-768x432.jpeg 768w, https:\/\/prensa.sma.gob.ar\/wp-content\/uploads\/2025\/01\/WhatsApp-Image-2025-01-07-at-12.43.05-1-1536x864.jpeg 1536w, https:\/\/prensa.sma.gob.ar\/wp-content\/uploads\/2025\/01\/WhatsApp-Image-2025-01-07-at-12.43.05-1-747x420.jpeg 747w, https:\/\/prensa.sma.gob.ar\/wp-content\/uploads\/2025\/01\/WhatsApp-Image-2025-01-07-at-12.43.05-1-696x392.jpeg 696w, https:\/\/prensa.sma.gob.ar\/wp-content\/uploads\/2025\/01\/WhatsApp-Image-2025-01-07-at-12.43.05-1-1068x601.jpeg 1068w, https:\/\/prensa.sma.gob.ar\/wp-content\/uploads\/2025\/01\/WhatsApp-Image-2025-01-07-at-12.43.05-1.jpeg 1600w\" sizes=\"auto, (max-width: 1024px) 100vw, 1024px\" \/><\/figure>\n\n\n\n<figure class=\"wp-block-image size-large\"><img loading=\"lazy\" decoding=\"async\" width=\"1024\" height=\"588\" data-id=\"4764\" src=\"https:\/\/prensa.sma.gob.ar\/wp-content\/uploads\/2025\/01\/WhatsApp-Image-2025-01-07-at-12.43.05-2-1024x588.jpeg\" alt=\"\" class=\"wp-image-4764\" srcset=\"https:\/\/prensa.sma.gob.ar\/wp-content\/uploads\/2025\/01\/WhatsApp-Image-2025-01-07-at-12.43.05-2-1024x588.jpeg 1024w, https:\/\/prensa.sma.gob.ar\/wp-content\/uploads\/2025\/01\/WhatsApp-Image-2025-01-07-at-12.43.05-2-300x172.jpeg 300w, https:\/\/prensa.sma.gob.ar\/wp-content\/uploads\/2025\/01\/WhatsApp-Image-2025-01-07-at-12.43.05-2-768x441.jpeg 768w, https:\/\/prensa.sma.gob.ar\/wp-content\/uploads\/2025\/01\/WhatsApp-Image-2025-01-07-at-12.43.05-2-1536x881.jpeg 1536w, https:\/\/prensa.sma.gob.ar\/wp-content\/uploads\/2025\/01\/WhatsApp-Image-2025-01-07-at-12.43.05-2-732x420.jpeg 732w, https:\/\/prensa.sma.gob.ar\/wp-content\/uploads\/2025\/01\/WhatsApp-Image-2025-01-07-at-12.43.05-2-696x399.jpeg 696w, https:\/\/prensa.sma.gob.ar\/wp-content\/uploads\/2025\/01\/WhatsApp-Image-2025-01-07-at-12.43.05-2-1068x613.jpeg 1068w, https:\/\/prensa.sma.gob.ar\/wp-content\/uploads\/2025\/01\/WhatsApp-Image-2025-01-07-at-12.43.05-2.jpeg 1600w\" sizes=\"auto, (max-width: 1024px) 100vw, 1024px\" \/><\/figure>\n\n\n\n<figure class=\"wp-block-image size-large\"><img loading=\"lazy\" decoding=\"async\" width=\"1024\" height=\"621\" data-id=\"4761\" src=\"https:\/\/prensa.sma.gob.ar\/wp-content\/uploads\/2025\/01\/WhatsApp-Image-2025-01-07-at-12.43.06-2-1024x621.jpeg\" alt=\"\" class=\"wp-image-4761\" srcset=\"https:\/\/prensa.sma.gob.ar\/wp-content\/uploads\/2025\/01\/WhatsApp-Image-2025-01-07-at-12.43.06-2-1024x621.jpeg 1024w, https:\/\/prensa.sma.gob.ar\/wp-content\/uploads\/2025\/01\/WhatsApp-Image-2025-01-07-at-12.43.06-2-300x182.jpeg 300w, https:\/\/prensa.sma.gob.ar\/wp-content\/uploads\/2025\/01\/WhatsApp-Image-2025-01-07-at-12.43.06-2-768x466.jpeg 768w, https:\/\/prensa.sma.gob.ar\/wp-content\/uploads\/2025\/01\/WhatsApp-Image-2025-01-07-at-12.43.06-2-1536x931.jpeg 1536w, https:\/\/prensa.sma.gob.ar\/wp-content\/uploads\/2025\/01\/WhatsApp-Image-2025-01-07-at-12.43.06-2-693x420.jpeg 693w, https:\/\/prensa.sma.gob.ar\/wp-content\/uploads\/2025\/01\/WhatsApp-Image-2025-01-07-at-12.43.06-2-696x422.jpeg 696w, https:\/\/prensa.sma.gob.ar\/wp-content\/uploads\/2025\/01\/WhatsApp-Image-2025-01-07-at-12.43.06-2-1068x647.jpeg 1068w, https:\/\/prensa.sma.gob.ar\/wp-content\/uploads\/2025\/01\/WhatsApp-Image-2025-01-07-at-12.43.06-2.jpeg 1600w\" sizes=\"auto, (max-width: 1024px) 100vw, 1024px\" \/><\/figure>\n<\/figure>\n","protected":false},"excerpt":{"rendered":"<p>La Regi\u00f3n de Los R\u00edos y San Mart\u00edn de los Andes dieron un nuevo paso en su integraci\u00f3n binacional con la realizaci\u00f3n de la Traves\u00eda N\u00e1utica Binacional \u201cKayaking Adventure\u201d, un hito que refuerza los lazos hist\u00f3ricos y culturales entre ambos territorios de Chile y Argentina. La traves\u00eda, que comenz\u00f3 el 3 de enero en el [&hellip;]<\/p>\n","protected":false},"author":2,"featured_media":4776,"comment_status":"closed","ping_status":"open","sticky":false,"template":"","format":"standard","meta":{"footnotes":""},"categories":[7,16,11,14,36],"tags":[],"class_list":{"0":"post-4759","1":"post","2":"type-post","3":"status-publish","4":"format-standard","5":"has-post-thumbnail","7":"category-deportes","8":"category-destacadas","9":"category-gobierno","10":"category-noticias","11":"category-turismo"},"_links":{"self":[{"href":"https:\/\/prensa.sma.gob.ar\/index.php?rest_route=\/wp\/v2\/posts\/4759","targetHints":{"allow":["GET"]}}],"collection":[{"href":"https:\/\/prensa.sma.gob.ar\/index.php?rest_route=\/wp\/v2\/posts"}],"about":[{"href":"https:\/\/prensa.sma.gob.ar\/index.php?rest_route=\/wp\/v2\/types\/post"}],"author":[{"embeddable":true,"href":"https:\/\/prensa.sma.gob.ar\/index.php?rest_route=\/wp\/v2\/users\/2"}],"replies":[{"embeddable":true,"href":"https:\/\/prensa.sma.gob.ar\/index.php?rest_route=%2Fwp%2Fv2%2Fcomments&post=4759"}],"version-history":[{"count":2,"href":"https:\/\/prensa.sma.gob.ar\/index.php?rest_route=\/wp\/v2\/posts\/4759\/revisions"}],"predecessor-version":[{"id":4778,"href":"https:\/\/prensa.sma.gob.ar\/index.php?rest_route=\/wp\/v2\/posts\/4759\/revisions\/4778"}],"wp:featuredmedia":[{"embeddable":true,"href":"https:\/\/prensa.sma.gob.ar\/index.php?rest_route=\/wp\/v2\/media\/4776"}],"wp:attachment":[{"href":"https:\/\/prensa.sma.gob.ar\/index.php?rest_route=%2Fwp%2Fv2%2Fmedia&parent=4759"}],"wp:term":[{"taxonomy":"category","embeddable":true,"href":"https:\/\/prensa.sma.gob.ar\/index.php?rest_route=%2Fwp%2Fv2%2Fcategories&post=4759"},{"taxonomy":"post_tag","embeddable":true,"href":"https:\/\/prensa.sma.gob.ar\/index.php?rest_route=%2Fwp%2Fv2%2Ftags&post=4759"}],"curies":[{"name":"wp","href":"https:\/\/api.w.org\/{rel}","templated":true}]}}