{"id":4780,"date":"2025-01-08T14:51:52","date_gmt":"2025-01-08T14:51:52","guid":{"rendered":"https:\/\/prensa.sma.gob.ar\/?p=4780"},"modified":"2025-01-08T14:52:52","modified_gmt":"2025-01-08T14:52:52","slug":"el-intendente-saloniti-expreso-su-alegria-por-el-avance-del-gasoducto-cordillerano","status":"publish","type":"post","link":"https:\/\/prensa.sma.gob.ar\/?p=4780","title":{"rendered":"El intendente Saloniti expres\u00f3 su alegr\u00eda por el avance del Gasoducto Cordillerano"},"content":{"rendered":"\n<p>El jefe comunal celebr\u00f3 la decisi\u00f3n del Gobierno neuquino de concretar la adjudicaci\u00f3n de la primera etapa de la ampliaci\u00f3n del Gasoducto Cordillerano, con un cr\u00e9dito del Banco Provincia del Neuqu\u00e9n (BPN) de 10.000 millones de pesos para una primera etapa.<\/p>\n\n\n\n<p>Saloniti record\u00f3 que el proyecto, que avanza con un financiamiento conjunto entre las provincias de Neuqu\u00e9n y Chubut, es clave para el abastecimiento de gas natural en San Mart\u00edn de los Andes, Villa La Angostura y Jun\u00edn de los Andes.<\/p>\n\n\n\n<p>Esta semana se concretar\u00e1 la adjudicaci\u00f3n de la primera etapa de la ampliaci\u00f3n del Gasoducto a Camuzzi Gas del Sur, con un financiamiento conjunto entre las provincias de Neuqu\u00e9n y Chubut.<\/p>\n\n\n\n<p>El gobierno neuquino record\u00f3 que el proyecto beneficiar\u00e1 a 12.000 hogares, hospitales y escuelas en 25 localidades de Neuqu\u00e9n, R\u00edo Negro y Chubut y que la obra, con financiamiento conjunto de ambas provincias, incrementar\u00e1 en 300.000 metros c\u00fabicos diarios la capacidad del sistema de gas natural.<\/p>\n\n\n\n<figure class=\"wp-block-gallery has-nested-images columns-default is-cropped wp-block-gallery-1 is-layout-flex wp-block-gallery-is-layout-flex\">\n<figure class=\"wp-block-image size-large\"><img loading=\"lazy\" decoding=\"async\" width=\"992\" height=\"638\" data-id=\"4783\" src=\"https:\/\/prensa.sma.gob.ar\/wp-content\/uploads\/2025\/01\/GASODUCTO-1.webp\" alt=\"\" class=\"wp-image-4783\" srcset=\"https:\/\/prensa.sma.gob.ar\/wp-content\/uploads\/2025\/01\/GASODUCTO-1.webp 992w, https:\/\/prensa.sma.gob.ar\/wp-content\/uploads\/2025\/01\/GASODUCTO-1-300x193.webp 300w, https:\/\/prensa.sma.gob.ar\/wp-content\/uploads\/2025\/01\/GASODUCTO-1-768x494.webp 768w, https:\/\/prensa.sma.gob.ar\/wp-content\/uploads\/2025\/01\/GASODUCTO-1-653x420.webp 653w, https:\/\/prensa.sma.gob.ar\/wp-content\/uploads\/2025\/01\/GASODUCTO-1-696x448.webp 696w\" sizes=\"auto, (max-width: 992px) 100vw, 992px\" \/><\/figure>\n<\/figure>\n\n\n\n<p>El gobernador neuquino, Rolando Figueroa, quien lider\u00f3 las gestiones junto a Rub\u00e9n Etcheverry, actual ministro de Planificaci\u00f3n, Innovaci\u00f3n y Modernizaci\u00f3n, destac\u00f3 la importancia de la obra al afirmar que \u00abes prioritario para nosotros llegar con gas a toda la regi\u00f3n sur, fortaleciendo la neuquinidad a trav\u00e9s de nuestro Banco Provincia del Neuqu\u00e9n\u00bb.<\/p>\n\n\n\n<p>El Banco Provincia del Neuqu\u00e9n (BPN) otorgar\u00e1 un cr\u00e9dito de 10.000 millones de pesos para financiar esta etapa inicial. Chubut tambi\u00e9n cuenta con los fondos necesarios para el inicio de los trabajos, que incluyen:<\/p>\n\n\n\n<p>Incrementar la capacidad del gasoducto de 1.200.000 a 1.500.000 metros c\u00fabicos diarios.<\/p>\n\n\n\n<p>Instalar una nueva planta compresora en R\u00edo Senguer (Chubut).<\/p>\n\n\n\n<p>Incorporar un equipo motocompresor de respaldo en la planta compresora Gobernador Costa (Chubut).<\/p>\n\n\n\n<p>Los gobiernos de las tres provincias se\u00f1alan que, con estos avances, se eliminar\u00e1n las restricciones actuales, permitiendo abastecer con gas por redes a viviendas, hospitales, escuelas y dependencias p\u00fablicas.<\/p>\n","protected":false},"excerpt":{"rendered":"<p>El jefe comunal celebr\u00f3 la decisi\u00f3n del Gobierno neuquino de concretar la adjudicaci\u00f3n de la primera etapa de la ampliaci\u00f3n del Gasoducto Cordillerano, con un cr\u00e9dito del Banco Provincia del Neuqu\u00e9n (BPN) de 10.000 millones de pesos para una primera etapa. Saloniti record\u00f3 que el proyecto, que avanza con un financiamiento conjunto entre las provincias [&hellip;]<\/p>\n","protected":false},"author":2,"featured_media":4781,"comment_status":"closed","ping_status":"open","sticky":false,"template":"","format":"standard","meta":{"footnotes":""},"categories":[16,14,17,1],"tags":[],"class_list":{"0":"post-4780","1":"post","2":"type-post","3":"status-publish","4":"format-standard","5":"has-post-thumbnail","7":"category-destacadas","8":"category-noticias","9":"category-portada","10":"category-uncategorized"},"_links":{"self":[{"href":"https:\/\/prensa.sma.gob.ar\/index.php?rest_route=\/wp\/v2\/posts\/4780","targetHints":{"allow":["GET"]}}],"collection":[{"href":"https:\/\/prensa.sma.gob.ar\/index.php?rest_route=\/wp\/v2\/posts"}],"about":[{"href":"https:\/\/prensa.sma.gob.ar\/index.php?rest_route=\/wp\/v2\/types\/post"}],"author":[{"embeddable":true,"href":"https:\/\/prensa.sma.gob.ar\/index.php?rest_route=\/wp\/v2\/users\/2"}],"replies":[{"embeddable":true,"href":"https:\/\/prensa.sma.gob.ar\/index.php?rest_route=%2Fwp%2Fv2%2Fcomments&post=4780"}],"version-history":[{"count":1,"href":"https:\/\/prensa.sma.gob.ar\/index.php?rest_route=\/wp\/v2\/posts\/4780\/revisions"}],"predecessor-version":[{"id":4784,"href":"https:\/\/prensa.sma.gob.ar\/index.php?rest_route=\/wp\/v2\/posts\/4780\/revisions\/4784"}],"wp:featuredmedia":[{"embeddable":true,"href":"https:\/\/prensa.sma.gob.ar\/index.php?rest_route=\/wp\/v2\/media\/4781"}],"wp:attachment":[{"href":"https:\/\/prensa.sma.gob.ar\/index.php?rest_route=%2Fwp%2Fv2%2Fmedia&parent=4780"}],"wp:term":[{"taxonomy":"category","embeddable":true,"href":"https:\/\/prensa.sma.gob.ar\/index.php?rest_route=%2Fwp%2Fv2%2Fcategories&post=4780"},{"taxonomy":"post_tag","embeddable":true,"href":"https:\/\/prensa.sma.gob.ar\/index.php?rest_route=%2Fwp%2Fv2%2Ftags&post=4780"}],"curies":[{"name":"wp","href":"https:\/\/api.w.org\/{rel}","templated":true}]}}