{"id":4787,"date":"2025-01-09T00:49:47","date_gmt":"2025-01-09T00:49:47","guid":{"rendered":"https:\/\/prensa.sma.gob.ar\/?p=4787"},"modified":"2025-01-09T00:53:47","modified_gmt":"2025-01-09T00:53:47","slug":"saloniti-este-ano-habra-obras-publicas-en-la-provincia-como-nunca-se-vio","status":"publish","type":"post","link":"https:\/\/prensa.sma.gob.ar\/?p=4787","title":{"rendered":"Saloniti: \u201cEste a\u00f1o habr\u00e1 obras p\u00fablicas en la Provincia como nunca se vio\u201d"},"content":{"rendered":"\n<p>El intendente de San Mart\u00edn de los Andes, Carlos Saloniti, calific\u00f3 a la anunciada pavimentaci\u00f3n de la Ruta Provincial 63 a Meliquina como \u201cuna obra imprescindible\u201d &nbsp;para el turismo y tambi\u00e9n para los residentes de la regi\u00f3n sur de la provincia.<\/p>\n\n\n\n<p>\u201cEl turismo se fomenta mejorando la conectividad terrestre, como sucede con las (ya adjudicadas) obras de terminaci\u00f3n de la ruta a Lolog y al paso Mamuil Malal\u201d, se\u00f1al\u00f3 el jefe comunal.<\/p>\n\n\n\n<p>Manifest\u00f3 que se trata de \u201cobras que eran necesarias hace much\u00edsimos a\u00f1os\u201d y celebr\u00f3 este anuncio, realizado este mi\u00e9rcoles por el gobernador Rolando Figueroa, \u201cjunto con otra obra muy importante como es el Gasoducto Cordillerano\u201d, que tambi\u00e9n confirm\u00f3 el mandatario provincial.<\/p>\n\n\n\n<p>\u201cPoder llegar a Meliquina con asfalto desde la Ruta de los Siete Lagos no tiene dimensi\u00f3n\u201d, afirm\u00f3 Saloniti, quien asegur\u00f3 que \u201ccreo que 2025 va a ser un a\u00f1o de una revoluci\u00f3n de obras en la provincia como nunca se vio\u201d.<\/p>\n\n\n\n<p>Durante un acto que encabez\u00f3 en Villa La Angostura, el gobernador Rolando Figueroa anunci\u00f3 que el 4 de febrero se abrir\u00e1n, en San Mart\u00edn de los Andes, los sobres con las propuestas para ejecutar un tramo de 19 kil\u00f3metros, que van desde el empalme con la ruta nacional N\u00ba 40 hasta Villa Meliquina.<\/p>\n\n\n\n<p>La licitaci\u00f3n p\u00fablica N\u00ba 01\/2025 de la Unidad Provincial de Enlace y Ejecuci\u00f3n de Proyectos con Financiamiento Externo (Upefe), cuenta con un presupuesto oficial de 32.337.789.546 de pesos.<\/p>\n\n\n\n<p>Del acto participaron, adem\u00e1s del gobernador Figueroa y el intendente Saloniti, el Ministro Jefe de Gabinete, Jos\u00e9 Luis Ousset; la ministra de Desarrollo Humano, Gobiernos Locales y Mujeres, Julieta Corroza;\u00a0el ministro de Turismo, Gustavo Fern\u00e1ndez Capiet; la secretaria de Obras P\u00fablicas, Tanya Bertoldi; y la delegada de la Provincia para la Regi\u00f3n Sur, Eliana Rivera, entre otros funcionarios.<\/p>\n\n\n\n<figure class=\"wp-block-gallery has-nested-images columns-default is-cropped wp-block-gallery-1 is-layout-flex wp-block-gallery-is-layout-flex\">\n<figure class=\"wp-block-image size-large\"><img loading=\"lazy\" decoding=\"async\" width=\"1024\" height=\"645\" data-id=\"4788\" src=\"https:\/\/prensa.sma.gob.ar\/wp-content\/uploads\/2025\/01\/WhatsApp-Image-2025-01-08-at-19.35.54-1-1024x645.jpeg\" alt=\"\" class=\"wp-image-4788\" srcset=\"https:\/\/prensa.sma.gob.ar\/wp-content\/uploads\/2025\/01\/WhatsApp-Image-2025-01-08-at-19.35.54-1-1024x645.jpeg 1024w, https:\/\/prensa.sma.gob.ar\/wp-content\/uploads\/2025\/01\/WhatsApp-Image-2025-01-08-at-19.35.54-1-300x189.jpeg 300w, https:\/\/prensa.sma.gob.ar\/wp-content\/uploads\/2025\/01\/WhatsApp-Image-2025-01-08-at-19.35.54-1-768x484.jpeg 768w, https:\/\/prensa.sma.gob.ar\/wp-content\/uploads\/2025\/01\/WhatsApp-Image-2025-01-08-at-19.35.54-1-1536x968.jpeg 1536w, https:\/\/prensa.sma.gob.ar\/wp-content\/uploads\/2025\/01\/WhatsApp-Image-2025-01-08-at-19.35.54-1-667x420.jpeg 667w, https:\/\/prensa.sma.gob.ar\/wp-content\/uploads\/2025\/01\/WhatsApp-Image-2025-01-08-at-19.35.54-1-696x438.jpeg 696w, https:\/\/prensa.sma.gob.ar\/wp-content\/uploads\/2025\/01\/WhatsApp-Image-2025-01-08-at-19.35.54-1-1068x673.jpeg 1068w, https:\/\/prensa.sma.gob.ar\/wp-content\/uploads\/2025\/01\/WhatsApp-Image-2025-01-08-at-19.35.54-1.jpeg 1600w\" sizes=\"auto, (max-width: 1024px) 100vw, 1024px\" \/><\/figure>\n\n\n\n<figure class=\"wp-block-image size-large\"><img loading=\"lazy\" decoding=\"async\" width=\"1024\" height=\"877\" data-id=\"4790\" src=\"https:\/\/prensa.sma.gob.ar\/wp-content\/uploads\/2025\/01\/WhatsApp-Image-2025-01-08-at-18.01.09-1024x877.jpeg\" alt=\"\" class=\"wp-image-4790\" srcset=\"https:\/\/prensa.sma.gob.ar\/wp-content\/uploads\/2025\/01\/WhatsApp-Image-2025-01-08-at-18.01.09-1024x877.jpeg 1024w, https:\/\/prensa.sma.gob.ar\/wp-content\/uploads\/2025\/01\/WhatsApp-Image-2025-01-08-at-18.01.09-300x257.jpeg 300w, https:\/\/prensa.sma.gob.ar\/wp-content\/uploads\/2025\/01\/WhatsApp-Image-2025-01-08-at-18.01.09-768x658.jpeg 768w, https:\/\/prensa.sma.gob.ar\/wp-content\/uploads\/2025\/01\/WhatsApp-Image-2025-01-08-at-18.01.09-1536x1315.jpeg 1536w, https:\/\/prensa.sma.gob.ar\/wp-content\/uploads\/2025\/01\/WhatsApp-Image-2025-01-08-at-18.01.09-491x420.jpeg 491w, https:\/\/prensa.sma.gob.ar\/wp-content\/uploads\/2025\/01\/WhatsApp-Image-2025-01-08-at-18.01.09-696x596.jpeg 696w, https:\/\/prensa.sma.gob.ar\/wp-content\/uploads\/2025\/01\/WhatsApp-Image-2025-01-08-at-18.01.09-1068x914.jpeg 1068w, https:\/\/prensa.sma.gob.ar\/wp-content\/uploads\/2025\/01\/WhatsApp-Image-2025-01-08-at-18.01.09.jpeg 1600w\" sizes=\"auto, (max-width: 1024px) 100vw, 1024px\" \/><\/figure>\n\n\n\n<figure class=\"wp-block-image size-large\"><img loading=\"lazy\" decoding=\"async\" width=\"1024\" height=\"992\" data-id=\"4789\" src=\"https:\/\/prensa.sma.gob.ar\/wp-content\/uploads\/2025\/01\/WhatsApp-Image-2025-01-08-at-19.35.54-1024x992.jpeg\" alt=\"\" class=\"wp-image-4789\" srcset=\"https:\/\/prensa.sma.gob.ar\/wp-content\/uploads\/2025\/01\/WhatsApp-Image-2025-01-08-at-19.35.54-1024x992.jpeg 1024w, https:\/\/prensa.sma.gob.ar\/wp-content\/uploads\/2025\/01\/WhatsApp-Image-2025-01-08-at-19.35.54-300x291.jpeg 300w, https:\/\/prensa.sma.gob.ar\/wp-content\/uploads\/2025\/01\/WhatsApp-Image-2025-01-08-at-19.35.54-768x744.jpeg 768w, https:\/\/prensa.sma.gob.ar\/wp-content\/uploads\/2025\/01\/WhatsApp-Image-2025-01-08-at-19.35.54-433x420.jpeg 433w, https:\/\/prensa.sma.gob.ar\/wp-content\/uploads\/2025\/01\/WhatsApp-Image-2025-01-08-at-19.35.54-696x674.jpeg 696w, https:\/\/prensa.sma.gob.ar\/wp-content\/uploads\/2025\/01\/WhatsApp-Image-2025-01-08-at-19.35.54-1068x1035.jpeg 1068w, https:\/\/prensa.sma.gob.ar\/wp-content\/uploads\/2025\/01\/WhatsApp-Image-2025-01-08-at-19.35.54.jpeg 1125w\" sizes=\"auto, (max-width: 1024px) 100vw, 1024px\" \/><\/figure>\n<\/figure>\n\n\n\n<p><strong>\u00abPol\u00edticas de Estado para que el vecino viva bien\u00bb<\/strong><\/p>\n\n\n\n<p>El gobernador Figueroa destac\u00f3 que la obra forma parte de \u201ctoda una red de construcci\u00f3n de rutas por dem\u00e1s interesantes para el desarrollo de la regi\u00f3n Sur\u201d y asegur\u00f3 que la nueva infraestructura debe \u201cser acompa\u00f1ada de pol\u00edticas de Estado fervientes para que el vecino viva bien y tambi\u00e9n para proyectar una industria que queremos que cada vez funcione mejor, que es el turismo\u201d.<\/p>\n\n\n\n<p>\u201cEs una gran inversi\u00f3n que hace el pueblo de la provincia del Neuqu\u00e9n para poder contar con 32 millones de d\u00f3lares que va a salir esta ruta\u201d, se\u00f1al\u00f3 el gobernador y detall\u00f3 que \u201ctiene contemplada la posibilidad despu\u00e9s de agregar la electricidad, va a ir con la fibra \u00f3ptica y es necesario el cambio de un puente\u201d.<\/p>\n\n\n\n<p>El mandatario coment\u00f3 que adem\u00e1s de la publicaci\u00f3n de la licitaci\u00f3n para Meliquina, se ejecutar\u00e1n obras en el camino al lago Lolog, se est\u00e1 avanzando en la pavimentaci\u00f3n del primer tramo de la Ruta de Siete Lagos hasta Villa Traful y \u201cse est\u00e1 iniciando todo el proceso licitatorio para Mamuil Malal\u201d.<\/p>\n\n\n\n<p><strong>Se ejecutan m\u00e1s de 270 kil\u00f3metros de rutas<\/strong><\/p>\n\n\n\n<p>La secretaria de Obras P\u00fablicas, Tanya Bertoldi destac\u00f3 que la obra se har\u00e1 con fondos provinciales y se suma \u201ca los casi 270 kil\u00f3metros que estamos ejecutando\u201d. Recal\u00f3 que tambi\u00e9n se est\u00e1 trabajando con el Banco Mundial en otras obras complementarias y record\u00f3 que se firm\u00f3 un acuerdo con YPF por la ruta 7.<\/p>\n\n\n\n<p>\u201cVamos a llegar a los m\u00e1s de 580 kil\u00f3metros en este a\u00f1o 2025, que es aproximadamente el 50% de las rutas hoy pavimentadas en la provincia\u201d, manifest\u00f3 Bertoldi.<\/p>\n\n\n\n<p>Por otra parte, explic\u00f3 que \u201chay algunas particularidades de la ruta que encarecen el presupuesto del valor por kil\u00f3metro. Una es la fibra \u00f3ptica y otra es que vamos a reemplazar uno de los puentes existentes, que es de una sola mano, para hacerlo doble\u201d. Adem\u00e1s, agreg\u00f3 que \u201cestamos previendo todos los materiales y los cruces para la iluminaci\u00f3n que estamos trabajando con el Banco Mundial en paralelo\u201d.<\/p>\n\n\n\n<p>Los sobres se abrir\u00e1n el 4 de febrero, a las 11, en la municipalidad de San Mart\u00edn de los Andes, ubicada en Roca y J. M. de Rosas. La recepci\u00f3n de ofertas ser\u00e1 hasta las 11 del 3 de febrero, en la mesa de entradas de la Upefe, ubicada en Carlos H. Rodr\u00edguez 421, segundo piso, de la ciudad de Neuqu\u00e9n.<\/p>\n","protected":false},"excerpt":{"rendered":"<p>El intendente de San Mart\u00edn de los Andes, Carlos Saloniti, calific\u00f3 a la anunciada pavimentaci\u00f3n de la Ruta Provincial 63 a Meliquina como \u201cuna obra imprescindible\u201d &nbsp;para el turismo y tambi\u00e9n para los residentes de la regi\u00f3n sur de la provincia. \u201cEl turismo se fomenta mejorando la conectividad terrestre, como sucede con las (ya adjudicadas) [&hellip;]<\/p>\n","protected":false},"author":2,"featured_media":4791,"comment_status":"closed","ping_status":"open","sticky":false,"template":"","format":"standard","meta":{"footnotes":""},"categories":[16,14,19,17,36],"tags":[],"class_list":{"0":"post-4787","1":"post","2":"type-post","3":"status-publish","4":"format-standard","5":"has-post-thumbnail","7":"category-destacadas","8":"category-noticias","9":"category-obras-y-servicios-publicos","10":"category-portada","11":"category-turismo"},"_links":{"self":[{"href":"https:\/\/prensa.sma.gob.ar\/index.php?rest_route=\/wp\/v2\/posts\/4787","targetHints":{"allow":["GET"]}}],"collection":[{"href":"https:\/\/prensa.sma.gob.ar\/index.php?rest_route=\/wp\/v2\/posts"}],"about":[{"href":"https:\/\/prensa.sma.gob.ar\/index.php?rest_route=\/wp\/v2\/types\/post"}],"author":[{"embeddable":true,"href":"https:\/\/prensa.sma.gob.ar\/index.php?rest_route=\/wp\/v2\/users\/2"}],"replies":[{"embeddable":true,"href":"https:\/\/prensa.sma.gob.ar\/index.php?rest_route=%2Fwp%2Fv2%2Fcomments&post=4787"}],"version-history":[{"count":2,"href":"https:\/\/prensa.sma.gob.ar\/index.php?rest_route=\/wp\/v2\/posts\/4787\/revisions"}],"predecessor-version":[{"id":4795,"href":"https:\/\/prensa.sma.gob.ar\/index.php?rest_route=\/wp\/v2\/posts\/4787\/revisions\/4795"}],"wp:featuredmedia":[{"embeddable":true,"href":"https:\/\/prensa.sma.gob.ar\/index.php?rest_route=\/wp\/v2\/media\/4791"}],"wp:attachment":[{"href":"https:\/\/prensa.sma.gob.ar\/index.php?rest_route=%2Fwp%2Fv2%2Fmedia&parent=4787"}],"wp:term":[{"taxonomy":"category","embeddable":true,"href":"https:\/\/prensa.sma.gob.ar\/index.php?rest_route=%2Fwp%2Fv2%2Fcategories&post=4787"},{"taxonomy":"post_tag","embeddable":true,"href":"https:\/\/prensa.sma.gob.ar\/index.php?rest_route=%2Fwp%2Fv2%2Ftags&post=4787"}],"curies":[{"name":"wp","href":"https:\/\/api.w.org\/{rel}","templated":true}]}}