{"id":4798,"date":"2025-01-09T14:19:01","date_gmt":"2025-01-09T14:19:01","guid":{"rendered":"https:\/\/prensa.sma.gob.ar\/?p=4798"},"modified":"2025-01-09T14:19:02","modified_gmt":"2025-01-09T14:19:02","slug":"el-gobierno-provincial-licito-la-construccion-del-nuevo-edificio-de-la-escuela-integral-no-3","status":"publish","type":"post","link":"https:\/\/prensa.sma.gob.ar\/?p=4798","title":{"rendered":"El Gobierno provincial licit\u00f3 la construcci\u00f3n del nuevo edificio de la Escuela Integral N\u00ba 3"},"content":{"rendered":"\n<p>El Ministerio de Infraestructura de Neuqu\u00e9n oficializ\u00f3 este jueves el llamado a licitaci\u00f3n para la construcci\u00f3n del nuevo edificio de la Escuela Integral de Adolescentes y J\u00f3venes con Discapacidad N\u00ba 3 de San Mart\u00edn de los Andes.<\/p>\n\n\n\n<p>La recepci\u00f3n de ofertas se realizar\u00e1 el lunes 3 de febrero a las 11 en la Secretar\u00eda de Obras P\u00fablicas, ubicada en La Rioja N\u00ba 229, piso 12, de Neuqu\u00e9n Capital. La apertura de sobres ser\u00e1 el 4 de febrero a las 13 en la sede del Municipio de San Mart\u00edn de los Andes.<\/p>\n\n\n\n<p>La obra contempla la construcci\u00f3n de un nuevo edificio con una superficie cubierta de 1.526,50 m2, que se ajustar\u00e1 al terreno triangular existente. El edificio se estructurar\u00e1 en dos alas, en una de ellas se ubica el sector administrativo, servicios (cocina, sanitarios) y talleres, mientras que en la otra se encontrar\u00e1n las aulas de expresi\u00f3n corporal, SUM, invernadero (exterior) y huerta.<\/p>\n\n\n\n<p>Este establecimiento contar\u00e1 con paneles solares para la generaci\u00f3n de energ\u00eda el\u00e9ctrica. El Ministerio inform\u00f3, adem\u00e1s, que se crear\u00e1n las \u00e1reas pedag\u00f3gicas, de gesti\u00f3n y administraci\u00f3n, de servicio, eventuales y el exterior.<\/p>\n\n\n\n<p>La obra cuenta con un Presupuesto Oficial de pesos 3.214.745.904, a valores de octubre de 2024, y un plazo de ejecuci\u00f3n de obra de 365 d\u00edas corridos, a ejecutarse por el sistema de Ajuste Alzado por Precio Global.<\/p>\n\n\n\n<p>El 27 de diciembre pasado, el Ministerio hab\u00eda aprobado la documentaci\u00f3n t\u00e9cnico-legal elaborada por la Direcci\u00f3n Provincial de Arquitectura de la Secretar\u00eda de Obras P\u00fablicas y autoriz\u00f3 el llamado a Licitaci\u00f3n P\u00fablica para contratar la obra, que se efectiviz\u00f3 este jueves.<\/p>\n\n\n\n<p>La Resoluci\u00f3n recuerda que la obra se encuentra incluida en el plan de obras P\u00fablicas de la Provincia; que fue requerida el 28 de noviembre de 2024, por la direcci\u00f3n de la modalidad especial del Consejo de Educaci\u00f3n y el \u00e1rea de infraestructura del Ministerio; y que la Direcci\u00f3n Provincial de Arquitectura, elabor\u00f3 el proyecto y el Pliego de Bases y Condiciones.<\/p>\n","protected":false},"excerpt":{"rendered":"<p>El Ministerio de Infraestructura de Neuqu\u00e9n oficializ\u00f3 este jueves el llamado a licitaci\u00f3n para la construcci\u00f3n del nuevo edificio de la Escuela Integral de Adolescentes y J\u00f3venes con Discapacidad N\u00ba 3 de San Mart\u00edn de los Andes. La recepci\u00f3n de ofertas se realizar\u00e1 el lunes 3 de febrero a las 11 en la Secretar\u00eda de [&hellip;]<\/p>\n","protected":false},"author":2,"featured_media":4799,"comment_status":"closed","ping_status":"open","sticky":false,"template":"","format":"standard","meta":{"footnotes":""},"categories":[16,9,14,17],"tags":[],"class_list":{"0":"post-4798","1":"post","2":"type-post","3":"status-publish","4":"format-standard","5":"has-post-thumbnail","7":"category-destacadas","8":"category-educacion","9":"category-noticias","10":"category-portada"},"_links":{"self":[{"href":"https:\/\/prensa.sma.gob.ar\/index.php?rest_route=\/wp\/v2\/posts\/4798","targetHints":{"allow":["GET"]}}],"collection":[{"href":"https:\/\/prensa.sma.gob.ar\/index.php?rest_route=\/wp\/v2\/posts"}],"about":[{"href":"https:\/\/prensa.sma.gob.ar\/index.php?rest_route=\/wp\/v2\/types\/post"}],"author":[{"embeddable":true,"href":"https:\/\/prensa.sma.gob.ar\/index.php?rest_route=\/wp\/v2\/users\/2"}],"replies":[{"embeddable":true,"href":"https:\/\/prensa.sma.gob.ar\/index.php?rest_route=%2Fwp%2Fv2%2Fcomments&post=4798"}],"version-history":[{"count":1,"href":"https:\/\/prensa.sma.gob.ar\/index.php?rest_route=\/wp\/v2\/posts\/4798\/revisions"}],"predecessor-version":[{"id":4800,"href":"https:\/\/prensa.sma.gob.ar\/index.php?rest_route=\/wp\/v2\/posts\/4798\/revisions\/4800"}],"wp:featuredmedia":[{"embeddable":true,"href":"https:\/\/prensa.sma.gob.ar\/index.php?rest_route=\/wp\/v2\/media\/4799"}],"wp:attachment":[{"href":"https:\/\/prensa.sma.gob.ar\/index.php?rest_route=%2Fwp%2Fv2%2Fmedia&parent=4798"}],"wp:term":[{"taxonomy":"category","embeddable":true,"href":"https:\/\/prensa.sma.gob.ar\/index.php?rest_route=%2Fwp%2Fv2%2Fcategories&post=4798"},{"taxonomy":"post_tag","embeddable":true,"href":"https:\/\/prensa.sma.gob.ar\/index.php?rest_route=%2Fwp%2Fv2%2Ftags&post=4798"}],"curies":[{"name":"wp","href":"https:\/\/api.w.org\/{rel}","templated":true}]}}