{"id":4803,"date":"2025-01-10T04:29:07","date_gmt":"2025-01-10T04:29:07","guid":{"rendered":"https:\/\/prensa.sma.gob.ar\/?p=4803"},"modified":"2025-01-10T04:31:50","modified_gmt":"2025-01-10T04:31:50","slug":"comenzaron-las-obras-de-la-senda-peatonal-y-de-bicicletas-a-la-epet-21","status":"publish","type":"post","link":"https:\/\/prensa.sma.gob.ar\/?p=4803","title":{"rendered":"Comenzaron las obras de la senda peatonal y de bicicletas a la Epet 21"},"content":{"rendered":"\n<p>Casi 500 metros de senda peatonal y para bicicletas comenzaron a construirse esta semana, como parte de las obras que comunicar\u00e1n la intersecci\u00f3n de la calle Perito Moreno y la Ruta Provincial N\u00b048 con la escuela EPET N\u00b021, en el Barrio Intercultural.<\/p>\n\n\n\n<p>La iniciativa es producto de una articulaci\u00f3n entre el Gobierno provincial, el Municipio, el Concejo Deliberante, t\u00e9cnicos profesionales, la comunidad de la Epet y trabajadores organizados. Entre todos los actores, dise\u00f1aron el proyecto, realizaron las gestiones pol\u00edticas y financieras y ejecutan la mano de obra.<\/p>\n\n\n\n<p>La senda bordea la Ruta 48 por su margen norte, hasta llegar al acceso de veh\u00edculos de la EPET N\u00b021, subiendo hasta alcanzar el sector de estacionamiento de la escuela. El camino tiene una longitud de 491 metros, un desnivel de 37 metros y una pendiente media a lo largo de la traza, de 7,4%.<\/p>\n\n\n\n<figure class=\"wp-block-gallery has-nested-images columns-default is-cropped wp-block-gallery-1 is-layout-flex wp-block-gallery-is-layout-flex\">\n<figure class=\"wp-block-image size-large\"><img loading=\"lazy\" decoding=\"async\" width=\"576\" height=\"1024\" data-id=\"4815\" src=\"https:\/\/prensa.sma.gob.ar\/wp-content\/uploads\/2025\/01\/WhatsApp-Image-2025-01-09-at-11.10.19-576x1024.jpeg\" alt=\"\" class=\"wp-image-4815\" srcset=\"https:\/\/prensa.sma.gob.ar\/wp-content\/uploads\/2025\/01\/WhatsApp-Image-2025-01-09-at-11.10.19-576x1024.jpeg 576w, https:\/\/prensa.sma.gob.ar\/wp-content\/uploads\/2025\/01\/WhatsApp-Image-2025-01-09-at-11.10.19-169x300.jpeg 169w, https:\/\/prensa.sma.gob.ar\/wp-content\/uploads\/2025\/01\/WhatsApp-Image-2025-01-09-at-11.10.19-236x420.jpeg 236w, https:\/\/prensa.sma.gob.ar\/wp-content\/uploads\/2025\/01\/WhatsApp-Image-2025-01-09-at-11.10.19-696x1237.jpeg 696w, https:\/\/prensa.sma.gob.ar\/wp-content\/uploads\/2025\/01\/WhatsApp-Image-2025-01-09-at-11.10.19.jpeg 720w\" sizes=\"auto, (max-width: 576px) 100vw, 576px\" \/><\/figure>\n\n\n\n<figure class=\"wp-block-image size-large\"><img loading=\"lazy\" decoding=\"async\" width=\"576\" height=\"1024\" data-id=\"4814\" src=\"https:\/\/prensa.sma.gob.ar\/wp-content\/uploads\/2025\/01\/WhatsApp-Image-2025-01-09-at-11.10.21-576x1024.jpeg\" alt=\"\" class=\"wp-image-4814\" srcset=\"https:\/\/prensa.sma.gob.ar\/wp-content\/uploads\/2025\/01\/WhatsApp-Image-2025-01-09-at-11.10.21-576x1024.jpeg 576w, https:\/\/prensa.sma.gob.ar\/wp-content\/uploads\/2025\/01\/WhatsApp-Image-2025-01-09-at-11.10.21-169x300.jpeg 169w, https:\/\/prensa.sma.gob.ar\/wp-content\/uploads\/2025\/01\/WhatsApp-Image-2025-01-09-at-11.10.21-236x420.jpeg 236w, https:\/\/prensa.sma.gob.ar\/wp-content\/uploads\/2025\/01\/WhatsApp-Image-2025-01-09-at-11.10.21-696x1237.jpeg 696w, https:\/\/prensa.sma.gob.ar\/wp-content\/uploads\/2025\/01\/WhatsApp-Image-2025-01-09-at-11.10.21.jpeg 720w\" sizes=\"auto, (max-width: 576px) 100vw, 576px\" \/><\/figure>\n\n\n\n<figure class=\"wp-block-image size-large\"><img loading=\"lazy\" decoding=\"async\" width=\"576\" height=\"1024\" data-id=\"4816\" src=\"https:\/\/prensa.sma.gob.ar\/wp-content\/uploads\/2025\/01\/WhatsApp-Image-2025-01-09-at-11.10.18-576x1024.jpeg\" alt=\"\" class=\"wp-image-4816\" srcset=\"https:\/\/prensa.sma.gob.ar\/wp-content\/uploads\/2025\/01\/WhatsApp-Image-2025-01-09-at-11.10.18-576x1024.jpeg 576w, https:\/\/prensa.sma.gob.ar\/wp-content\/uploads\/2025\/01\/WhatsApp-Image-2025-01-09-at-11.10.18-169x300.jpeg 169w, https:\/\/prensa.sma.gob.ar\/wp-content\/uploads\/2025\/01\/WhatsApp-Image-2025-01-09-at-11.10.18-236x420.jpeg 236w, https:\/\/prensa.sma.gob.ar\/wp-content\/uploads\/2025\/01\/WhatsApp-Image-2025-01-09-at-11.10.18-696x1237.jpeg 696w, https:\/\/prensa.sma.gob.ar\/wp-content\/uploads\/2025\/01\/WhatsApp-Image-2025-01-09-at-11.10.18.jpeg 720w\" sizes=\"auto, (max-width: 576px) 100vw, 576px\" \/><\/figure>\n<\/figure>\n\n\n\n<p>A fines de noviembre pasado, el gobernador de Neuqu\u00e9n, Rolando Figueroa, y el intendente, Carlos Saloniti, firmaron el convenio seg\u00fan el cual la Provincia financiaba la obra y el Municipio se responsabilizaba de la ejecuci\u00f3n de la obra, que est\u00e1 a cargo de la Cooperativa Uni\u00f3n de los Andes.<\/p>\n\n\n\n<p>Al presentar el proyecto para gestionar el financiamiento de Provincia, el intendente Saloniti se\u00f1al\u00f3 que \u201cla propuesta de la obra atiende a la demanda, tanto de la comunidad de la escuela EPET N\u00b021 como de los vecinos que realizan el mismo recorrido para llegar hasta el barrio intercultural\u201d.<\/p>\n\n\n\n<p>En una de sus varias visitas a San Mart\u00edn de los Andes, la ministra de Educaci\u00f3n, Soledad Mart\u00ednez, recorri\u00f3 la zona y se comprometi\u00f3 a impulsar la obra que mejora la seguridad de la traves\u00eda y que, una vez completada, se podr\u00e1 transitar caminando o en bicicleta, sobre un contrapiso de hormig\u00f3n armado.<\/p>\n\n\n\n<p>Esta semana, la ministra Mart\u00ednez verific\u00f3 el comienzo del trabajo. Estuvo acompa\u00f1ada por t\u00e9cnicos, por representantes de la Cooperativa Uni\u00f3n de los Andes; el secretario de Coordinaci\u00f3n del COPE y Gesti\u00f3n de Proyectos, Mart\u00edn Rodr\u00edguez; y el concejal Santiago Fern\u00e1ndez.<\/p>\n\n\n\n<figure class=\"wp-block-gallery has-nested-images columns-default is-cropped wp-block-gallery-2 is-layout-flex wp-block-gallery-is-layout-flex\">\n<figure class=\"wp-block-image size-large\"><img loading=\"lazy\" decoding=\"async\" width=\"768\" height=\"1024\" data-id=\"4808\" src=\"https:\/\/prensa.sma.gob.ar\/wp-content\/uploads\/2025\/01\/WhatsApp-Image-2025-01-09-at-11.45.181-768x1024.jpeg\" alt=\"\" class=\"wp-image-4808\" srcset=\"https:\/\/prensa.sma.gob.ar\/wp-content\/uploads\/2025\/01\/WhatsApp-Image-2025-01-09-at-11.45.181-768x1024.jpeg 768w, https:\/\/prensa.sma.gob.ar\/wp-content\/uploads\/2025\/01\/WhatsApp-Image-2025-01-09-at-11.45.181-225x300.jpeg 225w, https:\/\/prensa.sma.gob.ar\/wp-content\/uploads\/2025\/01\/WhatsApp-Image-2025-01-09-at-11.45.181-315x420.jpeg 315w, https:\/\/prensa.sma.gob.ar\/wp-content\/uploads\/2025\/01\/WhatsApp-Image-2025-01-09-at-11.45.181-696x928.jpeg 696w, https:\/\/prensa.sma.gob.ar\/wp-content\/uploads\/2025\/01\/WhatsApp-Image-2025-01-09-at-11.45.181.jpeg 960w\" sizes=\"auto, (max-width: 768px) 100vw, 768px\" \/><\/figure>\n\n\n\n<figure class=\"wp-block-image size-large\"><img loading=\"lazy\" decoding=\"async\" width=\"768\" height=\"1024\" data-id=\"4804\" src=\"https:\/\/prensa.sma.gob.ar\/wp-content\/uploads\/2025\/01\/WhatsApp-Image-2025-01-09-at-11.45.20-768x1024.jpeg\" alt=\"\" class=\"wp-image-4804\" srcset=\"https:\/\/prensa.sma.gob.ar\/wp-content\/uploads\/2025\/01\/WhatsApp-Image-2025-01-09-at-11.45.20-768x1024.jpeg 768w, https:\/\/prensa.sma.gob.ar\/wp-content\/uploads\/2025\/01\/WhatsApp-Image-2025-01-09-at-11.45.20-225x300.jpeg 225w, https:\/\/prensa.sma.gob.ar\/wp-content\/uploads\/2025\/01\/WhatsApp-Image-2025-01-09-at-11.45.20-315x420.jpeg 315w, https:\/\/prensa.sma.gob.ar\/wp-content\/uploads\/2025\/01\/WhatsApp-Image-2025-01-09-at-11.45.20-696x928.jpeg 696w, https:\/\/prensa.sma.gob.ar\/wp-content\/uploads\/2025\/01\/WhatsApp-Image-2025-01-09-at-11.45.20.jpeg 960w\" sizes=\"auto, (max-width: 768px) 100vw, 768px\" \/><\/figure>\n\n\n\n<figure class=\"wp-block-image size-large\"><img loading=\"lazy\" decoding=\"async\" width=\"768\" height=\"1024\" data-id=\"4805\" src=\"https:\/\/prensa.sma.gob.ar\/wp-content\/uploads\/2025\/01\/WhatsApp-Image-2025-01-09-at-11.45.192-768x1024.jpeg\" alt=\"\" class=\"wp-image-4805\" srcset=\"https:\/\/prensa.sma.gob.ar\/wp-content\/uploads\/2025\/01\/WhatsApp-Image-2025-01-09-at-11.45.192-768x1024.jpeg 768w, https:\/\/prensa.sma.gob.ar\/wp-content\/uploads\/2025\/01\/WhatsApp-Image-2025-01-09-at-11.45.192-225x300.jpeg 225w, https:\/\/prensa.sma.gob.ar\/wp-content\/uploads\/2025\/01\/WhatsApp-Image-2025-01-09-at-11.45.192-315x420.jpeg 315w, https:\/\/prensa.sma.gob.ar\/wp-content\/uploads\/2025\/01\/WhatsApp-Image-2025-01-09-at-11.45.192-696x928.jpeg 696w, https:\/\/prensa.sma.gob.ar\/wp-content\/uploads\/2025\/01\/WhatsApp-Image-2025-01-09-at-11.45.192.jpeg 960w\" sizes=\"auto, (max-width: 768px) 100vw, 768px\" \/><\/figure>\n<\/figure>\n\n\n\n<p>El concejal Fern\u00e1ndez se\u00f1al\u00f3 que \u201cse trata de una obra muy esperada y demandada por la comunidad, que viene a dar seguridad para las chicas y los chicos que asisten a la escuela\u201d, ya que, en temporada de lluvias y nevadas, la precariedad de la senda actual obligaba a transitar por el borde de la ruta.<\/p>\n\n\n\n<p>La Cooperativa Uni\u00f3n de los Andes inform\u00f3 que \u201cun equipo de 15 trabajadores socios est\u00e1 desarrollando este proceso, el cual se realiza con el aporte de su trabajo sumado a la compra de materiales en corralones locales\u201d. Milo Levang y Andr\u00e9s Riquelme son los t\u00e9cnicos responsables.<\/p>\n\n\n\n<p>La Cooperativa estim\u00f3, adem\u00e1s, que \u201cse podr\u00e1 mejorar la iluminaci\u00f3n con la colocaci\u00f3n de brazos pescantes adicionales a los postes ya existentes, generando un paseo agradable y atractivo para el resto de la comunidad\u201d.<\/p>\n","protected":false},"excerpt":{"rendered":"<p>Casi 500 metros de senda peatonal y para bicicletas comenzaron a construirse esta semana, como parte de las obras que comunicar\u00e1n la intersecci\u00f3n de la calle Perito Moreno y la Ruta Provincial N\u00b048 con la escuela EPET N\u00b021, en el Barrio Intercultural. La iniciativa es producto de una articulaci\u00f3n entre el Gobierno provincial, el Municipio, [&hellip;]<\/p>\n","protected":false},"author":2,"featured_media":4812,"comment_status":"closed","ping_status":"open","sticky":false,"template":"","format":"standard","meta":{"footnotes":""},"categories":[16,9,14,17],"tags":[],"class_list":{"0":"post-4803","1":"post","2":"type-post","3":"status-publish","4":"format-standard","5":"has-post-thumbnail","7":"category-destacadas","8":"category-educacion","9":"category-noticias","10":"category-portada"},"_links":{"self":[{"href":"https:\/\/prensa.sma.gob.ar\/index.php?rest_route=\/wp\/v2\/posts\/4803","targetHints":{"allow":["GET"]}}],"collection":[{"href":"https:\/\/prensa.sma.gob.ar\/index.php?rest_route=\/wp\/v2\/posts"}],"about":[{"href":"https:\/\/prensa.sma.gob.ar\/index.php?rest_route=\/wp\/v2\/types\/post"}],"author":[{"embeddable":true,"href":"https:\/\/prensa.sma.gob.ar\/index.php?rest_route=\/wp\/v2\/users\/2"}],"replies":[{"embeddable":true,"href":"https:\/\/prensa.sma.gob.ar\/index.php?rest_route=%2Fwp%2Fv2%2Fcomments&post=4803"}],"version-history":[{"count":2,"href":"https:\/\/prensa.sma.gob.ar\/index.php?rest_route=\/wp\/v2\/posts\/4803\/revisions"}],"predecessor-version":[{"id":4820,"href":"https:\/\/prensa.sma.gob.ar\/index.php?rest_route=\/wp\/v2\/posts\/4803\/revisions\/4820"}],"wp:featuredmedia":[{"embeddable":true,"href":"https:\/\/prensa.sma.gob.ar\/index.php?rest_route=\/wp\/v2\/media\/4812"}],"wp:attachment":[{"href":"https:\/\/prensa.sma.gob.ar\/index.php?rest_route=%2Fwp%2Fv2%2Fmedia&parent=4803"}],"wp:term":[{"taxonomy":"category","embeddable":true,"href":"https:\/\/prensa.sma.gob.ar\/index.php?rest_route=%2Fwp%2Fv2%2Fcategories&post=4803"},{"taxonomy":"post_tag","embeddable":true,"href":"https:\/\/prensa.sma.gob.ar\/index.php?rest_route=%2Fwp%2Fv2%2Ftags&post=4803"}],"curies":[{"name":"wp","href":"https:\/\/api.w.org\/{rel}","templated":true}]}}