{"id":4823,"date":"2025-01-11T14:28:09","date_gmt":"2025-01-11T14:28:09","guid":{"rendered":"https:\/\/prensa.sma.gob.ar\/?p=4823"},"modified":"2025-01-11T16:12:19","modified_gmt":"2025-01-11T16:12:19","slug":"la-poderosa-esta-otra-vez-en-san-martin-de-los-andes","status":"publish","type":"post","link":"https:\/\/prensa.sma.gob.ar\/?p=4823","title":{"rendered":"La Poderosa est\u00e1 otra vez en San Mart\u00edn de los Andes"},"content":{"rendered":"\n<p>La m\u00edtica Norton 500, la moto que se utiliz\u00f3 en el rodaje de la pel\u00edcula Diario de Motocicleta, r\u00e9plica de la que utilizaron el Che Guevara y Alberto Granados en su paso por San Mart\u00edn de los Andes, est\u00e1 de regreso en nuestra ciudad y es exhibida durante la edici\u00f3n 2025 de \u201cLa Semana del Che en La Pastera\u201d y en la Noche de las Artes, este s\u00e1bado.<\/p>\n\n\n\n<p>La presentaci\u00f3n oficial de La Poderosa se realiz\u00f3 este viernes, en un acto del que particip\u00f3 la presidenta del Concejo Deliberante, a cargo del Ejecutivo Municipal, Natalia Vita, quien agradeci\u00f3 el compromiso asumido por La Pastera, Museo del Che, por su contribuci\u00f3n a la preservaci\u00f3n de la historia de nuestra ciudad.<\/p>\n\n\n\n<p>La presentaci\u00f3n estuvo a cargo de Celeste Pepiche y Dar\u00edo Fuentes, m\u00e1ximos directivos de La Pastera, sitio en el que, en 1952, descansaron el Che Guevara y Alberto Granados en su paso por nuestra ciudad como parte de su recorrida por el continente americano, y que funciona como museo desde hace 17 a\u00f1os.<\/p>\n\n\n\n<p>Pepiche y Fuentes le entregaron a Natalia Vita el libro de La Pastera, que relata la historia del museo del Che en nuestra ciudad, presentado en 2024. La intendente a cargo agradeci\u00f3 la invitaci\u00f3n y destac\u00f3 \u201cla importancia de la historia\u201d y de que \u201ccada uno busque sus caminos desde una mirada colectiva, en una sociedad en la que nadie se salva solo, en la que podamos entendernos, trabajar en nuestras diferencias y construir un futuro\u201d.<\/p>\n\n\n\n<p>Vita tambi\u00e9n agradeci\u00f3 a La Pastera, \u201cpor el valor que tiene en la historia de nuestra ciudad y desde ah\u00ed valorar la importancia de nuestro patrimonio arquitect\u00f3nico, hist\u00f3rico y cultural\u201d. Reafirm\u00f3 que \u201cla historia es importante para nuestra ciudad, porque nos muestra lo que fuimos, o que somos y lo que vamos a ser\u201d. Finalmente, invit\u00f3 a vecinos y turistas a acercarse a La Noche de las Artes, cuya primera edici\u00f3n tendr\u00e1 lugar este s\u00e1bado, ya que se trata \u201cde un espacio cultural muy importante para nuestra ciudad\u201d.<\/p>\n\n\n<div class=\"wp-block-image\">\n<figure class=\"aligncenter size-large is-resized\"><img loading=\"lazy\" decoding=\"async\" width=\"1024\" height=\"771\" src=\"https:\/\/prensa.sma.gob.ar\/wp-content\/uploads\/2025\/01\/IMG_20250110_214612-1024x771.jpg\" alt=\"\" class=\"wp-image-4824\" style=\"width:469px;height:auto\" srcset=\"https:\/\/prensa.sma.gob.ar\/wp-content\/uploads\/2025\/01\/IMG_20250110_214612-1024x771.jpg 1024w, https:\/\/prensa.sma.gob.ar\/wp-content\/uploads\/2025\/01\/IMG_20250110_214612-300x226.jpg 300w, https:\/\/prensa.sma.gob.ar\/wp-content\/uploads\/2025\/01\/IMG_20250110_214612-768x578.jpg 768w, https:\/\/prensa.sma.gob.ar\/wp-content\/uploads\/2025\/01\/IMG_20250110_214612-1536x1157.jpg 1536w, https:\/\/prensa.sma.gob.ar\/wp-content\/uploads\/2025\/01\/IMG_20250110_214612-2048x1542.jpg 2048w, https:\/\/prensa.sma.gob.ar\/wp-content\/uploads\/2025\/01\/IMG_20250110_214612-558x420.jpg 558w, https:\/\/prensa.sma.gob.ar\/wp-content\/uploads\/2025\/01\/IMG_20250110_214612-80x60.jpg 80w, https:\/\/prensa.sma.gob.ar\/wp-content\/uploads\/2025\/01\/IMG_20250110_214612-696x524.jpg 696w, https:\/\/prensa.sma.gob.ar\/wp-content\/uploads\/2025\/01\/IMG_20250110_214612-1068x804.jpg 1068w, https:\/\/prensa.sma.gob.ar\/wp-content\/uploads\/2025\/01\/IMG_20250110_214612-1920x1446.jpg 1920w\" sizes=\"auto, (max-width: 1024px) 100vw, 1024px\" \/><\/figure>\n<\/div>\n\n\n<p>Por su parte, Pepiche explic\u00f3 que esta moto es r\u00e9plica de la original, ya que aquella unidad fue desguazada en Chile y sus piezas vendidas individualmente, debido al estado irrecuperable en el que qued\u00f3 tras la recorrida por la regi\u00f3n, incluyendo los pasos cordilleranos. \u201cEs una Norton 500 que, con este peso, atraves\u00f3 el circuito Curruhue Grande, Curruhue Chico, la Ruta 62&#8230;\u201d, rememor\u00f3. Tambi\u00e9n agradeci\u00f3 a Gustavo Agra, propietario de la moto.<\/p>\n\n\n\n<p>Tambi\u00e9n agradeci\u00f3 a los miembros de la Asociaci\u00f3n de Trabajadores del estado (ATE) \u201cpor preservar este galp\u00f3n, que es el patrimonio arquitect\u00f3nico y el patrimonio cultural que tenemos, y porque fueron quienes cobijaron a Ernesto Guevara y Alberto Gradados en 1952\u201d. Record\u00f3 tambi\u00e9n que \u201cdespu\u00e9s de una larga recuperaci\u00f3n, en 2008 La Pastera, que se hab\u00eda construido en 1946, abri\u00f3 sus puertas como museo\u201d.<\/p>\n\n\n\n<figure class=\"wp-block-gallery has-nested-images columns-default is-cropped wp-block-gallery-1 is-layout-flex wp-block-gallery-is-layout-flex\">\n<figure class=\"wp-block-image size-large\"><img loading=\"lazy\" decoding=\"async\" width=\"771\" height=\"1024\" data-id=\"4830\" src=\"https:\/\/prensa.sma.gob.ar\/wp-content\/uploads\/2025\/01\/MOTO-4-771x1024.jpg\" alt=\"\" class=\"wp-image-4830\" srcset=\"https:\/\/prensa.sma.gob.ar\/wp-content\/uploads\/2025\/01\/MOTO-4-771x1024.jpg 771w, https:\/\/prensa.sma.gob.ar\/wp-content\/uploads\/2025\/01\/MOTO-4-226x300.jpg 226w, https:\/\/prensa.sma.gob.ar\/wp-content\/uploads\/2025\/01\/MOTO-4-768x1020.jpg 768w, https:\/\/prensa.sma.gob.ar\/wp-content\/uploads\/2025\/01\/MOTO-4-1156x1536.jpg 1156w, https:\/\/prensa.sma.gob.ar\/wp-content\/uploads\/2025\/01\/MOTO-4-316x420.jpg 316w, https:\/\/prensa.sma.gob.ar\/wp-content\/uploads\/2025\/01\/MOTO-4-696x925.jpg 696w, https:\/\/prensa.sma.gob.ar\/wp-content\/uploads\/2025\/01\/MOTO-4-1068x1419.jpg 1068w, https:\/\/prensa.sma.gob.ar\/wp-content\/uploads\/2025\/01\/MOTO-4.jpg 1200w\" sizes=\"auto, (max-width: 771px) 100vw, 771px\" \/><\/figure>\n\n\n\n<figure class=\"wp-block-image size-large\"><img loading=\"lazy\" decoding=\"async\" width=\"771\" height=\"1024\" data-id=\"4831\" src=\"https:\/\/prensa.sma.gob.ar\/wp-content\/uploads\/2025\/01\/MOTO-3-771x1024.jpg\" alt=\"\" class=\"wp-image-4831\" srcset=\"https:\/\/prensa.sma.gob.ar\/wp-content\/uploads\/2025\/01\/MOTO-3-771x1024.jpg 771w, https:\/\/prensa.sma.gob.ar\/wp-content\/uploads\/2025\/01\/MOTO-3-226x300.jpg 226w, https:\/\/prensa.sma.gob.ar\/wp-content\/uploads\/2025\/01\/MOTO-3-768x1020.jpg 768w, https:\/\/prensa.sma.gob.ar\/wp-content\/uploads\/2025\/01\/MOTO-3-1156x1536.jpg 1156w, https:\/\/prensa.sma.gob.ar\/wp-content\/uploads\/2025\/01\/MOTO-3-316x420.jpg 316w, https:\/\/prensa.sma.gob.ar\/wp-content\/uploads\/2025\/01\/MOTO-3-696x925.jpg 696w, https:\/\/prensa.sma.gob.ar\/wp-content\/uploads\/2025\/01\/MOTO-3-1068x1419.jpg 1068w, https:\/\/prensa.sma.gob.ar\/wp-content\/uploads\/2025\/01\/MOTO-3.jpg 1200w\" sizes=\"auto, (max-width: 771px) 100vw, 771px\" \/><\/figure>\n\n\n\n<figure class=\"wp-block-image size-large\"><img loading=\"lazy\" decoding=\"async\" width=\"771\" height=\"1024\" data-id=\"4832\" src=\"https:\/\/prensa.sma.gob.ar\/wp-content\/uploads\/2025\/01\/MOTO-2-771x1024.jpg\" alt=\"\" class=\"wp-image-4832\" srcset=\"https:\/\/prensa.sma.gob.ar\/wp-content\/uploads\/2025\/01\/MOTO-2-771x1024.jpg 771w, https:\/\/prensa.sma.gob.ar\/wp-content\/uploads\/2025\/01\/MOTO-2-226x300.jpg 226w, https:\/\/prensa.sma.gob.ar\/wp-content\/uploads\/2025\/01\/MOTO-2-768x1020.jpg 768w, https:\/\/prensa.sma.gob.ar\/wp-content\/uploads\/2025\/01\/MOTO-2-1156x1536.jpg 1156w, https:\/\/prensa.sma.gob.ar\/wp-content\/uploads\/2025\/01\/MOTO-2-316x420.jpg 316w, https:\/\/prensa.sma.gob.ar\/wp-content\/uploads\/2025\/01\/MOTO-2-696x925.jpg 696w, https:\/\/prensa.sma.gob.ar\/wp-content\/uploads\/2025\/01\/MOTO-2-1068x1419.jpg 1068w, https:\/\/prensa.sma.gob.ar\/wp-content\/uploads\/2025\/01\/MOTO-2.jpg 1200w\" sizes=\"auto, (max-width: 771px) 100vw, 771px\" \/><\/figure>\n<\/figure>\n\n\n\n<p>A su turno, Fuentes agradeci\u00f3 la visita de Vita, record\u00f3 que \u201chemos trabajo mucho junto con la Municipalidad\u201d y rememor\u00f3 la figura de la intendenta Luz Sapag, \u201cimpulso el patrimonio de La Pastera para que sea un museo\u201d.<\/p>\n\n\n\n<p>Fuentes se\u00f1al\u00f3 tambi\u00e9n que la moto que se exhibe en nuestra ciudad \u201ces la que se utiliz\u00f3 para el rodaje de la pel\u00edcula Diario de Motocicleta, de Walter Salles, film que le vali\u00f3 un Oscar a Jorge Drexler por su canci\u00f3n Del otro lado del r\u00edo\u201d. Y record\u00f3 que \u201cesta moto estuvo en la entrega de los Oscar cuando Antonio Banderas y Carlos Santana interpretaron el tema de Drexler\u201d.<\/p>\n\n\n\n<p>\u201cEsto es mucho m\u00e1s que una r\u00e9plica, es un s\u00edmbolo, porque es parte de nuestra historia. Es un s\u00edmbolo de ese joven que busc\u00f3 autotransformarse a partir de sus viajes y su experiencia\u201d, se\u00f1al\u00f3 Fuentes y rememor\u00f3 que el Che Guevara en sus Notas de Viaje: \u201cYa no soy el mismo, Am\u00e9rica me ha transformado. Los dejo con el que fui\u201d. En ese sentido, Fuentes reafirm\u00f3 que \u201cLa Poderosa es el s\u00edmbolo de esa b\u00fasqueda de uno mismo y de la b\u00fasqueda colectiva, porque los cambios son m\u00e1s que individuales, siguen siendo colectivos\u201d.<\/p>\n\n\n\n<figure class=\"wp-block-gallery has-nested-images columns-default is-cropped wp-block-gallery-2 is-layout-flex wp-block-gallery-is-layout-flex\">\n<figure class=\"wp-block-image size-large\"><img loading=\"lazy\" decoding=\"async\" width=\"1024\" height=\"771\" data-id=\"4834\" src=\"https:\/\/prensa.sma.gob.ar\/wp-content\/uploads\/2025\/01\/MOTO-7-1024x771.jpg\" alt=\"\" class=\"wp-image-4834\" srcset=\"https:\/\/prensa.sma.gob.ar\/wp-content\/uploads\/2025\/01\/MOTO-7-1024x771.jpg 1024w, https:\/\/prensa.sma.gob.ar\/wp-content\/uploads\/2025\/01\/MOTO-7-300x226.jpg 300w, https:\/\/prensa.sma.gob.ar\/wp-content\/uploads\/2025\/01\/MOTO-7-768x578.jpg 768w, https:\/\/prensa.sma.gob.ar\/wp-content\/uploads\/2025\/01\/MOTO-7-558x420.jpg 558w, https:\/\/prensa.sma.gob.ar\/wp-content\/uploads\/2025\/01\/MOTO-7-80x60.jpg 80w, https:\/\/prensa.sma.gob.ar\/wp-content\/uploads\/2025\/01\/MOTO-7-696x524.jpg 696w, https:\/\/prensa.sma.gob.ar\/wp-content\/uploads\/2025\/01\/MOTO-7-1068x804.jpg 1068w, https:\/\/prensa.sma.gob.ar\/wp-content\/uploads\/2025\/01\/MOTO-7.jpg 1200w\" sizes=\"auto, (max-width: 1024px) 100vw, 1024px\" \/><\/figure>\n\n\n\n<figure class=\"wp-block-image size-large\"><img loading=\"lazy\" decoding=\"async\" width=\"1024\" height=\"771\" data-id=\"4833\" src=\"https:\/\/prensa.sma.gob.ar\/wp-content\/uploads\/2025\/01\/MOTO-6-1024x771.jpg\" alt=\"\" class=\"wp-image-4833\" srcset=\"https:\/\/prensa.sma.gob.ar\/wp-content\/uploads\/2025\/01\/MOTO-6-1024x771.jpg 1024w, https:\/\/prensa.sma.gob.ar\/wp-content\/uploads\/2025\/01\/MOTO-6-300x226.jpg 300w, https:\/\/prensa.sma.gob.ar\/wp-content\/uploads\/2025\/01\/MOTO-6-768x578.jpg 768w, https:\/\/prensa.sma.gob.ar\/wp-content\/uploads\/2025\/01\/MOTO-6-558x420.jpg 558w, https:\/\/prensa.sma.gob.ar\/wp-content\/uploads\/2025\/01\/MOTO-6-80x60.jpg 80w, https:\/\/prensa.sma.gob.ar\/wp-content\/uploads\/2025\/01\/MOTO-6-696x524.jpg 696w, https:\/\/prensa.sma.gob.ar\/wp-content\/uploads\/2025\/01\/MOTO-6-1068x804.jpg 1068w, https:\/\/prensa.sma.gob.ar\/wp-content\/uploads\/2025\/01\/MOTO-6.jpg 1200w\" sizes=\"auto, (max-width: 1024px) 100vw, 1024px\" \/><\/figure>\n\n\n\n<figure class=\"wp-block-image size-large\"><img loading=\"lazy\" decoding=\"async\" width=\"1024\" height=\"771\" data-id=\"4835\" src=\"https:\/\/prensa.sma.gob.ar\/wp-content\/uploads\/2025\/01\/MOTO-5-1024x771.jpg\" alt=\"\" class=\"wp-image-4835\" srcset=\"https:\/\/prensa.sma.gob.ar\/wp-content\/uploads\/2025\/01\/MOTO-5-1024x771.jpg 1024w, https:\/\/prensa.sma.gob.ar\/wp-content\/uploads\/2025\/01\/MOTO-5-300x226.jpg 300w, https:\/\/prensa.sma.gob.ar\/wp-content\/uploads\/2025\/01\/MOTO-5-768x578.jpg 768w, https:\/\/prensa.sma.gob.ar\/wp-content\/uploads\/2025\/01\/MOTO-5-558x420.jpg 558w, https:\/\/prensa.sma.gob.ar\/wp-content\/uploads\/2025\/01\/MOTO-5-80x60.jpg 80w, https:\/\/prensa.sma.gob.ar\/wp-content\/uploads\/2025\/01\/MOTO-5-696x524.jpg 696w, https:\/\/prensa.sma.gob.ar\/wp-content\/uploads\/2025\/01\/MOTO-5-1068x804.jpg 1068w, https:\/\/prensa.sma.gob.ar\/wp-content\/uploads\/2025\/01\/MOTO-5.jpg 1200w\" sizes=\"auto, (max-width: 1024px) 100vw, 1024px\" \/><\/figure>\n<\/figure>\n","protected":false},"excerpt":{"rendered":"<p>La m\u00edtica Norton 500, la moto que se utiliz\u00f3 en el rodaje de la pel\u00edcula Diario de Motocicleta, r\u00e9plica de la que utilizaron el Che Guevara y Alberto Granados en su paso por San Mart\u00edn de los Andes, est\u00e1 de regreso en nuestra ciudad y es exhibida durante la edici\u00f3n 2025 de \u201cLa Semana del [&hellip;]<\/p>\n","protected":false},"author":2,"featured_media":4826,"comment_status":"closed","ping_status":"open","sticky":false,"template":"","format":"standard","meta":{"footnotes":""},"categories":[16,14],"tags":[],"class_list":{"0":"post-4823","1":"post","2":"type-post","3":"status-publish","4":"format-standard","5":"has-post-thumbnail","7":"category-destacadas","8":"category-noticias"},"_links":{"self":[{"href":"https:\/\/prensa.sma.gob.ar\/index.php?rest_route=\/wp\/v2\/posts\/4823","targetHints":{"allow":["GET"]}}],"collection":[{"href":"https:\/\/prensa.sma.gob.ar\/index.php?rest_route=\/wp\/v2\/posts"}],"about":[{"href":"https:\/\/prensa.sma.gob.ar\/index.php?rest_route=\/wp\/v2\/types\/post"}],"author":[{"embeddable":true,"href":"https:\/\/prensa.sma.gob.ar\/index.php?rest_route=\/wp\/v2\/users\/2"}],"replies":[{"embeddable":true,"href":"https:\/\/prensa.sma.gob.ar\/index.php?rest_route=%2Fwp%2Fv2%2Fcomments&post=4823"}],"version-history":[{"count":3,"href":"https:\/\/prensa.sma.gob.ar\/index.php?rest_route=\/wp\/v2\/posts\/4823\/revisions"}],"predecessor-version":[{"id":4859,"href":"https:\/\/prensa.sma.gob.ar\/index.php?rest_route=\/wp\/v2\/posts\/4823\/revisions\/4859"}],"wp:featuredmedia":[{"embeddable":true,"href":"https:\/\/prensa.sma.gob.ar\/index.php?rest_route=\/wp\/v2\/media\/4826"}],"wp:attachment":[{"href":"https:\/\/prensa.sma.gob.ar\/index.php?rest_route=%2Fwp%2Fv2%2Fmedia&parent=4823"}],"wp:term":[{"taxonomy":"category","embeddable":true,"href":"https:\/\/prensa.sma.gob.ar\/index.php?rest_route=%2Fwp%2Fv2%2Fcategories&post=4823"},{"taxonomy":"post_tag","embeddable":true,"href":"https:\/\/prensa.sma.gob.ar\/index.php?rest_route=%2Fwp%2Fv2%2Ftags&post=4823"}],"curies":[{"name":"wp","href":"https:\/\/api.w.org\/{rel}","templated":true}]}}