{"id":4929,"date":"2025-01-07T16:38:27","date_gmt":"2025-01-07T16:38:27","guid":{"rendered":"https:\/\/prensa.sma.gob.ar\/?p=4929"},"modified":"2025-01-13T17:04:06","modified_gmt":"2025-01-13T17:04:06","slug":"el-municipio-estuvo-presente-en-la-puesta-en-funciones-de-nuevos-jefes-policiales","status":"publish","type":"post","link":"https:\/\/prensa.sma.gob.ar\/?p=4929","title":{"rendered":"El Municipio estuvo presente en la puesta en funciones de nuevos jefes policiales"},"content":{"rendered":"\n<p>La presidenta del Concejo Deliberante, a cargo del Ejecutivo comunal, Natalia Vita, asisti\u00f3 este martes al acto de puesta en funciones de los nuevos titulares de unidades dependientes de la Direcci\u00f3n de Seguridad Interior de Jun\u00edn de los Andes de la Polic\u00eda del Neuqu\u00e9n.<\/p>\n\n\n\n<p>Al acto, realizado en la comisar\u00eda 23 de nuestra ciudad, tambi\u00e9n asisti\u00f3 el director general de Seguridad Ciudadana del Municipio, Mauricio Troncoso. Tambi\u00e9n participaron las m\u00e1ximas autoridades de la Municipalidad de Jun\u00edn de los Andes, encabezadas por el intendente Luis Madue\u00f1o. En representaci\u00f3n del Poder Judicial de nuestra regi\u00f3n, asistieron la jueza de familia Andrea Di Prinzio, y los fiscales In\u00e9s Gerez y Hern\u00e1n Scordo.<\/p>\n\n\n\n<p>El acto estuvo presidido por los jefes policiales Superintendente de Seguridad de Neuqu\u00e9n, comisario general N\u00e9stor Osvaldo Castillo; director de Seguridad Interior de Jun\u00edn de los Andes, comisario mayor Rub\u00e9n Escobar; y los coordinadores de Zona Norte, comisario inspector Luis Mardones, y de Zona Sur, comisario inspector Rodrigo Vergara.<\/p>\n\n\n\n<p>Entre los nuevos jefes puestos en funciones, las dependencias en San Mart\u00edn de los Andes quedaron conformadas de la siguiente manera:<\/p>\n\n\n\n<p>Jefe de la Unidad de Detenci\u00f3n N\u00b042 de San Mart\u00edn de los Andes, subcomisario Gustavo Gonz\u00e1lez; jefe de la divisi\u00f3n Antinarc\u00f3ticos de Zona Sur, oficial principal Jorge Daniel Romero; jefe de la divisi\u00f3n Brigada de Investigaciones de Zona Sur, oficial principal Fernando Emanuel Olivera; jefa de la comisar\u00eda de la Mujer, Ni\u00f1ez y Adolescencia de San Mart\u00edn de los Andes, subcomisario Iris Adriana Antin; jefe del departamento Comando Radioel\u00e9ctrico de San Mart\u00edn de los Andes, comisario Carlos Alberto Barros; jefe de la Divisi\u00f3n Operativa \u2013 CRESMA, comisario Marcos Ariel Guzm\u00e1n; Jefe: subcomisario Gustavo Emilio Mora; Jefe: subcomisario Mario Argentino Retamal; 2\u00b0 jefe de la Comisar\u00eda 43\u00b0 de San Mart\u00edn de los Andes; comisario Osvaldo Andr\u00e9s Landeros.<\/p>\n\n\n\n<figure class=\"wp-block-gallery has-nested-images columns-default is-cropped wp-block-gallery-1 is-layout-flex wp-block-gallery-is-layout-flex\">\n<figure class=\"wp-block-image size-large\"><img loading=\"lazy\" decoding=\"async\" width=\"1024\" height=\"588\" data-id=\"4932\" src=\"https:\/\/prensa.sma.gob.ar\/wp-content\/uploads\/2025\/01\/COMISARIA-23-1-1024x588.jpg\" alt=\"\" class=\"wp-image-4932\" srcset=\"https:\/\/prensa.sma.gob.ar\/wp-content\/uploads\/2025\/01\/COMISARIA-23-1-1024x588.jpg 1024w, https:\/\/prensa.sma.gob.ar\/wp-content\/uploads\/2025\/01\/COMISARIA-23-1-300x172.jpg 300w, https:\/\/prensa.sma.gob.ar\/wp-content\/uploads\/2025\/01\/COMISARIA-23-1-768x441.jpg 768w, https:\/\/prensa.sma.gob.ar\/wp-content\/uploads\/2025\/01\/COMISARIA-23-1-1536x881.jpg 1536w, https:\/\/prensa.sma.gob.ar\/wp-content\/uploads\/2025\/01\/COMISARIA-23-1-732x420.jpg 732w, https:\/\/prensa.sma.gob.ar\/wp-content\/uploads\/2025\/01\/COMISARIA-23-1-696x399.jpg 696w, https:\/\/prensa.sma.gob.ar\/wp-content\/uploads\/2025\/01\/COMISARIA-23-1-1068x613.jpg 1068w, https:\/\/prensa.sma.gob.ar\/wp-content\/uploads\/2025\/01\/COMISARIA-23-1.jpg 1600w\" sizes=\"auto, (max-width: 1024px) 100vw, 1024px\" \/><\/figure>\n\n\n\n<figure class=\"wp-block-image size-large\"><img loading=\"lazy\" decoding=\"async\" width=\"1024\" height=\"576\" data-id=\"4933\" src=\"https:\/\/prensa.sma.gob.ar\/wp-content\/uploads\/2025\/01\/COMISARIA-23-2-1024x576.jpg\" alt=\"\" class=\"wp-image-4933\" srcset=\"https:\/\/prensa.sma.gob.ar\/wp-content\/uploads\/2025\/01\/COMISARIA-23-2-1024x576.jpg 1024w, https:\/\/prensa.sma.gob.ar\/wp-content\/uploads\/2025\/01\/COMISARIA-23-2-300x169.jpg 300w, https:\/\/prensa.sma.gob.ar\/wp-content\/uploads\/2025\/01\/COMISARIA-23-2-768x432.jpg 768w, https:\/\/prensa.sma.gob.ar\/wp-content\/uploads\/2025\/01\/COMISARIA-23-2-1536x864.jpg 1536w, https:\/\/prensa.sma.gob.ar\/wp-content\/uploads\/2025\/01\/COMISARIA-23-2-747x420.jpg 747w, https:\/\/prensa.sma.gob.ar\/wp-content\/uploads\/2025\/01\/COMISARIA-23-2-696x392.jpg 696w, https:\/\/prensa.sma.gob.ar\/wp-content\/uploads\/2025\/01\/COMISARIA-23-2-1068x601.jpg 1068w, https:\/\/prensa.sma.gob.ar\/wp-content\/uploads\/2025\/01\/COMISARIA-23-2.jpg 1600w\" sizes=\"auto, (max-width: 1024px) 100vw, 1024px\" \/><\/figure>\n\n\n\n<figure class=\"wp-block-image size-large\"><img loading=\"lazy\" decoding=\"async\" width=\"1024\" height=\"576\" data-id=\"4934\" src=\"https:\/\/prensa.sma.gob.ar\/wp-content\/uploads\/2025\/01\/COMISARIA-23-3-1-1024x576.jpg\" alt=\"\" class=\"wp-image-4934\" srcset=\"https:\/\/prensa.sma.gob.ar\/wp-content\/uploads\/2025\/01\/COMISARIA-23-3-1-1024x576.jpg 1024w, https:\/\/prensa.sma.gob.ar\/wp-content\/uploads\/2025\/01\/COMISARIA-23-3-1-300x169.jpg 300w, https:\/\/prensa.sma.gob.ar\/wp-content\/uploads\/2025\/01\/COMISARIA-23-3-1-768x432.jpg 768w, https:\/\/prensa.sma.gob.ar\/wp-content\/uploads\/2025\/01\/COMISARIA-23-3-1-1536x864.jpg 1536w, https:\/\/prensa.sma.gob.ar\/wp-content\/uploads\/2025\/01\/COMISARIA-23-3-1-747x420.jpg 747w, https:\/\/prensa.sma.gob.ar\/wp-content\/uploads\/2025\/01\/COMISARIA-23-3-1-696x392.jpg 696w, https:\/\/prensa.sma.gob.ar\/wp-content\/uploads\/2025\/01\/COMISARIA-23-3-1-1068x601.jpg 1068w, https:\/\/prensa.sma.gob.ar\/wp-content\/uploads\/2025\/01\/COMISARIA-23-3-1.jpg 1600w\" sizes=\"auto, (max-width: 1024px) 100vw, 1024px\" \/><\/figure>\n\n\n\n<figure class=\"wp-block-image size-large\"><img loading=\"lazy\" decoding=\"async\" width=\"1024\" height=\"581\" data-id=\"4937\" src=\"https:\/\/prensa.sma.gob.ar\/wp-content\/uploads\/2025\/01\/COMISARIA-23-4-1024x581.jpg\" alt=\"\" class=\"wp-image-4937\" srcset=\"https:\/\/prensa.sma.gob.ar\/wp-content\/uploads\/2025\/01\/COMISARIA-23-4-1024x581.jpg 1024w, https:\/\/prensa.sma.gob.ar\/wp-content\/uploads\/2025\/01\/COMISARIA-23-4-300x170.jpg 300w, https:\/\/prensa.sma.gob.ar\/wp-content\/uploads\/2025\/01\/COMISARIA-23-4-768x436.jpg 768w, https:\/\/prensa.sma.gob.ar\/wp-content\/uploads\/2025\/01\/COMISARIA-23-4-1536x872.jpg 1536w, https:\/\/prensa.sma.gob.ar\/wp-content\/uploads\/2025\/01\/COMISARIA-23-4-740x420.jpg 740w, https:\/\/prensa.sma.gob.ar\/wp-content\/uploads\/2025\/01\/COMISARIA-23-4-696x395.jpg 696w, https:\/\/prensa.sma.gob.ar\/wp-content\/uploads\/2025\/01\/COMISARIA-23-4-1068x606.jpg 1068w, https:\/\/prensa.sma.gob.ar\/wp-content\/uploads\/2025\/01\/COMISARIA-23-4.jpg 1600w\" sizes=\"auto, (max-width: 1024px) 100vw, 1024px\" \/><\/figure>\n\n\n\n<figure class=\"wp-block-image size-large\"><img loading=\"lazy\" decoding=\"async\" width=\"1024\" height=\"600\" data-id=\"4936\" src=\"https:\/\/prensa.sma.gob.ar\/wp-content\/uploads\/2025\/01\/COMISARIA-23-5-1024x600.jpg\" alt=\"\" class=\"wp-image-4936\" srcset=\"https:\/\/prensa.sma.gob.ar\/wp-content\/uploads\/2025\/01\/COMISARIA-23-5-1024x600.jpg 1024w, https:\/\/prensa.sma.gob.ar\/wp-content\/uploads\/2025\/01\/COMISARIA-23-5-300x176.jpg 300w, https:\/\/prensa.sma.gob.ar\/wp-content\/uploads\/2025\/01\/COMISARIA-23-5-768x450.jpg 768w, https:\/\/prensa.sma.gob.ar\/wp-content\/uploads\/2025\/01\/COMISARIA-23-5-1536x900.jpg 1536w, https:\/\/prensa.sma.gob.ar\/wp-content\/uploads\/2025\/01\/COMISARIA-23-5-716x420.jpg 716w, https:\/\/prensa.sma.gob.ar\/wp-content\/uploads\/2025\/01\/COMISARIA-23-5-696x408.jpg 696w, https:\/\/prensa.sma.gob.ar\/wp-content\/uploads\/2025\/01\/COMISARIA-23-5-1068x626.jpg 1068w, https:\/\/prensa.sma.gob.ar\/wp-content\/uploads\/2025\/01\/COMISARIA-23-5.jpg 1600w\" sizes=\"auto, (max-width: 1024px) 100vw, 1024px\" \/><\/figure>\n\n\n\n<figure class=\"wp-block-image size-large\"><img loading=\"lazy\" decoding=\"async\" width=\"1024\" height=\"541\" data-id=\"4935\" src=\"https:\/\/prensa.sma.gob.ar\/wp-content\/uploads\/2025\/01\/COMISARIA-23-6-1024x541.jpg\" alt=\"\" class=\"wp-image-4935\" srcset=\"https:\/\/prensa.sma.gob.ar\/wp-content\/uploads\/2025\/01\/COMISARIA-23-6-1024x541.jpg 1024w, https:\/\/prensa.sma.gob.ar\/wp-content\/uploads\/2025\/01\/COMISARIA-23-6-300x159.jpg 300w, https:\/\/prensa.sma.gob.ar\/wp-content\/uploads\/2025\/01\/COMISARIA-23-6-768x406.jpg 768w, https:\/\/prensa.sma.gob.ar\/wp-content\/uploads\/2025\/01\/COMISARIA-23-6-1536x812.jpg 1536w, https:\/\/prensa.sma.gob.ar\/wp-content\/uploads\/2025\/01\/COMISARIA-23-6-794x420.jpg 794w, https:\/\/prensa.sma.gob.ar\/wp-content\/uploads\/2025\/01\/COMISARIA-23-6-696x368.jpg 696w, https:\/\/prensa.sma.gob.ar\/wp-content\/uploads\/2025\/01\/COMISARIA-23-6-1068x565.jpg 1068w, https:\/\/prensa.sma.gob.ar\/wp-content\/uploads\/2025\/01\/COMISARIA-23-6.jpg 1600w\" sizes=\"auto, (max-width: 1024px) 100vw, 1024px\" \/><\/figure>\n\n\n\n<figure class=\"wp-block-image size-large\"><img loading=\"lazy\" decoding=\"async\" width=\"1024\" height=\"536\" data-id=\"4938\" src=\"https:\/\/prensa.sma.gob.ar\/wp-content\/uploads\/2025\/01\/COMISARIA-23-7-1024x536.jpg\" alt=\"\" class=\"wp-image-4938\" srcset=\"https:\/\/prensa.sma.gob.ar\/wp-content\/uploads\/2025\/01\/COMISARIA-23-7-1024x536.jpg 1024w, https:\/\/prensa.sma.gob.ar\/wp-content\/uploads\/2025\/01\/COMISARIA-23-7-300x157.jpg 300w, https:\/\/prensa.sma.gob.ar\/wp-content\/uploads\/2025\/01\/COMISARIA-23-7-768x402.jpg 768w, https:\/\/prensa.sma.gob.ar\/wp-content\/uploads\/2025\/01\/COMISARIA-23-7-1536x804.jpg 1536w, https:\/\/prensa.sma.gob.ar\/wp-content\/uploads\/2025\/01\/COMISARIA-23-7-802x420.jpg 802w, https:\/\/prensa.sma.gob.ar\/wp-content\/uploads\/2025\/01\/COMISARIA-23-7-696x365.jpg 696w, https:\/\/prensa.sma.gob.ar\/wp-content\/uploads\/2025\/01\/COMISARIA-23-7-1068x559.jpg 1068w, https:\/\/prensa.sma.gob.ar\/wp-content\/uploads\/2025\/01\/COMISARIA-23-7.jpg 1600w\" sizes=\"auto, (max-width: 1024px) 100vw, 1024px\" \/><\/figure>\n\n\n\n<figure class=\"wp-block-image size-large\"><img loading=\"lazy\" decoding=\"async\" width=\"1024\" height=\"646\" data-id=\"4939\" src=\"https:\/\/prensa.sma.gob.ar\/wp-content\/uploads\/2025\/01\/COMISARIA-23-8-1-1024x646.jpg\" alt=\"\" class=\"wp-image-4939\" srcset=\"https:\/\/prensa.sma.gob.ar\/wp-content\/uploads\/2025\/01\/COMISARIA-23-8-1-1024x646.jpg 1024w, https:\/\/prensa.sma.gob.ar\/wp-content\/uploads\/2025\/01\/COMISARIA-23-8-1-300x189.jpg 300w, https:\/\/prensa.sma.gob.ar\/wp-content\/uploads\/2025\/01\/COMISARIA-23-8-1-768x485.jpg 768w, https:\/\/prensa.sma.gob.ar\/wp-content\/uploads\/2025\/01\/COMISARIA-23-8-1-1536x970.jpg 1536w, https:\/\/prensa.sma.gob.ar\/wp-content\/uploads\/2025\/01\/COMISARIA-23-8-1-665x420.jpg 665w, https:\/\/prensa.sma.gob.ar\/wp-content\/uploads\/2025\/01\/COMISARIA-23-8-1-696x439.jpg 696w, https:\/\/prensa.sma.gob.ar\/wp-content\/uploads\/2025\/01\/COMISARIA-23-8-1-1068x674.jpg 1068w, https:\/\/prensa.sma.gob.ar\/wp-content\/uploads\/2025\/01\/COMISARIA-23-8-1.jpg 1600w\" sizes=\"auto, (max-width: 1024px) 100vw, 1024px\" \/><\/figure>\n\n\n\n<figure class=\"wp-block-image size-large\"><img loading=\"lazy\" decoding=\"async\" width=\"1024\" height=\"563\" data-id=\"4940\" src=\"https:\/\/prensa.sma.gob.ar\/wp-content\/uploads\/2025\/01\/COMISARIA-23-1024x563.jpg\" alt=\"\" class=\"wp-image-4940\" srcset=\"https:\/\/prensa.sma.gob.ar\/wp-content\/uploads\/2025\/01\/COMISARIA-23-1024x563.jpg 1024w, https:\/\/prensa.sma.gob.ar\/wp-content\/uploads\/2025\/01\/COMISARIA-23-300x165.jpg 300w, https:\/\/prensa.sma.gob.ar\/wp-content\/uploads\/2025\/01\/COMISARIA-23-768x422.jpg 768w, https:\/\/prensa.sma.gob.ar\/wp-content\/uploads\/2025\/01\/COMISARIA-23-1536x845.jpg 1536w, https:\/\/prensa.sma.gob.ar\/wp-content\/uploads\/2025\/01\/COMISARIA-23-764x420.jpg 764w, https:\/\/prensa.sma.gob.ar\/wp-content\/uploads\/2025\/01\/COMISARIA-23-696x383.jpg 696w, https:\/\/prensa.sma.gob.ar\/wp-content\/uploads\/2025\/01\/COMISARIA-23-1068x587.jpg 1068w, https:\/\/prensa.sma.gob.ar\/wp-content\/uploads\/2025\/01\/COMISARIA-23.jpg 1600w\" sizes=\"auto, (max-width: 1024px) 100vw, 1024px\" \/><\/figure>\n<\/figure>\n","protected":false},"excerpt":{"rendered":"<p>La presidenta del Concejo Deliberante, a cargo del Ejecutivo comunal, Natalia Vita, asisti\u00f3 este martes al acto de puesta en funciones de los nuevos titulares de unidades dependientes de la Direcci\u00f3n de Seguridad Interior de Jun\u00edn de los Andes de la Polic\u00eda del Neuqu\u00e9n. Al acto, realizado en la comisar\u00eda 23 de nuestra ciudad, tambi\u00e9n [&hellip;]<\/p>\n","protected":false},"author":1,"featured_media":4931,"comment_status":"closed","ping_status":"open","sticky":false,"template":"","format":"standard","meta":{"footnotes":""},"categories":[14],"tags":[],"class_list":{"0":"post-4929","1":"post","2":"type-post","3":"status-publish","4":"format-standard","5":"has-post-thumbnail","7":"category-noticias"},"_links":{"self":[{"href":"https:\/\/prensa.sma.gob.ar\/index.php?rest_route=\/wp\/v2\/posts\/4929","targetHints":{"allow":["GET"]}}],"collection":[{"href":"https:\/\/prensa.sma.gob.ar\/index.php?rest_route=\/wp\/v2\/posts"}],"about":[{"href":"https:\/\/prensa.sma.gob.ar\/index.php?rest_route=\/wp\/v2\/types\/post"}],"author":[{"embeddable":true,"href":"https:\/\/prensa.sma.gob.ar\/index.php?rest_route=\/wp\/v2\/users\/1"}],"replies":[{"embeddable":true,"href":"https:\/\/prensa.sma.gob.ar\/index.php?rest_route=%2Fwp%2Fv2%2Fcomments&post=4929"}],"version-history":[{"count":1,"href":"https:\/\/prensa.sma.gob.ar\/index.php?rest_route=\/wp\/v2\/posts\/4929\/revisions"}],"predecessor-version":[{"id":4941,"href":"https:\/\/prensa.sma.gob.ar\/index.php?rest_route=\/wp\/v2\/posts\/4929\/revisions\/4941"}],"wp:featuredmedia":[{"embeddable":true,"href":"https:\/\/prensa.sma.gob.ar\/index.php?rest_route=\/wp\/v2\/media\/4931"}],"wp:attachment":[{"href":"https:\/\/prensa.sma.gob.ar\/index.php?rest_route=%2Fwp%2Fv2%2Fmedia&parent=4929"}],"wp:term":[{"taxonomy":"category","embeddable":true,"href":"https:\/\/prensa.sma.gob.ar\/index.php?rest_route=%2Fwp%2Fv2%2Fcategories&post=4929"},{"taxonomy":"post_tag","embeddable":true,"href":"https:\/\/prensa.sma.gob.ar\/index.php?rest_route=%2Fwp%2Fv2%2Ftags&post=4929"}],"curies":[{"name":"wp","href":"https:\/\/api.w.org\/{rel}","templated":true}]}}