{"id":5026,"date":"2025-01-20T13:44:40","date_gmt":"2025-01-20T13:44:40","guid":{"rendered":"https:\/\/prensa.sma.gob.ar\/?p=5026"},"modified":"2025-01-20T13:44:41","modified_gmt":"2025-01-20T13:44:41","slug":"el-ejecutivo-municipal-realizo-nuevos-operativos-por-la-venta-ambulante","status":"publish","type":"post","link":"https:\/\/prensa.sma.gob.ar\/?p=5026","title":{"rendered":"El Ejecutivo municipal realiz\u00f3 nuevos operativos por la venta ambulante"},"content":{"rendered":"\n<p>Personal de Guardas Ambientales y de Rentas del Municipio, junto a efectivos de la Polic\u00eda del Neuqu\u00e9n, realizaron el viernes un operativo conjunto para evitar la venta ambulante que est\u00e9 fuera de las normas vigentes.<\/p>\n\n\n\n<p>Pese a la magnitud de este y otros operativos, la situaci\u00f3n se repite pocas horas despu\u00e9s de cada inspecci\u00f3n. Ante esto, el Municipio anuncia que realizar\u00e1 operativos m\u00e1s prolongados y frecuentes.<\/p>\n\n\n\n<p>Por otra parte, el Ejecutivo tramita ante el Concejo Deliberante modificaciones a la ordenanza de vendedores ambulantes actualmente vigente, del a\u00f1o 1992.<\/p>\n\n\n\n<p>La semana pasada, el secretario de Econom\u00eda y Hacienda, Mat\u00edas Fern\u00e1ndez Consoli, envi\u00f3 una nota al Legislativo haci\u00e9ndose eco del reclamo de los comerciantes de nuestra ciudad en cuanto a vendedores ambulantes que no cumplen con la ordenanza actual.<\/p>\n\n\n\n<p>En esa nota, Fern\u00e1ndez Consoli deja expl\u00edcito el respaldo del Municipio al pedido de los comerciantes y de la C\u00e1mara que los nuclea. \u201cNo es nuestra intenci\u00f3n impedir que la gente trabaje, pero s\u00ed es nuestra postura defender al comerciante que todo el a\u00f1o da trabajo a la gente del pueblo, paga sus impuestos y alquileres\u201d, se\u00f1ala.<\/p>\n\n\n\n<p><\/p>\n","protected":false},"excerpt":{"rendered":"<p>Personal de Guardas Ambientales y de Rentas del Municipio, junto a efectivos de la Polic\u00eda del Neuqu\u00e9n, realizaron el viernes un operativo conjunto para evitar la venta ambulante que est\u00e9 fuera de las normas vigentes. Pese a la magnitud de este y otros operativos, la situaci\u00f3n se repite pocas horas despu\u00e9s de cada inspecci\u00f3n. Ante [&hellip;]<\/p>\n","protected":false},"author":1,"featured_media":5027,"comment_status":"closed","ping_status":"open","sticky":false,"template":"","format":"standard","meta":{"footnotes":""},"categories":[16,14,17],"tags":[],"class_list":{"0":"post-5026","1":"post","2":"type-post","3":"status-publish","4":"format-standard","5":"has-post-thumbnail","7":"category-destacadas","8":"category-noticias","9":"category-portada"},"_links":{"self":[{"href":"https:\/\/prensa.sma.gob.ar\/index.php?rest_route=\/wp\/v2\/posts\/5026","targetHints":{"allow":["GET"]}}],"collection":[{"href":"https:\/\/prensa.sma.gob.ar\/index.php?rest_route=\/wp\/v2\/posts"}],"about":[{"href":"https:\/\/prensa.sma.gob.ar\/index.php?rest_route=\/wp\/v2\/types\/post"}],"author":[{"embeddable":true,"href":"https:\/\/prensa.sma.gob.ar\/index.php?rest_route=\/wp\/v2\/users\/1"}],"replies":[{"embeddable":true,"href":"https:\/\/prensa.sma.gob.ar\/index.php?rest_route=%2Fwp%2Fv2%2Fcomments&post=5026"}],"version-history":[{"count":1,"href":"https:\/\/prensa.sma.gob.ar\/index.php?rest_route=\/wp\/v2\/posts\/5026\/revisions"}],"predecessor-version":[{"id":5028,"href":"https:\/\/prensa.sma.gob.ar\/index.php?rest_route=\/wp\/v2\/posts\/5026\/revisions\/5028"}],"wp:featuredmedia":[{"embeddable":true,"href":"https:\/\/prensa.sma.gob.ar\/index.php?rest_route=\/wp\/v2\/media\/5027"}],"wp:attachment":[{"href":"https:\/\/prensa.sma.gob.ar\/index.php?rest_route=%2Fwp%2Fv2%2Fmedia&parent=5026"}],"wp:term":[{"taxonomy":"category","embeddable":true,"href":"https:\/\/prensa.sma.gob.ar\/index.php?rest_route=%2Fwp%2Fv2%2Fcategories&post=5026"},{"taxonomy":"post_tag","embeddable":true,"href":"https:\/\/prensa.sma.gob.ar\/index.php?rest_route=%2Fwp%2Fv2%2Ftags&post=5026"}],"curies":[{"name":"wp","href":"https:\/\/api.w.org\/{rel}","templated":true}]}}