{"id":5031,"date":"2025-01-20T15:37:33","date_gmt":"2025-01-20T15:37:33","guid":{"rendered":"https:\/\/prensa.sma.gob.ar\/?p=5031"},"modified":"2025-01-20T15:37:35","modified_gmt":"2025-01-20T15:37:35","slug":"comenzo-la-colocacion-de-maderas-en-el-nuevo-deck-de-la-costanera-del-lago-lacar","status":"publish","type":"post","link":"https:\/\/prensa.sma.gob.ar\/?p=5031","title":{"rendered":"Comenz\u00f3 la colocaci\u00f3n de maderas en el nuevo deck de la Costanera del lago Lacar"},"content":{"rendered":"\n<p>Con el inicio de la colocaci\u00f3n de madera, avanzan los trabajos de reconstrucci\u00f3n del deck de la Costanera del lago Lacar, como parte del plan de mejoramiento del paseo costero que desde noviembre lleva adelante el Municipio.<\/p>\n\n\n\n<p>La obra implica la reconstrucci\u00f3n de la estructura de deck y 267m2 de solado con madera de Coihue de 2 x 5\u2033, preparada en el Aserradero Municipal del aprovechamiento forestal Yuco Alto.<\/p>\n\n\n\n<p>El trabajo incluye la colocaci\u00f3n con maquinaria de piedra bocha grande a modo de corta ola; adem\u00e1s de lijar y pintar la madera con protector.<\/p>\n\n\n\n<figure class=\"wp-block-gallery has-nested-images columns-default is-cropped wp-block-gallery-1 is-layout-flex wp-block-gallery-is-layout-flex\">\n<figure class=\"wp-block-image size-large\"><img loading=\"lazy\" decoding=\"async\" width=\"1024\" height=\"575\" data-id=\"5041\" src=\"https:\/\/prensa.sma.gob.ar\/wp-content\/uploads\/2025\/01\/WhatsApp-Image-2025-01-20-at-12.07.05-1024x575.jpeg\" alt=\"\" class=\"wp-image-5041\" srcset=\"https:\/\/prensa.sma.gob.ar\/wp-content\/uploads\/2025\/01\/WhatsApp-Image-2025-01-20-at-12.07.05-1024x575.jpeg 1024w, https:\/\/prensa.sma.gob.ar\/wp-content\/uploads\/2025\/01\/WhatsApp-Image-2025-01-20-at-12.07.05-300x169.jpeg 300w, https:\/\/prensa.sma.gob.ar\/wp-content\/uploads\/2025\/01\/WhatsApp-Image-2025-01-20-at-12.07.05-768x432.jpeg 768w, https:\/\/prensa.sma.gob.ar\/wp-content\/uploads\/2025\/01\/WhatsApp-Image-2025-01-20-at-12.07.05-1536x863.jpeg 1536w, https:\/\/prensa.sma.gob.ar\/wp-content\/uploads\/2025\/01\/WhatsApp-Image-2025-01-20-at-12.07.05-747x420.jpeg 747w, https:\/\/prensa.sma.gob.ar\/wp-content\/uploads\/2025\/01\/WhatsApp-Image-2025-01-20-at-12.07.05-696x391.jpeg 696w, https:\/\/prensa.sma.gob.ar\/wp-content\/uploads\/2025\/01\/WhatsApp-Image-2025-01-20-at-12.07.05-1068x600.jpeg 1068w, https:\/\/prensa.sma.gob.ar\/wp-content\/uploads\/2025\/01\/WhatsApp-Image-2025-01-20-at-12.07.05.jpeg 1600w\" sizes=\"auto, (max-width: 1024px) 100vw, 1024px\" \/><\/figure>\n\n\n\n<figure class=\"wp-block-image size-large\"><img loading=\"lazy\" decoding=\"async\" width=\"1024\" height=\"576\" data-id=\"5040\" src=\"https:\/\/prensa.sma.gob.ar\/wp-content\/uploads\/2025\/01\/WhatsApp-Image-2025-01-20-at-12.07.05-1-1024x576.jpeg\" alt=\"\" class=\"wp-image-5040\" srcset=\"https:\/\/prensa.sma.gob.ar\/wp-content\/uploads\/2025\/01\/WhatsApp-Image-2025-01-20-at-12.07.05-1-1024x576.jpeg 1024w, https:\/\/prensa.sma.gob.ar\/wp-content\/uploads\/2025\/01\/WhatsApp-Image-2025-01-20-at-12.07.05-1-300x169.jpeg 300w, https:\/\/prensa.sma.gob.ar\/wp-content\/uploads\/2025\/01\/WhatsApp-Image-2025-01-20-at-12.07.05-1-768x432.jpeg 768w, https:\/\/prensa.sma.gob.ar\/wp-content\/uploads\/2025\/01\/WhatsApp-Image-2025-01-20-at-12.07.05-1-1536x864.jpeg 1536w, https:\/\/prensa.sma.gob.ar\/wp-content\/uploads\/2025\/01\/WhatsApp-Image-2025-01-20-at-12.07.05-1-747x420.jpeg 747w, https:\/\/prensa.sma.gob.ar\/wp-content\/uploads\/2025\/01\/WhatsApp-Image-2025-01-20-at-12.07.05-1-696x392.jpeg 696w, https:\/\/prensa.sma.gob.ar\/wp-content\/uploads\/2025\/01\/WhatsApp-Image-2025-01-20-at-12.07.05-1-1068x601.jpeg 1068w, https:\/\/prensa.sma.gob.ar\/wp-content\/uploads\/2025\/01\/WhatsApp-Image-2025-01-20-at-12.07.05-1.jpeg 1600w\" sizes=\"auto, (max-width: 1024px) 100vw, 1024px\" \/><\/figure>\n\n\n\n<figure class=\"wp-block-image size-large\"><img loading=\"lazy\" decoding=\"async\" width=\"1024\" height=\"575\" data-id=\"5039\" src=\"https:\/\/prensa.sma.gob.ar\/wp-content\/uploads\/2025\/01\/WhatsApp-Image-2025-01-20-at-12.07.05-2-1024x575.jpeg\" alt=\"\" class=\"wp-image-5039\" srcset=\"https:\/\/prensa.sma.gob.ar\/wp-content\/uploads\/2025\/01\/WhatsApp-Image-2025-01-20-at-12.07.05-2-1024x575.jpeg 1024w, https:\/\/prensa.sma.gob.ar\/wp-content\/uploads\/2025\/01\/WhatsApp-Image-2025-01-20-at-12.07.05-2-300x169.jpeg 300w, https:\/\/prensa.sma.gob.ar\/wp-content\/uploads\/2025\/01\/WhatsApp-Image-2025-01-20-at-12.07.05-2-768x432.jpeg 768w, https:\/\/prensa.sma.gob.ar\/wp-content\/uploads\/2025\/01\/WhatsApp-Image-2025-01-20-at-12.07.05-2-1536x863.jpeg 1536w, https:\/\/prensa.sma.gob.ar\/wp-content\/uploads\/2025\/01\/WhatsApp-Image-2025-01-20-at-12.07.05-2-747x420.jpeg 747w, https:\/\/prensa.sma.gob.ar\/wp-content\/uploads\/2025\/01\/WhatsApp-Image-2025-01-20-at-12.07.05-2-696x391.jpeg 696w, https:\/\/prensa.sma.gob.ar\/wp-content\/uploads\/2025\/01\/WhatsApp-Image-2025-01-20-at-12.07.05-2-1068x600.jpeg 1068w, https:\/\/prensa.sma.gob.ar\/wp-content\/uploads\/2025\/01\/WhatsApp-Image-2025-01-20-at-12.07.05-2.jpeg 1600w\" sizes=\"auto, (max-width: 1024px) 100vw, 1024px\" \/><\/figure>\n<\/figure>\n\n\n\n<p>La empresa contratista de Aurelio Oscar Bustamante tiene a su cargo la obra del deck tras haber ganado el concurso de precios para el rearmado las instalaciones da\u00f1adas por el oleaje durante un temporal.<\/p>\n\n\n\n<p>Los trabajos de mejoramiento de la Costanera de nuestra ciudad incluyeron la recomposici\u00f3n de adoquines de p\u00f3rfido, pintura, colocaci\u00f3n de pretiles en el sector de Food Trucks, a cargo de la Secretar\u00eda de Obras y Servicios P\u00fablicos.<\/p>\n\n\n\n<p>Se recomienda a vecinas y vecinos y a turistas transitar con precauci\u00f3n en la zona.<\/p>\n\n\n\n<figure class=\"wp-block-gallery has-nested-images columns-default is-cropped wp-block-gallery-2 is-layout-flex wp-block-gallery-is-layout-flex\">\n<figure class=\"wp-block-image size-large\"><img loading=\"lazy\" decoding=\"async\" width=\"1024\" height=\"576\" data-id=\"5038\" src=\"https:\/\/prensa.sma.gob.ar\/wp-content\/uploads\/2025\/01\/WhatsApp-Image-2025-01-20-at-12.07.06-1024x576.jpeg\" alt=\"\" class=\"wp-image-5038\" srcset=\"https:\/\/prensa.sma.gob.ar\/wp-content\/uploads\/2025\/01\/WhatsApp-Image-2025-01-20-at-12.07.06-1024x576.jpeg 1024w, https:\/\/prensa.sma.gob.ar\/wp-content\/uploads\/2025\/01\/WhatsApp-Image-2025-01-20-at-12.07.06-300x169.jpeg 300w, https:\/\/prensa.sma.gob.ar\/wp-content\/uploads\/2025\/01\/WhatsApp-Image-2025-01-20-at-12.07.06-768x432.jpeg 768w, https:\/\/prensa.sma.gob.ar\/wp-content\/uploads\/2025\/01\/WhatsApp-Image-2025-01-20-at-12.07.06-1536x864.jpeg 1536w, https:\/\/prensa.sma.gob.ar\/wp-content\/uploads\/2025\/01\/WhatsApp-Image-2025-01-20-at-12.07.06-747x420.jpeg 747w, https:\/\/prensa.sma.gob.ar\/wp-content\/uploads\/2025\/01\/WhatsApp-Image-2025-01-20-at-12.07.06-696x392.jpeg 696w, https:\/\/prensa.sma.gob.ar\/wp-content\/uploads\/2025\/01\/WhatsApp-Image-2025-01-20-at-12.07.06-1068x601.jpeg 1068w, https:\/\/prensa.sma.gob.ar\/wp-content\/uploads\/2025\/01\/WhatsApp-Image-2025-01-20-at-12.07.06.jpeg 1600w\" sizes=\"auto, (max-width: 1024px) 100vw, 1024px\" \/><\/figure>\n\n\n\n<figure class=\"wp-block-image size-large\"><img loading=\"lazy\" decoding=\"async\" width=\"1024\" height=\"576\" data-id=\"5037\" src=\"https:\/\/prensa.sma.gob.ar\/wp-content\/uploads\/2025\/01\/WhatsApp-Image-2025-01-20-at-12.07.06-1-copia-1024x576.jpeg\" alt=\"\" class=\"wp-image-5037\" srcset=\"https:\/\/prensa.sma.gob.ar\/wp-content\/uploads\/2025\/01\/WhatsApp-Image-2025-01-20-at-12.07.06-1-copia-1024x576.jpeg 1024w, https:\/\/prensa.sma.gob.ar\/wp-content\/uploads\/2025\/01\/WhatsApp-Image-2025-01-20-at-12.07.06-1-copia-300x169.jpeg 300w, https:\/\/prensa.sma.gob.ar\/wp-content\/uploads\/2025\/01\/WhatsApp-Image-2025-01-20-at-12.07.06-1-copia-768x432.jpeg 768w, https:\/\/prensa.sma.gob.ar\/wp-content\/uploads\/2025\/01\/WhatsApp-Image-2025-01-20-at-12.07.06-1-copia-1536x864.jpeg 1536w, https:\/\/prensa.sma.gob.ar\/wp-content\/uploads\/2025\/01\/WhatsApp-Image-2025-01-20-at-12.07.06-1-copia-747x420.jpeg 747w, https:\/\/prensa.sma.gob.ar\/wp-content\/uploads\/2025\/01\/WhatsApp-Image-2025-01-20-at-12.07.06-1-copia-696x392.jpeg 696w, https:\/\/prensa.sma.gob.ar\/wp-content\/uploads\/2025\/01\/WhatsApp-Image-2025-01-20-at-12.07.06-1-copia-1068x601.jpeg 1068w, https:\/\/prensa.sma.gob.ar\/wp-content\/uploads\/2025\/01\/WhatsApp-Image-2025-01-20-at-12.07.06-1-copia.jpeg 1600w\" sizes=\"auto, (max-width: 1024px) 100vw, 1024px\" \/><\/figure>\n\n\n\n<figure class=\"wp-block-image size-large\"><img loading=\"lazy\" decoding=\"async\" width=\"1024\" height=\"576\" data-id=\"5036\" src=\"https:\/\/prensa.sma.gob.ar\/wp-content\/uploads\/2025\/01\/WhatsApp-Image-2025-01-20-at-12.07.07-copia-1024x576.jpeg\" alt=\"\" class=\"wp-image-5036\" srcset=\"https:\/\/prensa.sma.gob.ar\/wp-content\/uploads\/2025\/01\/WhatsApp-Image-2025-01-20-at-12.07.07-copia-1024x576.jpeg 1024w, https:\/\/prensa.sma.gob.ar\/wp-content\/uploads\/2025\/01\/WhatsApp-Image-2025-01-20-at-12.07.07-copia-300x169.jpeg 300w, https:\/\/prensa.sma.gob.ar\/wp-content\/uploads\/2025\/01\/WhatsApp-Image-2025-01-20-at-12.07.07-copia-768x432.jpeg 768w, https:\/\/prensa.sma.gob.ar\/wp-content\/uploads\/2025\/01\/WhatsApp-Image-2025-01-20-at-12.07.07-copia-1536x864.jpeg 1536w, https:\/\/prensa.sma.gob.ar\/wp-content\/uploads\/2025\/01\/WhatsApp-Image-2025-01-20-at-12.07.07-copia-747x420.jpeg 747w, https:\/\/prensa.sma.gob.ar\/wp-content\/uploads\/2025\/01\/WhatsApp-Image-2025-01-20-at-12.07.07-copia-696x392.jpeg 696w, https:\/\/prensa.sma.gob.ar\/wp-content\/uploads\/2025\/01\/WhatsApp-Image-2025-01-20-at-12.07.07-copia-1068x601.jpeg 1068w, https:\/\/prensa.sma.gob.ar\/wp-content\/uploads\/2025\/01\/WhatsApp-Image-2025-01-20-at-12.07.07-copia.jpeg 1600w\" sizes=\"auto, (max-width: 1024px) 100vw, 1024px\" \/><\/figure>\n<\/figure>\n","protected":false},"excerpt":{"rendered":"<p>Con el inicio de la colocaci\u00f3n de madera, avanzan los trabajos de reconstrucci\u00f3n del deck de la Costanera del lago Lacar, como parte del plan de mejoramiento del paseo costero que desde noviembre lleva adelante el Municipio. La obra implica la reconstrucci\u00f3n de la estructura de deck y 267m2 de solado con madera de Coihue [&hellip;]<\/p>\n","protected":false},"author":2,"featured_media":5033,"comment_status":"closed","ping_status":"open","sticky":false,"template":"","format":"standard","meta":{"footnotes":""},"categories":[16,14,19,17],"tags":[],"class_list":{"0":"post-5031","1":"post","2":"type-post","3":"status-publish","4":"format-standard","5":"has-post-thumbnail","7":"category-destacadas","8":"category-noticias","9":"category-obras-y-servicios-publicos","10":"category-portada"},"_links":{"self":[{"href":"https:\/\/prensa.sma.gob.ar\/index.php?rest_route=\/wp\/v2\/posts\/5031","targetHints":{"allow":["GET"]}}],"collection":[{"href":"https:\/\/prensa.sma.gob.ar\/index.php?rest_route=\/wp\/v2\/posts"}],"about":[{"href":"https:\/\/prensa.sma.gob.ar\/index.php?rest_route=\/wp\/v2\/types\/post"}],"author":[{"embeddable":true,"href":"https:\/\/prensa.sma.gob.ar\/index.php?rest_route=\/wp\/v2\/users\/2"}],"replies":[{"embeddable":true,"href":"https:\/\/prensa.sma.gob.ar\/index.php?rest_route=%2Fwp%2Fv2%2Fcomments&post=5031"}],"version-history":[{"count":1,"href":"https:\/\/prensa.sma.gob.ar\/index.php?rest_route=\/wp\/v2\/posts\/5031\/revisions"}],"predecessor-version":[{"id":5042,"href":"https:\/\/prensa.sma.gob.ar\/index.php?rest_route=\/wp\/v2\/posts\/5031\/revisions\/5042"}],"wp:featuredmedia":[{"embeddable":true,"href":"https:\/\/prensa.sma.gob.ar\/index.php?rest_route=\/wp\/v2\/media\/5033"}],"wp:attachment":[{"href":"https:\/\/prensa.sma.gob.ar\/index.php?rest_route=%2Fwp%2Fv2%2Fmedia&parent=5031"}],"wp:term":[{"taxonomy":"category","embeddable":true,"href":"https:\/\/prensa.sma.gob.ar\/index.php?rest_route=%2Fwp%2Fv2%2Fcategories&post=5031"},{"taxonomy":"post_tag","embeddable":true,"href":"https:\/\/prensa.sma.gob.ar\/index.php?rest_route=%2Fwp%2Fv2%2Ftags&post=5031"}],"curies":[{"name":"wp","href":"https:\/\/api.w.org\/{rel}","templated":true}]}}