{"id":5045,"date":"2025-01-21T01:55:13","date_gmt":"2025-01-21T01:55:13","guid":{"rendered":"https:\/\/prensa.sma.gob.ar\/?p=5045"},"modified":"2025-01-21T17:25:00","modified_gmt":"2025-01-21T17:25:00","slug":"operativo-del-municipio-con-colaboracion-provincial-para-asistir-a-familias-sin-agua-en-chacra-30","status":"publish","type":"post","link":"https:\/\/prensa.sma.gob.ar\/?p=5045","title":{"rendered":"Operativo del Municipio con colaboraci\u00f3n provincial para asistir a familias sin agua en Chacra 30"},"content":{"rendered":"\n<p>Diversas \u00e1reas municipales se movilizaron este lunes para asistir al barrio 85 Viviendas que est\u00e1 sin suministro de agua por problemas en el sistema de bombeo. Colabor\u00f3 personal del Sistema Provincial de Manejo del Fuego (SPMF).<\/p>\n\n\n\n<p>Personal y veh\u00edculos de Protecci\u00f3n Civil y del SPMF, con aporte de combustible del Municipio, llevaron agua al tanque de las 85 Viviendas para contribuir a paliar la crisis por falta de suministro que afecta a los barrios de las zonas altas de Cordones del Chapelco.<\/p>\n\n\n\n<p>Este martes se replicar\u00e1n operativos similares para llevar agua a otros tanques, mientras se espera la normalizaci\u00f3n en el sistema de bombeo y distribuci\u00f3n de agua que tiene a su cargo la Cooperativa de Agua Potable y Saneamiento.<\/p>\n\n\n\n<p>El Municipio agradece especialmente la asistencia del SPMF que, sin descuidar su funci\u00f3n espec\u00edfica en esta \u00e9poca, accedi\u00f3 a prestar ayuda, trabajando de manera coordinada con Protecci\u00f3n Civil y otras \u00e1reas del Municipio, adem\u00e1s de la Subsecretar\u00eda de Servicios P\u00fablicos.<\/p>\n\n\n\n<p>La coordinaci\u00f3n general del operativo y la log\u00edstica estuvieron a cargo de la Subsecretar\u00eda de Juntas Vecinales y de la Subsecretar\u00eda de Gobierno, ambas dependientes de la Secretar\u00eda de Gobierno del Municipio.<\/p>\n\n\n\n<p>El Ejecutivo municipal agradeci\u00f3 tambi\u00e9n a las comisiones vecinales de los barrios afectados, tanto por su colaboraci\u00f3n como por el aporte de ideas para resolver la emergencia. Se solicita a vecinas y vecinos cuidar el agua, no regar y priorizar solamente el consumo familiar.<\/p>\n\n\n\n<p>Este domingo, la Cooperativa de Agua Potable y Saneamiento de San Mart\u00edn de los Andes inform\u00f3 que se produjo nuevamente faltante de agua en las zonas altas de Chacra 30 y Chacra 28, fundamentalmente en los barrios 85 Viviendas, Los Manzanos, 120 Viviendas, Valle Chapelco, algunos sectores del barrio Santo Domingo y Altos de la Vega.<\/p>\n\n\n\n<p>Se\u00f1al\u00f3, adem\u00e1s, que el inconveniente obedece a problemas de infraestructura ya mencionados anteriormente, que impiden que los tanques recuperen su nivel.<\/p>\n\n\n\n<figure class=\"wp-block-gallery has-nested-images columns-default is-cropped wp-block-gallery-1 is-layout-flex wp-block-gallery-is-layout-flex\">\n<figure class=\"wp-block-image size-large\"><img loading=\"lazy\" decoding=\"async\" width=\"1024\" height=\"576\" data-id=\"5047\" src=\"https:\/\/prensa.sma.gob.ar\/wp-content\/uploads\/2025\/01\/WhatsApp-Image-2025-01-20-at-16.56.27-1024x576.jpeg\" alt=\"\" class=\"wp-image-5047\" srcset=\"https:\/\/prensa.sma.gob.ar\/wp-content\/uploads\/2025\/01\/WhatsApp-Image-2025-01-20-at-16.56.27-1024x576.jpeg 1024w, https:\/\/prensa.sma.gob.ar\/wp-content\/uploads\/2025\/01\/WhatsApp-Image-2025-01-20-at-16.56.27-300x169.jpeg 300w, https:\/\/prensa.sma.gob.ar\/wp-content\/uploads\/2025\/01\/WhatsApp-Image-2025-01-20-at-16.56.27-768x432.jpeg 768w, https:\/\/prensa.sma.gob.ar\/wp-content\/uploads\/2025\/01\/WhatsApp-Image-2025-01-20-at-16.56.27-747x420.jpeg 747w, https:\/\/prensa.sma.gob.ar\/wp-content\/uploads\/2025\/01\/WhatsApp-Image-2025-01-20-at-16.56.27-696x392.jpeg 696w, https:\/\/prensa.sma.gob.ar\/wp-content\/uploads\/2025\/01\/WhatsApp-Image-2025-01-20-at-16.56.27-1068x601.jpeg 1068w, https:\/\/prensa.sma.gob.ar\/wp-content\/uploads\/2025\/01\/WhatsApp-Image-2025-01-20-at-16.56.27.jpeg 1280w\" sizes=\"auto, (max-width: 1024px) 100vw, 1024px\" \/><\/figure>\n\n\n\n<figure class=\"wp-block-image size-large\"><img loading=\"lazy\" decoding=\"async\" width=\"1024\" height=\"576\" data-id=\"5046\" src=\"https:\/\/prensa.sma.gob.ar\/wp-content\/uploads\/2025\/01\/WhatsApp-Image-2025-01-20-at-16.56.271-1024x576.jpeg\" alt=\"\" class=\"wp-image-5046\" srcset=\"https:\/\/prensa.sma.gob.ar\/wp-content\/uploads\/2025\/01\/WhatsApp-Image-2025-01-20-at-16.56.271-1024x576.jpeg 1024w, https:\/\/prensa.sma.gob.ar\/wp-content\/uploads\/2025\/01\/WhatsApp-Image-2025-01-20-at-16.56.271-300x169.jpeg 300w, https:\/\/prensa.sma.gob.ar\/wp-content\/uploads\/2025\/01\/WhatsApp-Image-2025-01-20-at-16.56.271-768x432.jpeg 768w, https:\/\/prensa.sma.gob.ar\/wp-content\/uploads\/2025\/01\/WhatsApp-Image-2025-01-20-at-16.56.271-747x420.jpeg 747w, https:\/\/prensa.sma.gob.ar\/wp-content\/uploads\/2025\/01\/WhatsApp-Image-2025-01-20-at-16.56.271-696x392.jpeg 696w, https:\/\/prensa.sma.gob.ar\/wp-content\/uploads\/2025\/01\/WhatsApp-Image-2025-01-20-at-16.56.271-1068x601.jpeg 1068w, https:\/\/prensa.sma.gob.ar\/wp-content\/uploads\/2025\/01\/WhatsApp-Image-2025-01-20-at-16.56.271.jpeg 1280w\" sizes=\"auto, (max-width: 1024px) 100vw, 1024px\" \/><\/figure>\n<\/figure>\n","protected":false},"excerpt":{"rendered":"<p>Diversas \u00e1reas municipales se movilizaron este lunes para asistir al barrio 85 Viviendas que est\u00e1 sin suministro de agua por problemas en el sistema de bombeo. Colabor\u00f3 personal del Sistema Provincial de Manejo del Fuego (SPMF). Personal y veh\u00edculos de Protecci\u00f3n Civil y del SPMF, con aporte de combustible del Municipio, llevaron agua al tanque [&hellip;]<\/p>\n","protected":false},"author":2,"featured_media":5046,"comment_status":"closed","ping_status":"open","sticky":false,"template":"","format":"standard","meta":{"footnotes":""},"categories":[16,11,39,14],"tags":[],"class_list":{"0":"post-5045","1":"post","2":"type-post","3":"status-publish","4":"format-standard","5":"has-post-thumbnail","7":"category-destacadas","8":"category-gobierno","9":"category-subs-juntas-vecinales","10":"category-noticias"},"_links":{"self":[{"href":"https:\/\/prensa.sma.gob.ar\/index.php?rest_route=\/wp\/v2\/posts\/5045","targetHints":{"allow":["GET"]}}],"collection":[{"href":"https:\/\/prensa.sma.gob.ar\/index.php?rest_route=\/wp\/v2\/posts"}],"about":[{"href":"https:\/\/prensa.sma.gob.ar\/index.php?rest_route=\/wp\/v2\/types\/post"}],"author":[{"embeddable":true,"href":"https:\/\/prensa.sma.gob.ar\/index.php?rest_route=\/wp\/v2\/users\/2"}],"replies":[{"embeddable":true,"href":"https:\/\/prensa.sma.gob.ar\/index.php?rest_route=%2Fwp%2Fv2%2Fcomments&post=5045"}],"version-history":[{"count":2,"href":"https:\/\/prensa.sma.gob.ar\/index.php?rest_route=\/wp\/v2\/posts\/5045\/revisions"}],"predecessor-version":[{"id":5056,"href":"https:\/\/prensa.sma.gob.ar\/index.php?rest_route=\/wp\/v2\/posts\/5045\/revisions\/5056"}],"wp:featuredmedia":[{"embeddable":true,"href":"https:\/\/prensa.sma.gob.ar\/index.php?rest_route=\/wp\/v2\/media\/5046"}],"wp:attachment":[{"href":"https:\/\/prensa.sma.gob.ar\/index.php?rest_route=%2Fwp%2Fv2%2Fmedia&parent=5045"}],"wp:term":[{"taxonomy":"category","embeddable":true,"href":"https:\/\/prensa.sma.gob.ar\/index.php?rest_route=%2Fwp%2Fv2%2Fcategories&post=5045"},{"taxonomy":"post_tag","embeddable":true,"href":"https:\/\/prensa.sma.gob.ar\/index.php?rest_route=%2Fwp%2Fv2%2Ftags&post=5045"}],"curies":[{"name":"wp","href":"https:\/\/api.w.org\/{rel}","templated":true}]}}