{"id":5049,"date":"2025-01-21T15:37:16","date_gmt":"2025-01-21T15:37:16","guid":{"rendered":"https:\/\/prensa.sma.gob.ar\/?p=5049"},"modified":"2025-01-21T17:18:25","modified_gmt":"2025-01-21T17:18:25","slug":"esta-abierta-la-inscripcion-para-la-noche-de-las-artes-de-febrero","status":"publish","type":"post","link":"https:\/\/prensa.sma.gob.ar\/?p=5049","title":{"rendered":"Est\u00e1 abierta la inscripci\u00f3n para La Noche de las Artes de febrero"},"content":{"rendered":"\n<p>El s\u00e1bado 15 de febrero se realizar\u00e1 la segunda y \u00faltima edici\u00f3n de La Noche de las Artes de este verano 2025.<\/p>\n\n\n\n<p>Una vez m\u00e1s la Avenida San Mart\u00edn se transformar\u00e1 en una gran peatonal cultural, en lo que ser\u00e1 una nueva fiesta del arte callejero.<\/p>\n\n\n\n<p>Las inscripciones se realizar\u00e1n en la Secretar\u00eda de Cultura (Cap. Drury 665), los d\u00edas h\u00e1biles, desde este lunes 20 de enero hasta el mi\u00e9rcoles 5 de febrero, de 9:00 a 14:00 hs y de 15:00 a 18:00 hs.<\/p>\n\n\n\n<p>La convocatoria est\u00e1 destinada a los siguientes rubros: artes pl\u00e1sticas, fotograf\u00eda, producciones audiovisuales, m\u00fasica, danzas, teatro, circo, t\u00edteres, bibliotecas, librer\u00edas y editoriales.<\/p>\n\n\n\n<p>Se establece un cupo m\u00e1ximo de 70 \u201cpresentaciones esc\u00e9nicas\u201d, para las cuales se respetar\u00e1 el orden de inscripci\u00f3n (los que se inscriban posteriormente quedar\u00e1n en lista de espera).<\/p>\n\n\n\n<p>Importante: los grupos que hagan \u201cpresentaciones esc\u00e9nicas\u201d y deseen actuar en un mismo espacio f\u00edsico, uno a continuaci\u00f3n de otro (porque comparten sonido o por cualquier otra raz\u00f3n), deber\u00e1n presentarse juntos al momento de hacer la inscripci\u00f3n. Para la modalidad \u201cen continuado\u201d se aceptar\u00e1n un m\u00e1ximo de 3 presentaciones esc\u00e9nicas. Para los \u201cexpositores\u201d (artes visuales y literatura) no habr\u00e1 l\u00edmite de participaci\u00f3n.<\/p>\n\n\n\n<p>Se recuerda que los inscriptos ser\u00e1n convocados a una reuni\u00f3n-sorteo en la que se brindar\u00e1 informaci\u00f3n sobre las caracter\u00edsticas del evento y se determinar\u00e1n los lugares y horarios de cada presentaci\u00f3n esc\u00e9nica o expositor. Y en el caso de las \u201cpresentaciones esc\u00e9nicas\u201d esta reuni\u00f3n es obligatoria.<\/p>\n\n\n\n<p>Para m\u00e1s informaci\u00f3n comunicarse al (02972) 427-315 int. 361\/364, de lunes a viernes, de 9 a 15hs.<\/p>\n","protected":false},"excerpt":{"rendered":"<p>El s\u00e1bado 15 de febrero se realizar\u00e1 la segunda y \u00faltima edici\u00f3n de La Noche de las Artes de este verano 2025. Una vez m\u00e1s la Avenida San Mart\u00edn se transformar\u00e1 en una gran peatonal cultural, en lo que ser\u00e1 una nueva fiesta del arte callejero. Las inscripciones se realizar\u00e1n en la Secretar\u00eda de Cultura [&hellip;]<\/p>\n","protected":false},"author":1,"featured_media":5050,"comment_status":"closed","ping_status":"open","sticky":false,"template":"","format":"standard","meta":{"footnotes":""},"categories":[5,16,14],"tags":[],"class_list":{"0":"post-5049","1":"post","2":"type-post","3":"status-publish","4":"format-standard","5":"has-post-thumbnail","7":"category-cultura","8":"category-destacadas","9":"category-noticias"},"_links":{"self":[{"href":"https:\/\/prensa.sma.gob.ar\/index.php?rest_route=\/wp\/v2\/posts\/5049","targetHints":{"allow":["GET"]}}],"collection":[{"href":"https:\/\/prensa.sma.gob.ar\/index.php?rest_route=\/wp\/v2\/posts"}],"about":[{"href":"https:\/\/prensa.sma.gob.ar\/index.php?rest_route=\/wp\/v2\/types\/post"}],"author":[{"embeddable":true,"href":"https:\/\/prensa.sma.gob.ar\/index.php?rest_route=\/wp\/v2\/users\/1"}],"replies":[{"embeddable":true,"href":"https:\/\/prensa.sma.gob.ar\/index.php?rest_route=%2Fwp%2Fv2%2Fcomments&post=5049"}],"version-history":[{"count":1,"href":"https:\/\/prensa.sma.gob.ar\/index.php?rest_route=\/wp\/v2\/posts\/5049\/revisions"}],"predecessor-version":[{"id":5051,"href":"https:\/\/prensa.sma.gob.ar\/index.php?rest_route=\/wp\/v2\/posts\/5049\/revisions\/5051"}],"wp:featuredmedia":[{"embeddable":true,"href":"https:\/\/prensa.sma.gob.ar\/index.php?rest_route=\/wp\/v2\/media\/5050"}],"wp:attachment":[{"href":"https:\/\/prensa.sma.gob.ar\/index.php?rest_route=%2Fwp%2Fv2%2Fmedia&parent=5049"}],"wp:term":[{"taxonomy":"category","embeddable":true,"href":"https:\/\/prensa.sma.gob.ar\/index.php?rest_route=%2Fwp%2Fv2%2Fcategories&post=5049"},{"taxonomy":"post_tag","embeddable":true,"href":"https:\/\/prensa.sma.gob.ar\/index.php?rest_route=%2Fwp%2Fv2%2Ftags&post=5049"}],"curies":[{"name":"wp","href":"https:\/\/api.w.org\/{rel}","templated":true}]}}