{"id":5078,"date":"2025-01-22T14:23:49","date_gmt":"2025-01-22T14:23:49","guid":{"rendered":"https:\/\/prensa.sma.gob.ar\/?p=5078"},"modified":"2025-01-22T14:23:50","modified_gmt":"2025-01-22T14:23:50","slug":"continua-el-operativo-de-suministro-de-agua-a-barrios-de-cordones-del-chapelco-y-otras-zonas","status":"publish","type":"post","link":"https:\/\/prensa.sma.gob.ar\/?p=5078","title":{"rendered":"Contin\u00faa el operativo de suministro de agua a barrios de Cordones del Chapelco y otras zonas"},"content":{"rendered":"\n<p>A las acciones ya informadas el lunes, se sum\u00f3 el traslado del suministro con dos camiones contratados por el Municipio que este mi\u00e9rcoles prev\u00e9n realizar cerca de una decena de viajes.<\/p>\n\n\n\n<p>Como parte de las acciones, este martes el Municipio asisti\u00f3 a varias familias de la zona afectada, con apoyo del Sistema Provincial de Manejo del Fuego. Este esquema tambi\u00e9n se repetir\u00e1 hoy, mi\u00e9rcoles.<\/p>\n\n\n\n<p>Durante esta jornada, adem\u00e1s, se evaluar\u00e1 la situaci\u00f3n de los principales barrios afectados para programar acciones a desarrollar jueves y viernes.<\/p>\n\n\n\n<p>Recordemos que, en las \u00faltimas semanas, la Cooperativa de Agua Potable y Saneamiento inform\u00f3 que se produjo faltante de agua en las zonas altas de Chacra 30, Chacra 28 y Chacra 26 por problemas de infraestructura y alto consumo que impiden que los tanques recuperen su nivel.<\/p>\n\n\n\n<p><\/p>\n","protected":false},"excerpt":{"rendered":"<p>A las acciones ya informadas el lunes, se sum\u00f3 el traslado del suministro con dos camiones contratados por el Municipio que este mi\u00e9rcoles prev\u00e9n realizar cerca de una decena de viajes. Como parte de las acciones, este martes el Municipio asisti\u00f3 a varias familias de la zona afectada, con apoyo del Sistema Provincial de Manejo [&hellip;]<\/p>\n","protected":false},"author":1,"featured_media":5079,"comment_status":"closed","ping_status":"open","sticky":false,"template":"","format":"standard","meta":{"footnotes":""},"categories":[16,14],"tags":[],"class_list":{"0":"post-5078","1":"post","2":"type-post","3":"status-publish","4":"format-standard","5":"has-post-thumbnail","7":"category-destacadas","8":"category-noticias"},"_links":{"self":[{"href":"https:\/\/prensa.sma.gob.ar\/index.php?rest_route=\/wp\/v2\/posts\/5078","targetHints":{"allow":["GET"]}}],"collection":[{"href":"https:\/\/prensa.sma.gob.ar\/index.php?rest_route=\/wp\/v2\/posts"}],"about":[{"href":"https:\/\/prensa.sma.gob.ar\/index.php?rest_route=\/wp\/v2\/types\/post"}],"author":[{"embeddable":true,"href":"https:\/\/prensa.sma.gob.ar\/index.php?rest_route=\/wp\/v2\/users\/1"}],"replies":[{"embeddable":true,"href":"https:\/\/prensa.sma.gob.ar\/index.php?rest_route=%2Fwp%2Fv2%2Fcomments&post=5078"}],"version-history":[{"count":1,"href":"https:\/\/prensa.sma.gob.ar\/index.php?rest_route=\/wp\/v2\/posts\/5078\/revisions"}],"predecessor-version":[{"id":5080,"href":"https:\/\/prensa.sma.gob.ar\/index.php?rest_route=\/wp\/v2\/posts\/5078\/revisions\/5080"}],"wp:featuredmedia":[{"embeddable":true,"href":"https:\/\/prensa.sma.gob.ar\/index.php?rest_route=\/wp\/v2\/media\/5079"}],"wp:attachment":[{"href":"https:\/\/prensa.sma.gob.ar\/index.php?rest_route=%2Fwp%2Fv2%2Fmedia&parent=5078"}],"wp:term":[{"taxonomy":"category","embeddable":true,"href":"https:\/\/prensa.sma.gob.ar\/index.php?rest_route=%2Fwp%2Fv2%2Fcategories&post=5078"},{"taxonomy":"post_tag","embeddable":true,"href":"https:\/\/prensa.sma.gob.ar\/index.php?rest_route=%2Fwp%2Fv2%2Ftags&post=5078"}],"curies":[{"name":"wp","href":"https:\/\/api.w.org\/{rel}","templated":true}]}}