{"id":5089,"date":"2025-01-23T18:22:09","date_gmt":"2025-01-23T18:22:09","guid":{"rendered":"https:\/\/prensa.sma.gob.ar\/?p=5089"},"modified":"2025-01-23T18:22:11","modified_gmt":"2025-01-23T18:22:11","slug":"el-gobernador-figueroa-y-el-intendente-saloniti-recorrieron-la-obra-de-avenida-los-lagos","status":"publish","type":"post","link":"https:\/\/prensa.sma.gob.ar\/?p=5089","title":{"rendered":"El gobernador Figueroa y el intendente Saloniti recorrieron la obra de avenida Los Lagos"},"content":{"rendered":"\n<p>El gobernador de Neuqu\u00e9n, Rolando Figueroa, y el intendente de San Mart\u00edn de los Andes, Carlos Saloniti, recorrieron este jueves la obra de pavimentaci\u00f3n del boulevard de Av. Los Lagos, en Cordones del Chapelco.<\/p>\n\n\n\n<p>La obra, construida con fondos propios del Municipio, generados por los tributos de vecinas y vecinos, &nbsp;est\u00e1 en el tramo final, en los \u00faltimos 50 metros, frente a la Escuela N\u00aa 359. Se espera finalizar la pavimentaci\u00f3n en los pr\u00f3ximos d\u00edas.<\/p>\n\n\n\n<p>El intendente Saloniti destac\u00f3 la importancia de esta obra para miles de familias que viven en la zona de chacras 30, 28 y 26, en numerosos barrios y ante una urbanizaci\u00f3n creciente, en especial para quienes utilizan las l\u00ednea del transporte urbano que llegan a Cordones del Chapelco.<\/p>\n\n\n\n<figure class=\"wp-block-gallery has-nested-images columns-default is-cropped wp-block-gallery-1 is-layout-flex wp-block-gallery-is-layout-flex\">\n<figure class=\"wp-block-image size-large\"><img loading=\"lazy\" decoding=\"async\" width=\"1024\" height=\"664\" data-id=\"5121\" src=\"https:\/\/prensa.sma.gob.ar\/wp-content\/uploads\/2025\/01\/WhatsApp-Image-2025-01-23-at-14.48.01-1024x664.jpeg\" alt=\"\" class=\"wp-image-5121\" srcset=\"https:\/\/prensa.sma.gob.ar\/wp-content\/uploads\/2025\/01\/WhatsApp-Image-2025-01-23-at-14.48.01-1024x664.jpeg 1024w, https:\/\/prensa.sma.gob.ar\/wp-content\/uploads\/2025\/01\/WhatsApp-Image-2025-01-23-at-14.48.01-300x195.jpeg 300w, https:\/\/prensa.sma.gob.ar\/wp-content\/uploads\/2025\/01\/WhatsApp-Image-2025-01-23-at-14.48.01-768x498.jpeg 768w, https:\/\/prensa.sma.gob.ar\/wp-content\/uploads\/2025\/01\/WhatsApp-Image-2025-01-23-at-14.48.01-1536x996.jpeg 1536w, https:\/\/prensa.sma.gob.ar\/wp-content\/uploads\/2025\/01\/WhatsApp-Image-2025-01-23-at-14.48.01-647x420.jpeg 647w, https:\/\/prensa.sma.gob.ar\/wp-content\/uploads\/2025\/01\/WhatsApp-Image-2025-01-23-at-14.48.01-696x452.jpeg 696w, https:\/\/prensa.sma.gob.ar\/wp-content\/uploads\/2025\/01\/WhatsApp-Image-2025-01-23-at-14.48.01-1068x693.jpeg 1068w, https:\/\/prensa.sma.gob.ar\/wp-content\/uploads\/2025\/01\/WhatsApp-Image-2025-01-23-at-14.48.01.jpeg 1600w\" sizes=\"auto, (max-width: 1024px) 100vw, 1024px\" \/><\/figure>\n\n\n\n<figure class=\"wp-block-image size-large\"><img loading=\"lazy\" decoding=\"async\" width=\"1024\" height=\"584\" data-id=\"5119\" src=\"https:\/\/prensa.sma.gob.ar\/wp-content\/uploads\/2025\/01\/WhatsApp-Image-2025-01-23-at-14.48.01-2-1024x584.jpeg\" alt=\"\" class=\"wp-image-5119\" srcset=\"https:\/\/prensa.sma.gob.ar\/wp-content\/uploads\/2025\/01\/WhatsApp-Image-2025-01-23-at-14.48.01-2-1024x584.jpeg 1024w, https:\/\/prensa.sma.gob.ar\/wp-content\/uploads\/2025\/01\/WhatsApp-Image-2025-01-23-at-14.48.01-2-300x171.jpeg 300w, https:\/\/prensa.sma.gob.ar\/wp-content\/uploads\/2025\/01\/WhatsApp-Image-2025-01-23-at-14.48.01-2-768x438.jpeg 768w, https:\/\/prensa.sma.gob.ar\/wp-content\/uploads\/2025\/01\/WhatsApp-Image-2025-01-23-at-14.48.01-2-1536x876.jpeg 1536w, https:\/\/prensa.sma.gob.ar\/wp-content\/uploads\/2025\/01\/WhatsApp-Image-2025-01-23-at-14.48.01-2-737x420.jpeg 737w, https:\/\/prensa.sma.gob.ar\/wp-content\/uploads\/2025\/01\/WhatsApp-Image-2025-01-23-at-14.48.01-2-696x397.jpeg 696w, https:\/\/prensa.sma.gob.ar\/wp-content\/uploads\/2025\/01\/WhatsApp-Image-2025-01-23-at-14.48.01-2-1068x609.jpeg 1068w, https:\/\/prensa.sma.gob.ar\/wp-content\/uploads\/2025\/01\/WhatsApp-Image-2025-01-23-at-14.48.01-2.jpeg 1600w\" sizes=\"auto, (max-width: 1024px) 100vw, 1024px\" \/><\/figure>\n\n\n\n<figure class=\"wp-block-image size-large\"><img loading=\"lazy\" decoding=\"async\" width=\"1024\" height=\"576\" data-id=\"5118\" src=\"https:\/\/prensa.sma.gob.ar\/wp-content\/uploads\/2025\/01\/WhatsApp-Image-2025-01-23-at-14.48.02-1024x576.jpeg\" alt=\"\" class=\"wp-image-5118\" srcset=\"https:\/\/prensa.sma.gob.ar\/wp-content\/uploads\/2025\/01\/WhatsApp-Image-2025-01-23-at-14.48.02-1024x576.jpeg 1024w, https:\/\/prensa.sma.gob.ar\/wp-content\/uploads\/2025\/01\/WhatsApp-Image-2025-01-23-at-14.48.02-300x169.jpeg 300w, https:\/\/prensa.sma.gob.ar\/wp-content\/uploads\/2025\/01\/WhatsApp-Image-2025-01-23-at-14.48.02-768x432.jpeg 768w, https:\/\/prensa.sma.gob.ar\/wp-content\/uploads\/2025\/01\/WhatsApp-Image-2025-01-23-at-14.48.02-1536x864.jpeg 1536w, https:\/\/prensa.sma.gob.ar\/wp-content\/uploads\/2025\/01\/WhatsApp-Image-2025-01-23-at-14.48.02-747x420.jpeg 747w, https:\/\/prensa.sma.gob.ar\/wp-content\/uploads\/2025\/01\/WhatsApp-Image-2025-01-23-at-14.48.02-696x392.jpeg 696w, https:\/\/prensa.sma.gob.ar\/wp-content\/uploads\/2025\/01\/WhatsApp-Image-2025-01-23-at-14.48.02-1068x601.jpeg 1068w, https:\/\/prensa.sma.gob.ar\/wp-content\/uploads\/2025\/01\/WhatsApp-Image-2025-01-23-at-14.48.02.jpeg 1600w\" sizes=\"auto, (max-width: 1024px) 100vw, 1024px\" \/><\/figure>\n<\/figure>\n\n\n\n<p>\u201cTodos sabemos lo que significa avenida Los Lagos para Cordones del Chapelco, porque todos recordamos lo que era ingresar al barrio, con el tr\u00e1nsito y el crecimiento que tiene esta zona\u201d, se\u00f1al\u00f3 el jefe comunal. Destac\u00f3 que las tareas est\u00e1n a cargo de empleados municipales y que se financia con la recaudaci\u00f3n y los recursos propios, luego de que fuera suspendida la financiaci\u00f3n comprometida por el Estado nacional.<\/p>\n\n\n\n<p>El gobernador Figueroa&nbsp; reafirm\u00f3 la decisi\u00f3n del gobierno provincial de dar \u201cla orientaci\u00f3n de los recursos hacia las cosas verdaderamente importantes, a las obras infraestructura que falta\u201d. El mandatario estim\u00f3 que \u201csomos conscientes de que falta mucho; hay una diferencia entre lo que se necesita y lo que hay, pero estamos achicando esa brecha r\u00e1pidamente\u201d.<\/p>\n\n\n\n<p>\u201cHan sido a\u00f1os de falta de inversi\u00f3n en obras importantes y estamos muy focalizados en trazar las inversiones que benefician a la comunidad\u201d, afirm\u00f3. Agreg\u00f3 que \u201ceste caso (de avenida Los Lagos) es un claro ejemplo donde los gobiernos nacionales han decidido no aportar para poder culminar muchas obras en las cuales exist\u00edan convenios firmados\u201d.<\/p>\n\n\n\n<figure class=\"wp-block-gallery has-nested-images columns-default is-cropped wp-block-gallery-2 is-layout-flex wp-block-gallery-is-layout-flex\">\n<figure class=\"wp-block-image size-large\"><img loading=\"lazy\" decoding=\"async\" width=\"1024\" height=\"655\" data-id=\"5117\" src=\"https:\/\/prensa.sma.gob.ar\/wp-content\/uploads\/2025\/01\/WhatsApp-Image-2025-01-23-at-14.48.02-1-1024x655.jpeg\" alt=\"\" class=\"wp-image-5117\" srcset=\"https:\/\/prensa.sma.gob.ar\/wp-content\/uploads\/2025\/01\/WhatsApp-Image-2025-01-23-at-14.48.02-1-1024x655.jpeg 1024w, https:\/\/prensa.sma.gob.ar\/wp-content\/uploads\/2025\/01\/WhatsApp-Image-2025-01-23-at-14.48.02-1-300x192.jpeg 300w, https:\/\/prensa.sma.gob.ar\/wp-content\/uploads\/2025\/01\/WhatsApp-Image-2025-01-23-at-14.48.02-1-768x492.jpeg 768w, https:\/\/prensa.sma.gob.ar\/wp-content\/uploads\/2025\/01\/WhatsApp-Image-2025-01-23-at-14.48.02-1-1536x983.jpeg 1536w, https:\/\/prensa.sma.gob.ar\/wp-content\/uploads\/2025\/01\/WhatsApp-Image-2025-01-23-at-14.48.02-1-656x420.jpeg 656w, https:\/\/prensa.sma.gob.ar\/wp-content\/uploads\/2025\/01\/WhatsApp-Image-2025-01-23-at-14.48.02-1-696x445.jpeg 696w, https:\/\/prensa.sma.gob.ar\/wp-content\/uploads\/2025\/01\/WhatsApp-Image-2025-01-23-at-14.48.02-1-1068x684.jpeg 1068w, https:\/\/prensa.sma.gob.ar\/wp-content\/uploads\/2025\/01\/WhatsApp-Image-2025-01-23-at-14.48.02-1.jpeg 1600w\" sizes=\"auto, (max-width: 1024px) 100vw, 1024px\" \/><\/figure>\n\n\n\n<figure class=\"wp-block-image size-large\"><img loading=\"lazy\" decoding=\"async\" width=\"1024\" height=\"634\" data-id=\"5116\" src=\"https:\/\/prensa.sma.gob.ar\/wp-content\/uploads\/2025\/01\/WhatsApp-Image-2025-01-23-at-14.48.03-1024x634.jpeg\" alt=\"\" class=\"wp-image-5116\" srcset=\"https:\/\/prensa.sma.gob.ar\/wp-content\/uploads\/2025\/01\/WhatsApp-Image-2025-01-23-at-14.48.03-1024x634.jpeg 1024w, https:\/\/prensa.sma.gob.ar\/wp-content\/uploads\/2025\/01\/WhatsApp-Image-2025-01-23-at-14.48.03-300x186.jpeg 300w, https:\/\/prensa.sma.gob.ar\/wp-content\/uploads\/2025\/01\/WhatsApp-Image-2025-01-23-at-14.48.03-768x476.jpeg 768w, https:\/\/prensa.sma.gob.ar\/wp-content\/uploads\/2025\/01\/WhatsApp-Image-2025-01-23-at-14.48.03-1536x951.jpeg 1536w, https:\/\/prensa.sma.gob.ar\/wp-content\/uploads\/2025\/01\/WhatsApp-Image-2025-01-23-at-14.48.03-678x420.jpeg 678w, https:\/\/prensa.sma.gob.ar\/wp-content\/uploads\/2025\/01\/WhatsApp-Image-2025-01-23-at-14.48.03-696x431.jpeg 696w, https:\/\/prensa.sma.gob.ar\/wp-content\/uploads\/2025\/01\/WhatsApp-Image-2025-01-23-at-14.48.03-1068x661.jpeg 1068w, https:\/\/prensa.sma.gob.ar\/wp-content\/uploads\/2025\/01\/WhatsApp-Image-2025-01-23-at-14.48.03.jpeg 1600w\" sizes=\"auto, (max-width: 1024px) 100vw, 1024px\" \/><\/figure>\n\n\n\n<figure class=\"wp-block-image size-large\"><img loading=\"lazy\" decoding=\"async\" width=\"1024\" height=\"576\" data-id=\"5114\" src=\"https:\/\/prensa.sma.gob.ar\/wp-content\/uploads\/2025\/01\/WhatsApp-Image-2025-01-23-at-14.48.03-2-1024x576.jpeg\" alt=\"\" class=\"wp-image-5114\" srcset=\"https:\/\/prensa.sma.gob.ar\/wp-content\/uploads\/2025\/01\/WhatsApp-Image-2025-01-23-at-14.48.03-2-1024x576.jpeg 1024w, https:\/\/prensa.sma.gob.ar\/wp-content\/uploads\/2025\/01\/WhatsApp-Image-2025-01-23-at-14.48.03-2-300x169.jpeg 300w, https:\/\/prensa.sma.gob.ar\/wp-content\/uploads\/2025\/01\/WhatsApp-Image-2025-01-23-at-14.48.03-2-768x432.jpeg 768w, https:\/\/prensa.sma.gob.ar\/wp-content\/uploads\/2025\/01\/WhatsApp-Image-2025-01-23-at-14.48.03-2-1536x864.jpeg 1536w, https:\/\/prensa.sma.gob.ar\/wp-content\/uploads\/2025\/01\/WhatsApp-Image-2025-01-23-at-14.48.03-2-747x420.jpeg 747w, https:\/\/prensa.sma.gob.ar\/wp-content\/uploads\/2025\/01\/WhatsApp-Image-2025-01-23-at-14.48.03-2-696x392.jpeg 696w, https:\/\/prensa.sma.gob.ar\/wp-content\/uploads\/2025\/01\/WhatsApp-Image-2025-01-23-at-14.48.03-2-1068x601.jpeg 1068w, https:\/\/prensa.sma.gob.ar\/wp-content\/uploads\/2025\/01\/WhatsApp-Image-2025-01-23-at-14.48.03-2.jpeg 1600w\" sizes=\"auto, (max-width: 1024px) 100vw, 1024px\" \/><\/figure>\n<\/figure>\n\n\n\n<p>En esta obra \u201ces importante el trabajo del Municipio, por asumir esto, por trabajar con la provincia en obras que son necesarias para San Mart\u00edn de los Andes y para la regi\u00f3n\u201d. &nbsp;En ese sentido, ratific\u00f3 que \u201ctodo esto se logra y se defiende protegiendo la neuquinidad, todos los d\u00edas\u201d.<\/p>\n\n\n\n<p>Con la conclusi\u00f3n de esta etapa, la avenida Los Lagos tendr\u00e1 una extensi\u00f3n superior a 2.000 metros de pavimento, con un ancho de entre 20 y 22 metros y un boulevard en los \u00faltimos 400 metros. El tramo que recorrieron el gobernador y el intendente incluye el acceso a la Escuela 359, al futuro edificio del Cpem 96 \u2013cuya construcci\u00f3n est\u00e1 en proceso de adjudicaci\u00f3n-, el Centro de Salud del barrio, la Delegaci\u00f3n Municipal y Radio Municipal, entre otras \u00e1reas.<\/p>\n\n\n\n<figure class=\"wp-block-gallery has-nested-images columns-default is-cropped wp-block-gallery-3 is-layout-flex wp-block-gallery-is-layout-flex\">\n<figure class=\"wp-block-image size-large\"><img loading=\"lazy\" decoding=\"async\" width=\"1024\" height=\"576\" data-id=\"5110\" src=\"https:\/\/prensa.sma.gob.ar\/wp-content\/uploads\/2025\/01\/WhatsApp-Image-2025-01-23-at-14.48.04-2-1024x576.jpeg\" alt=\"\" class=\"wp-image-5110\" srcset=\"https:\/\/prensa.sma.gob.ar\/wp-content\/uploads\/2025\/01\/WhatsApp-Image-2025-01-23-at-14.48.04-2-1024x576.jpeg 1024w, https:\/\/prensa.sma.gob.ar\/wp-content\/uploads\/2025\/01\/WhatsApp-Image-2025-01-23-at-14.48.04-2-300x169.jpeg 300w, https:\/\/prensa.sma.gob.ar\/wp-content\/uploads\/2025\/01\/WhatsApp-Image-2025-01-23-at-14.48.04-2-768x432.jpeg 768w, https:\/\/prensa.sma.gob.ar\/wp-content\/uploads\/2025\/01\/WhatsApp-Image-2025-01-23-at-14.48.04-2-1536x864.jpeg 1536w, https:\/\/prensa.sma.gob.ar\/wp-content\/uploads\/2025\/01\/WhatsApp-Image-2025-01-23-at-14.48.04-2-747x420.jpeg 747w, https:\/\/prensa.sma.gob.ar\/wp-content\/uploads\/2025\/01\/WhatsApp-Image-2025-01-23-at-14.48.04-2-696x392.jpeg 696w, https:\/\/prensa.sma.gob.ar\/wp-content\/uploads\/2025\/01\/WhatsApp-Image-2025-01-23-at-14.48.04-2-1068x601.jpeg 1068w, https:\/\/prensa.sma.gob.ar\/wp-content\/uploads\/2025\/01\/WhatsApp-Image-2025-01-23-at-14.48.04-2.jpeg 1600w\" sizes=\"auto, (max-width: 1024px) 100vw, 1024px\" \/><\/figure>\n\n\n\n<figure class=\"wp-block-image size-large\"><img loading=\"lazy\" decoding=\"async\" width=\"1024\" height=\"576\" data-id=\"5108\" src=\"https:\/\/prensa.sma.gob.ar\/wp-content\/uploads\/2025\/01\/WhatsApp-Image-2025-01-23-at-14.48.05-1-1024x576.jpeg\" alt=\"\" class=\"wp-image-5108\" srcset=\"https:\/\/prensa.sma.gob.ar\/wp-content\/uploads\/2025\/01\/WhatsApp-Image-2025-01-23-at-14.48.05-1-1024x576.jpeg 1024w, https:\/\/prensa.sma.gob.ar\/wp-content\/uploads\/2025\/01\/WhatsApp-Image-2025-01-23-at-14.48.05-1-300x169.jpeg 300w, https:\/\/prensa.sma.gob.ar\/wp-content\/uploads\/2025\/01\/WhatsApp-Image-2025-01-23-at-14.48.05-1-768x432.jpeg 768w, https:\/\/prensa.sma.gob.ar\/wp-content\/uploads\/2025\/01\/WhatsApp-Image-2025-01-23-at-14.48.05-1-1536x864.jpeg 1536w, https:\/\/prensa.sma.gob.ar\/wp-content\/uploads\/2025\/01\/WhatsApp-Image-2025-01-23-at-14.48.05-1-747x420.jpeg 747w, https:\/\/prensa.sma.gob.ar\/wp-content\/uploads\/2025\/01\/WhatsApp-Image-2025-01-23-at-14.48.05-1-696x392.jpeg 696w, https:\/\/prensa.sma.gob.ar\/wp-content\/uploads\/2025\/01\/WhatsApp-Image-2025-01-23-at-14.48.05-1-1068x601.jpeg 1068w, https:\/\/prensa.sma.gob.ar\/wp-content\/uploads\/2025\/01\/WhatsApp-Image-2025-01-23-at-14.48.05-1.jpeg 1600w\" sizes=\"auto, (max-width: 1024px) 100vw, 1024px\" \/><\/figure>\n\n\n\n<figure class=\"wp-block-image size-large\"><img loading=\"lazy\" decoding=\"async\" width=\"1024\" height=\"659\" data-id=\"5106\" src=\"https:\/\/prensa.sma.gob.ar\/wp-content\/uploads\/2025\/01\/WhatsApp-Image-2025-01-23-at-14.48.06-1-1024x659.jpeg\" alt=\"\" class=\"wp-image-5106\" srcset=\"https:\/\/prensa.sma.gob.ar\/wp-content\/uploads\/2025\/01\/WhatsApp-Image-2025-01-23-at-14.48.06-1-1024x659.jpeg 1024w, https:\/\/prensa.sma.gob.ar\/wp-content\/uploads\/2025\/01\/WhatsApp-Image-2025-01-23-at-14.48.06-1-300x193.jpeg 300w, https:\/\/prensa.sma.gob.ar\/wp-content\/uploads\/2025\/01\/WhatsApp-Image-2025-01-23-at-14.48.06-1-768x494.jpeg 768w, https:\/\/prensa.sma.gob.ar\/wp-content\/uploads\/2025\/01\/WhatsApp-Image-2025-01-23-at-14.48.06-1-1536x989.jpeg 1536w, https:\/\/prensa.sma.gob.ar\/wp-content\/uploads\/2025\/01\/WhatsApp-Image-2025-01-23-at-14.48.06-1-652x420.jpeg 652w, https:\/\/prensa.sma.gob.ar\/wp-content\/uploads\/2025\/01\/WhatsApp-Image-2025-01-23-at-14.48.06-1-696x448.jpeg 696w, https:\/\/prensa.sma.gob.ar\/wp-content\/uploads\/2025\/01\/WhatsApp-Image-2025-01-23-at-14.48.06-1-1068x688.jpeg 1068w, https:\/\/prensa.sma.gob.ar\/wp-content\/uploads\/2025\/01\/WhatsApp-Image-2025-01-23-at-14.48.06-1.jpeg 1600w\" sizes=\"auto, (max-width: 1024px) 100vw, 1024px\" \/><\/figure>\n\n\n\n<figure class=\"wp-block-image size-large\"><img loading=\"lazy\" decoding=\"async\" width=\"1024\" height=\"576\" data-id=\"5105\" src=\"https:\/\/prensa.sma.gob.ar\/wp-content\/uploads\/2025\/01\/WhatsApp-Image-2025-01-23-at-14.48.06-2-1024x576.jpeg\" alt=\"\" class=\"wp-image-5105\" srcset=\"https:\/\/prensa.sma.gob.ar\/wp-content\/uploads\/2025\/01\/WhatsApp-Image-2025-01-23-at-14.48.06-2-1024x576.jpeg 1024w, https:\/\/prensa.sma.gob.ar\/wp-content\/uploads\/2025\/01\/WhatsApp-Image-2025-01-23-at-14.48.06-2-300x169.jpeg 300w, https:\/\/prensa.sma.gob.ar\/wp-content\/uploads\/2025\/01\/WhatsApp-Image-2025-01-23-at-14.48.06-2-768x432.jpeg 768w, https:\/\/prensa.sma.gob.ar\/wp-content\/uploads\/2025\/01\/WhatsApp-Image-2025-01-23-at-14.48.06-2-1536x864.jpeg 1536w, https:\/\/prensa.sma.gob.ar\/wp-content\/uploads\/2025\/01\/WhatsApp-Image-2025-01-23-at-14.48.06-2-747x420.jpeg 747w, https:\/\/prensa.sma.gob.ar\/wp-content\/uploads\/2025\/01\/WhatsApp-Image-2025-01-23-at-14.48.06-2-696x392.jpeg 696w, https:\/\/prensa.sma.gob.ar\/wp-content\/uploads\/2025\/01\/WhatsApp-Image-2025-01-23-at-14.48.06-2-1068x601.jpeg 1068w, https:\/\/prensa.sma.gob.ar\/wp-content\/uploads\/2025\/01\/WhatsApp-Image-2025-01-23-at-14.48.06-2.jpeg 1600w\" sizes=\"auto, (max-width: 1024px) 100vw, 1024px\" \/><\/figure>\n\n\n\n<figure class=\"wp-block-image size-large\"><img loading=\"lazy\" decoding=\"async\" width=\"1024\" height=\"576\" data-id=\"5103\" src=\"https:\/\/prensa.sma.gob.ar\/wp-content\/uploads\/2025\/01\/WhatsApp-Image-2025-01-23-at-14.48.07-1-1024x576.jpeg\" alt=\"\" class=\"wp-image-5103\" srcset=\"https:\/\/prensa.sma.gob.ar\/wp-content\/uploads\/2025\/01\/WhatsApp-Image-2025-01-23-at-14.48.07-1-1024x576.jpeg 1024w, https:\/\/prensa.sma.gob.ar\/wp-content\/uploads\/2025\/01\/WhatsApp-Image-2025-01-23-at-14.48.07-1-300x169.jpeg 300w, https:\/\/prensa.sma.gob.ar\/wp-content\/uploads\/2025\/01\/WhatsApp-Image-2025-01-23-at-14.48.07-1-768x432.jpeg 768w, https:\/\/prensa.sma.gob.ar\/wp-content\/uploads\/2025\/01\/WhatsApp-Image-2025-01-23-at-14.48.07-1-1536x864.jpeg 1536w, https:\/\/prensa.sma.gob.ar\/wp-content\/uploads\/2025\/01\/WhatsApp-Image-2025-01-23-at-14.48.07-1-747x420.jpeg 747w, https:\/\/prensa.sma.gob.ar\/wp-content\/uploads\/2025\/01\/WhatsApp-Image-2025-01-23-at-14.48.07-1-696x392.jpeg 696w, https:\/\/prensa.sma.gob.ar\/wp-content\/uploads\/2025\/01\/WhatsApp-Image-2025-01-23-at-14.48.07-1-1068x601.jpeg 1068w, https:\/\/prensa.sma.gob.ar\/wp-content\/uploads\/2025\/01\/WhatsApp-Image-2025-01-23-at-14.48.07-1.jpeg 1600w\" sizes=\"auto, (max-width: 1024px) 100vw, 1024px\" \/><\/figure>\n\n\n\n<figure class=\"wp-block-image size-large\"><img loading=\"lazy\" decoding=\"async\" width=\"1024\" height=\"576\" data-id=\"5097\" src=\"https:\/\/prensa.sma.gob.ar\/wp-content\/uploads\/2025\/01\/WhatsApp-Image-2025-01-23-at-14.48.09-2-1024x576.jpeg\" alt=\"\" class=\"wp-image-5097\" srcset=\"https:\/\/prensa.sma.gob.ar\/wp-content\/uploads\/2025\/01\/WhatsApp-Image-2025-01-23-at-14.48.09-2-1024x576.jpeg 1024w, https:\/\/prensa.sma.gob.ar\/wp-content\/uploads\/2025\/01\/WhatsApp-Image-2025-01-23-at-14.48.09-2-300x169.jpeg 300w, https:\/\/prensa.sma.gob.ar\/wp-content\/uploads\/2025\/01\/WhatsApp-Image-2025-01-23-at-14.48.09-2-768x432.jpeg 768w, https:\/\/prensa.sma.gob.ar\/wp-content\/uploads\/2025\/01\/WhatsApp-Image-2025-01-23-at-14.48.09-2-1536x864.jpeg 1536w, https:\/\/prensa.sma.gob.ar\/wp-content\/uploads\/2025\/01\/WhatsApp-Image-2025-01-23-at-14.48.09-2-747x420.jpeg 747w, https:\/\/prensa.sma.gob.ar\/wp-content\/uploads\/2025\/01\/WhatsApp-Image-2025-01-23-at-14.48.09-2-696x392.jpeg 696w, https:\/\/prensa.sma.gob.ar\/wp-content\/uploads\/2025\/01\/WhatsApp-Image-2025-01-23-at-14.48.09-2-1068x601.jpeg 1068w, https:\/\/prensa.sma.gob.ar\/wp-content\/uploads\/2025\/01\/WhatsApp-Image-2025-01-23-at-14.48.09-2.jpeg 1600w\" sizes=\"auto, (max-width: 1024px) 100vw, 1024px\" \/><\/figure>\n\n\n\n<figure class=\"wp-block-image size-large\"><img loading=\"lazy\" decoding=\"async\" width=\"1024\" height=\"619\" data-id=\"5095\" src=\"https:\/\/prensa.sma.gob.ar\/wp-content\/uploads\/2025\/01\/WhatsApp-Image-2025-01-23-at-14.48.10-1-1024x619.jpeg\" alt=\"\" class=\"wp-image-5095\" srcset=\"https:\/\/prensa.sma.gob.ar\/wp-content\/uploads\/2025\/01\/WhatsApp-Image-2025-01-23-at-14.48.10-1-1024x619.jpeg 1024w, https:\/\/prensa.sma.gob.ar\/wp-content\/uploads\/2025\/01\/WhatsApp-Image-2025-01-23-at-14.48.10-1-300x181.jpeg 300w, https:\/\/prensa.sma.gob.ar\/wp-content\/uploads\/2025\/01\/WhatsApp-Image-2025-01-23-at-14.48.10-1-768x464.jpeg 768w, https:\/\/prensa.sma.gob.ar\/wp-content\/uploads\/2025\/01\/WhatsApp-Image-2025-01-23-at-14.48.10-1-1536x928.jpeg 1536w, https:\/\/prensa.sma.gob.ar\/wp-content\/uploads\/2025\/01\/WhatsApp-Image-2025-01-23-at-14.48.10-1-695x420.jpeg 695w, https:\/\/prensa.sma.gob.ar\/wp-content\/uploads\/2025\/01\/WhatsApp-Image-2025-01-23-at-14.48.10-1-696x421.jpeg 696w, https:\/\/prensa.sma.gob.ar\/wp-content\/uploads\/2025\/01\/WhatsApp-Image-2025-01-23-at-14.48.10-1-1068x645.jpeg 1068w, https:\/\/prensa.sma.gob.ar\/wp-content\/uploads\/2025\/01\/WhatsApp-Image-2025-01-23-at-14.48.10-1.jpeg 1600w\" sizes=\"auto, (max-width: 1024px) 100vw, 1024px\" \/><\/figure>\n\n\n\n<figure class=\"wp-block-image size-large\"><img loading=\"lazy\" decoding=\"async\" width=\"1024\" height=\"579\" data-id=\"5094\" src=\"https:\/\/prensa.sma.gob.ar\/wp-content\/uploads\/2025\/01\/WhatsApp-Image-2025-01-23-at-14.48.10-2-1024x579.jpeg\" alt=\"\" class=\"wp-image-5094\" srcset=\"https:\/\/prensa.sma.gob.ar\/wp-content\/uploads\/2025\/01\/WhatsApp-Image-2025-01-23-at-14.48.10-2-1024x579.jpeg 1024w, https:\/\/prensa.sma.gob.ar\/wp-content\/uploads\/2025\/01\/WhatsApp-Image-2025-01-23-at-14.48.10-2-300x170.jpeg 300w, https:\/\/prensa.sma.gob.ar\/wp-content\/uploads\/2025\/01\/WhatsApp-Image-2025-01-23-at-14.48.10-2-768x434.jpeg 768w, https:\/\/prensa.sma.gob.ar\/wp-content\/uploads\/2025\/01\/WhatsApp-Image-2025-01-23-at-14.48.10-2-1536x869.jpeg 1536w, https:\/\/prensa.sma.gob.ar\/wp-content\/uploads\/2025\/01\/WhatsApp-Image-2025-01-23-at-14.48.10-2-743x420.jpeg 743w, https:\/\/prensa.sma.gob.ar\/wp-content\/uploads\/2025\/01\/WhatsApp-Image-2025-01-23-at-14.48.10-2-696x394.jpeg 696w, https:\/\/prensa.sma.gob.ar\/wp-content\/uploads\/2025\/01\/WhatsApp-Image-2025-01-23-at-14.48.10-2-1068x604.jpeg 1068w, https:\/\/prensa.sma.gob.ar\/wp-content\/uploads\/2025\/01\/WhatsApp-Image-2025-01-23-at-14.48.10-2.jpeg 1600w\" sizes=\"auto, (max-width: 1024px) 100vw, 1024px\" \/><\/figure>\n\n\n\n<figure class=\"wp-block-image size-large\"><img loading=\"lazy\" decoding=\"async\" width=\"1024\" height=\"576\" data-id=\"5120\" src=\"https:\/\/prensa.sma.gob.ar\/wp-content\/uploads\/2025\/01\/WhatsApp-Image-2025-01-23-at-14.48.01-1-1024x576.jpeg\" alt=\"\" class=\"wp-image-5120\" srcset=\"https:\/\/prensa.sma.gob.ar\/wp-content\/uploads\/2025\/01\/WhatsApp-Image-2025-01-23-at-14.48.01-1-1024x576.jpeg 1024w, https:\/\/prensa.sma.gob.ar\/wp-content\/uploads\/2025\/01\/WhatsApp-Image-2025-01-23-at-14.48.01-1-300x169.jpeg 300w, https:\/\/prensa.sma.gob.ar\/wp-content\/uploads\/2025\/01\/WhatsApp-Image-2025-01-23-at-14.48.01-1-768x432.jpeg 768w, https:\/\/prensa.sma.gob.ar\/wp-content\/uploads\/2025\/01\/WhatsApp-Image-2025-01-23-at-14.48.01-1-1536x864.jpeg 1536w, https:\/\/prensa.sma.gob.ar\/wp-content\/uploads\/2025\/01\/WhatsApp-Image-2025-01-23-at-14.48.01-1-747x420.jpeg 747w, https:\/\/prensa.sma.gob.ar\/wp-content\/uploads\/2025\/01\/WhatsApp-Image-2025-01-23-at-14.48.01-1-696x392.jpeg 696w, https:\/\/prensa.sma.gob.ar\/wp-content\/uploads\/2025\/01\/WhatsApp-Image-2025-01-23-at-14.48.01-1-1068x601.jpeg 1068w, https:\/\/prensa.sma.gob.ar\/wp-content\/uploads\/2025\/01\/WhatsApp-Image-2025-01-23-at-14.48.01-1.jpeg 1600w\" sizes=\"auto, (max-width: 1024px) 100vw, 1024px\" \/><\/figure>\n<\/figure>\n","protected":false},"excerpt":{"rendered":"<p>El gobernador de Neuqu\u00e9n, Rolando Figueroa, y el intendente de San Mart\u00edn de los Andes, Carlos Saloniti, recorrieron este jueves la obra de pavimentaci\u00f3n del boulevard de Av. Los Lagos, en Cordones del Chapelco. La obra, construida con fondos propios del Municipio, generados por los tributos de vecinas y vecinos, &nbsp;est\u00e1 en el tramo final, [&hellip;]<\/p>\n","protected":false},"author":2,"featured_media":5112,"comment_status":"closed","ping_status":"open","sticky":false,"template":"","format":"standard","meta":{"footnotes":""},"categories":[16,14,19,17],"tags":[],"class_list":{"0":"post-5089","1":"post","2":"type-post","3":"status-publish","4":"format-standard","5":"has-post-thumbnail","7":"category-destacadas","8":"category-noticias","9":"category-obras-y-servicios-publicos","10":"category-portada"},"_links":{"self":[{"href":"https:\/\/prensa.sma.gob.ar\/index.php?rest_route=\/wp\/v2\/posts\/5089","targetHints":{"allow":["GET"]}}],"collection":[{"href":"https:\/\/prensa.sma.gob.ar\/index.php?rest_route=\/wp\/v2\/posts"}],"about":[{"href":"https:\/\/prensa.sma.gob.ar\/index.php?rest_route=\/wp\/v2\/types\/post"}],"author":[{"embeddable":true,"href":"https:\/\/prensa.sma.gob.ar\/index.php?rest_route=\/wp\/v2\/users\/2"}],"replies":[{"embeddable":true,"href":"https:\/\/prensa.sma.gob.ar\/index.php?rest_route=%2Fwp%2Fv2%2Fcomments&post=5089"}],"version-history":[{"count":1,"href":"https:\/\/prensa.sma.gob.ar\/index.php?rest_route=\/wp\/v2\/posts\/5089\/revisions"}],"predecessor-version":[{"id":5124,"href":"https:\/\/prensa.sma.gob.ar\/index.php?rest_route=\/wp\/v2\/posts\/5089\/revisions\/5124"}],"wp:featuredmedia":[{"embeddable":true,"href":"https:\/\/prensa.sma.gob.ar\/index.php?rest_route=\/wp\/v2\/media\/5112"}],"wp:attachment":[{"href":"https:\/\/prensa.sma.gob.ar\/index.php?rest_route=%2Fwp%2Fv2%2Fmedia&parent=5089"}],"wp:term":[{"taxonomy":"category","embeddable":true,"href":"https:\/\/prensa.sma.gob.ar\/index.php?rest_route=%2Fwp%2Fv2%2Fcategories&post=5089"},{"taxonomy":"post_tag","embeddable":true,"href":"https:\/\/prensa.sma.gob.ar\/index.php?rest_route=%2Fwp%2Fv2%2Ftags&post=5089"}],"curies":[{"name":"wp","href":"https:\/\/api.w.org\/{rel}","templated":true}]}}