{"id":531,"date":"2024-06-20T21:31:51","date_gmt":"2024-06-20T21:31:51","guid":{"rendered":"https:\/\/prensa.sma.gob.ar\/?p=531"},"modified":"2024-08-21T15:58:30","modified_gmt":"2024-08-21T15:58:30","slug":"saloniti-la-bandera-nacional-y-la-argentina-nos-necesitan-unidos","status":"publish","type":"post","link":"https:\/\/prensa.sma.gob.ar\/?p=531","title":{"rendered":"Saloniti: \u201cArgentina y la Bandera Nacional nos necesitan unidos\u201d"},"content":{"rendered":"\n<p>El intendente de San Mart\u00edn de los Andes, Carlos Saloniti, y los ministros neuquinos de Seguridad, Mat\u00edas Nicolini, y de Turismo, Gustavo Fern\u00e1ndez Capiet, en representaci\u00f3n del Poder Ejecutivo provincial, encabezaron el acto por la celebraci\u00f3n del d\u00eda de la Bandera.<\/p>\n\n\n\n<p>La actividad se realiz\u00f3 en el gimnasio Javier Carriqueo, en una jornada caracterizada por el temporal de nieve que sacudi\u00f3 a la regi\u00f3n y que impidi\u00f3, entre otras cosas, la visita del gobernador Rolando Figueroa.<\/p>\n\n\n\n<p>Estuvieron presentes el gobernador de la regi\u00f3n de Los R\u00edos (Chile), Luis Cuvertino, y la delegaci\u00f3n que lo acompa\u00f1\u00f3; el jefe de la Polic\u00eda del Neuqu\u00e9n, Carlos D\u00edaz P\u00e9rez; veteranos de la Guerra de Malvinas, autoridades del Poder Judicial, el gabinete municipal y concejales de la localidad.<\/p>\n\n\n\n<figure class=\"wp-block-gallery has-nested-images columns-default is-cropped wp-block-gallery-1 is-layout-flex wp-block-gallery-is-layout-flex\">\n<figure class=\"wp-block-image size-large\"><img loading=\"lazy\" decoding=\"async\" width=\"1024\" height=\"629\" data-id=\"535\" src=\"https:\/\/prensa.sma.gob.ar\/wp-content\/uploads\/2024\/06\/WhatsApp-Image-2024-06-20-at-16.02.011-1024x629.jpeg\" alt=\"\" class=\"wp-image-535\" srcset=\"https:\/\/prensa.sma.gob.ar\/wp-content\/uploads\/2024\/06\/WhatsApp-Image-2024-06-20-at-16.02.011-1024x629.jpeg 1024w, https:\/\/prensa.sma.gob.ar\/wp-content\/uploads\/2024\/06\/WhatsApp-Image-2024-06-20-at-16.02.011-300x184.jpeg 300w, https:\/\/prensa.sma.gob.ar\/wp-content\/uploads\/2024\/06\/WhatsApp-Image-2024-06-20-at-16.02.011-768x472.jpeg 768w, https:\/\/prensa.sma.gob.ar\/wp-content\/uploads\/2024\/06\/WhatsApp-Image-2024-06-20-at-16.02.011-1536x944.jpeg 1536w, https:\/\/prensa.sma.gob.ar\/wp-content\/uploads\/2024\/06\/WhatsApp-Image-2024-06-20-at-16.02.011-684x420.jpeg 684w, https:\/\/prensa.sma.gob.ar\/wp-content\/uploads\/2024\/06\/WhatsApp-Image-2024-06-20-at-16.02.011-696x428.jpeg 696w, https:\/\/prensa.sma.gob.ar\/wp-content\/uploads\/2024\/06\/WhatsApp-Image-2024-06-20-at-16.02.011-1068x656.jpeg 1068w, https:\/\/prensa.sma.gob.ar\/wp-content\/uploads\/2024\/06\/WhatsApp-Image-2024-06-20-at-16.02.011.jpeg 1600w\" sizes=\"auto, (max-width: 1024px) 100vw, 1024px\" \/><\/figure>\n\n\n\n<figure class=\"wp-block-image size-large\"><img loading=\"lazy\" decoding=\"async\" width=\"1024\" height=\"576\" data-id=\"534\" src=\"https:\/\/prensa.sma.gob.ar\/wp-content\/uploads\/2024\/06\/WhatsApp-Image-2024-06-20-at-16.02.00-1024x576.jpeg\" alt=\"\" class=\"wp-image-534\" srcset=\"https:\/\/prensa.sma.gob.ar\/wp-content\/uploads\/2024\/06\/WhatsApp-Image-2024-06-20-at-16.02.00-1024x576.jpeg 1024w, https:\/\/prensa.sma.gob.ar\/wp-content\/uploads\/2024\/06\/WhatsApp-Image-2024-06-20-at-16.02.00-300x169.jpeg 300w, https:\/\/prensa.sma.gob.ar\/wp-content\/uploads\/2024\/06\/WhatsApp-Image-2024-06-20-at-16.02.00-768x432.jpeg 768w, https:\/\/prensa.sma.gob.ar\/wp-content\/uploads\/2024\/06\/WhatsApp-Image-2024-06-20-at-16.02.00-1536x864.jpeg 1536w, https:\/\/prensa.sma.gob.ar\/wp-content\/uploads\/2024\/06\/WhatsApp-Image-2024-06-20-at-16.02.00-747x420.jpeg 747w, https:\/\/prensa.sma.gob.ar\/wp-content\/uploads\/2024\/06\/WhatsApp-Image-2024-06-20-at-16.02.00-696x392.jpeg 696w, https:\/\/prensa.sma.gob.ar\/wp-content\/uploads\/2024\/06\/WhatsApp-Image-2024-06-20-at-16.02.00-1068x601.jpeg 1068w, https:\/\/prensa.sma.gob.ar\/wp-content\/uploads\/2024\/06\/WhatsApp-Image-2024-06-20-at-16.02.00.jpeg 1600w\" sizes=\"auto, (max-width: 1024px) 100vw, 1024px\" \/><\/figure>\n\n\n\n<figure class=\"wp-block-image size-large\"><img loading=\"lazy\" decoding=\"async\" width=\"1024\" height=\"576\" data-id=\"536\" src=\"https:\/\/prensa.sma.gob.ar\/wp-content\/uploads\/2024\/06\/WhatsApp-Image-2024-06-20-at-16.01.59-1024x576.jpeg\" alt=\"\" class=\"wp-image-536\" srcset=\"https:\/\/prensa.sma.gob.ar\/wp-content\/uploads\/2024\/06\/WhatsApp-Image-2024-06-20-at-16.01.59-1024x576.jpeg 1024w, https:\/\/prensa.sma.gob.ar\/wp-content\/uploads\/2024\/06\/WhatsApp-Image-2024-06-20-at-16.01.59-300x169.jpeg 300w, https:\/\/prensa.sma.gob.ar\/wp-content\/uploads\/2024\/06\/WhatsApp-Image-2024-06-20-at-16.01.59-768x432.jpeg 768w, https:\/\/prensa.sma.gob.ar\/wp-content\/uploads\/2024\/06\/WhatsApp-Image-2024-06-20-at-16.01.59-1536x864.jpeg 1536w, https:\/\/prensa.sma.gob.ar\/wp-content\/uploads\/2024\/06\/WhatsApp-Image-2024-06-20-at-16.01.59-747x420.jpeg 747w, https:\/\/prensa.sma.gob.ar\/wp-content\/uploads\/2024\/06\/WhatsApp-Image-2024-06-20-at-16.01.59-696x392.jpeg 696w, https:\/\/prensa.sma.gob.ar\/wp-content\/uploads\/2024\/06\/WhatsApp-Image-2024-06-20-at-16.01.59-1068x601.jpeg 1068w, https:\/\/prensa.sma.gob.ar\/wp-content\/uploads\/2024\/06\/WhatsApp-Image-2024-06-20-at-16.01.59.jpeg 1600w\" sizes=\"auto, (max-width: 1024px) 100vw, 1024px\" \/><\/figure>\n\n\n\n<figure class=\"wp-block-image size-large\"><img loading=\"lazy\" decoding=\"async\" width=\"1024\" height=\"576\" data-id=\"533\" src=\"https:\/\/prensa.sma.gob.ar\/wp-content\/uploads\/2024\/06\/WhatsApp-Image-2024-06-20-at-16.01.561-1024x576.jpeg\" alt=\"\" class=\"wp-image-533\" srcset=\"https:\/\/prensa.sma.gob.ar\/wp-content\/uploads\/2024\/06\/WhatsApp-Image-2024-06-20-at-16.01.561-1024x576.jpeg 1024w, https:\/\/prensa.sma.gob.ar\/wp-content\/uploads\/2024\/06\/WhatsApp-Image-2024-06-20-at-16.01.561-300x169.jpeg 300w, https:\/\/prensa.sma.gob.ar\/wp-content\/uploads\/2024\/06\/WhatsApp-Image-2024-06-20-at-16.01.561-768x432.jpeg 768w, https:\/\/prensa.sma.gob.ar\/wp-content\/uploads\/2024\/06\/WhatsApp-Image-2024-06-20-at-16.01.561-1536x864.jpeg 1536w, https:\/\/prensa.sma.gob.ar\/wp-content\/uploads\/2024\/06\/WhatsApp-Image-2024-06-20-at-16.01.561-747x420.jpeg 747w, https:\/\/prensa.sma.gob.ar\/wp-content\/uploads\/2024\/06\/WhatsApp-Image-2024-06-20-at-16.01.561-696x392.jpeg 696w, https:\/\/prensa.sma.gob.ar\/wp-content\/uploads\/2024\/06\/WhatsApp-Image-2024-06-20-at-16.01.561-1068x601.jpeg 1068w, https:\/\/prensa.sma.gob.ar\/wp-content\/uploads\/2024\/06\/WhatsApp-Image-2024-06-20-at-16.01.561.jpeg 1600w\" sizes=\"auto, (max-width: 1024px) 100vw, 1024px\" \/><\/figure>\n\n\n\n<figure class=\"wp-block-image size-large\"><img loading=\"lazy\" decoding=\"async\" width=\"1024\" height=\"576\" data-id=\"537\" src=\"https:\/\/prensa.sma.gob.ar\/wp-content\/uploads\/2024\/06\/WhatsApp-Image-2024-06-20-at-16.01.552-1024x576.jpeg\" alt=\"\" class=\"wp-image-537\" srcset=\"https:\/\/prensa.sma.gob.ar\/wp-content\/uploads\/2024\/06\/WhatsApp-Image-2024-06-20-at-16.01.552-1024x576.jpeg 1024w, https:\/\/prensa.sma.gob.ar\/wp-content\/uploads\/2024\/06\/WhatsApp-Image-2024-06-20-at-16.01.552-300x169.jpeg 300w, https:\/\/prensa.sma.gob.ar\/wp-content\/uploads\/2024\/06\/WhatsApp-Image-2024-06-20-at-16.01.552-768x432.jpeg 768w, https:\/\/prensa.sma.gob.ar\/wp-content\/uploads\/2024\/06\/WhatsApp-Image-2024-06-20-at-16.01.552-1536x864.jpeg 1536w, https:\/\/prensa.sma.gob.ar\/wp-content\/uploads\/2024\/06\/WhatsApp-Image-2024-06-20-at-16.01.552-747x420.jpeg 747w, https:\/\/prensa.sma.gob.ar\/wp-content\/uploads\/2024\/06\/WhatsApp-Image-2024-06-20-at-16.01.552-696x392.jpeg 696w, https:\/\/prensa.sma.gob.ar\/wp-content\/uploads\/2024\/06\/WhatsApp-Image-2024-06-20-at-16.01.552-1068x601.jpeg 1068w, https:\/\/prensa.sma.gob.ar\/wp-content\/uploads\/2024\/06\/WhatsApp-Image-2024-06-20-at-16.01.552.jpeg 1600w\" sizes=\"auto, (max-width: 1024px) 100vw, 1024px\" \/><\/figure>\n\n\n\n<figure class=\"wp-block-image size-large\"><img loading=\"lazy\" decoding=\"async\" width=\"1024\" height=\"576\" data-id=\"538\" src=\"https:\/\/prensa.sma.gob.ar\/wp-content\/uploads\/2024\/06\/WhatsApp-Image-2024-06-20-at-16.01.54-1024x576.jpeg\" alt=\"\" class=\"wp-image-538\" srcset=\"https:\/\/prensa.sma.gob.ar\/wp-content\/uploads\/2024\/06\/WhatsApp-Image-2024-06-20-at-16.01.54-1024x576.jpeg 1024w, https:\/\/prensa.sma.gob.ar\/wp-content\/uploads\/2024\/06\/WhatsApp-Image-2024-06-20-at-16.01.54-300x169.jpeg 300w, https:\/\/prensa.sma.gob.ar\/wp-content\/uploads\/2024\/06\/WhatsApp-Image-2024-06-20-at-16.01.54-768x432.jpeg 768w, https:\/\/prensa.sma.gob.ar\/wp-content\/uploads\/2024\/06\/WhatsApp-Image-2024-06-20-at-16.01.54-1536x864.jpeg 1536w, https:\/\/prensa.sma.gob.ar\/wp-content\/uploads\/2024\/06\/WhatsApp-Image-2024-06-20-at-16.01.54-747x420.jpeg 747w, https:\/\/prensa.sma.gob.ar\/wp-content\/uploads\/2024\/06\/WhatsApp-Image-2024-06-20-at-16.01.54-696x392.jpeg 696w, https:\/\/prensa.sma.gob.ar\/wp-content\/uploads\/2024\/06\/WhatsApp-Image-2024-06-20-at-16.01.54-1068x601.jpeg 1068w, https:\/\/prensa.sma.gob.ar\/wp-content\/uploads\/2024\/06\/WhatsApp-Image-2024-06-20-at-16.01.54.jpeg 1600w\" sizes=\"auto, (max-width: 1024px) 100vw, 1024px\" \/><\/figure>\n<\/figure>\n\n\n\n<p>El intendente Saloniti agradeci\u00f3 a las fuerzas e instituciones presentes y transmiti\u00f3 el saludo del gobernador Rolando Figueroa, que no pudo completar su viaje desde Neuqu\u00e9n por la intensa nevada que descarga sobre la regi\u00f3n.<\/p>\n\n\n\n<p>El jefe comunal pidi\u00f3 seguir trabajando unidos y defender a la Argentina y a su bandera, \u201cque nos necesita unidos por sobre todas las cosas, m\u00e1s all\u00e1 de las miradas y de las perspectivas que tiene cada uno\u201d.<\/p>\n\n\n\n<p>Tambi\u00e9n agradeci\u00f3 la presencia de la delegaci\u00f3n de Chile, encabezada por el gobernador de la Regi\u00f3n de los R\u00edos, Luis Cuvertino, y se\u00f1al\u00f3 que \u201ccuando en otras partes del mundo se discuten cuestiones b\u00e9licas y se pierden vidas humanas, nosotros tenemos que seguir trabajando por la unidad entre argentinos y la hermandad entre argentinos y chilenos\u201d.<\/p>\n\n\n\n<p>Saloniti pidi\u00f3 \u201chonrar a nuestros pr\u00f3ceres y a la bandera, que se defiende en los actos cotidianos; si somos buenos vecinos, si trabajamos honestamente, con aciertos y desaciertos, pero con honestidad\u201d.<\/p>\n\n\n\n<figure class=\"wp-block-gallery has-nested-images columns-default is-cropped wp-block-gallery-2 is-layout-flex wp-block-gallery-is-layout-flex\">\n<figure class=\"wp-block-image size-large\"><img loading=\"lazy\" decoding=\"async\" width=\"1024\" height=\"678\" data-id=\"540\" src=\"https:\/\/prensa.sma.gob.ar\/wp-content\/uploads\/2024\/06\/WhatsApp-Image-2024-06-20-at-16.02.112-1024x678.jpeg\" alt=\"\" class=\"wp-image-540\" srcset=\"https:\/\/prensa.sma.gob.ar\/wp-content\/uploads\/2024\/06\/WhatsApp-Image-2024-06-20-at-16.02.112-1024x678.jpeg 1024w, https:\/\/prensa.sma.gob.ar\/wp-content\/uploads\/2024\/06\/WhatsApp-Image-2024-06-20-at-16.02.112-300x199.jpeg 300w, https:\/\/prensa.sma.gob.ar\/wp-content\/uploads\/2024\/06\/WhatsApp-Image-2024-06-20-at-16.02.112-768x509.jpeg 768w, https:\/\/prensa.sma.gob.ar\/wp-content\/uploads\/2024\/06\/WhatsApp-Image-2024-06-20-at-16.02.112-1536x1018.jpeg 1536w, https:\/\/prensa.sma.gob.ar\/wp-content\/uploads\/2024\/06\/WhatsApp-Image-2024-06-20-at-16.02.112-634x420.jpeg 634w, https:\/\/prensa.sma.gob.ar\/wp-content\/uploads\/2024\/06\/WhatsApp-Image-2024-06-20-at-16.02.112-696x461.jpeg 696w, https:\/\/prensa.sma.gob.ar\/wp-content\/uploads\/2024\/06\/WhatsApp-Image-2024-06-20-at-16.02.112-1068x708.jpeg 1068w, https:\/\/prensa.sma.gob.ar\/wp-content\/uploads\/2024\/06\/WhatsApp-Image-2024-06-20-at-16.02.112.jpeg 1600w\" sizes=\"auto, (max-width: 1024px) 100vw, 1024px\" \/><\/figure>\n\n\n\n<figure class=\"wp-block-image size-large\"><img loading=\"lazy\" decoding=\"async\" width=\"1024\" height=\"678\" data-id=\"539\" src=\"https:\/\/prensa.sma.gob.ar\/wp-content\/uploads\/2024\/06\/WhatsApp-Image-2024-06-20-at-16.02.121-1024x678.jpeg\" alt=\"\" class=\"wp-image-539\" srcset=\"https:\/\/prensa.sma.gob.ar\/wp-content\/uploads\/2024\/06\/WhatsApp-Image-2024-06-20-at-16.02.121-1024x678.jpeg 1024w, https:\/\/prensa.sma.gob.ar\/wp-content\/uploads\/2024\/06\/WhatsApp-Image-2024-06-20-at-16.02.121-300x199.jpeg 300w, https:\/\/prensa.sma.gob.ar\/wp-content\/uploads\/2024\/06\/WhatsApp-Image-2024-06-20-at-16.02.121-768x509.jpeg 768w, https:\/\/prensa.sma.gob.ar\/wp-content\/uploads\/2024\/06\/WhatsApp-Image-2024-06-20-at-16.02.121-1536x1018.jpeg 1536w, https:\/\/prensa.sma.gob.ar\/wp-content\/uploads\/2024\/06\/WhatsApp-Image-2024-06-20-at-16.02.121-634x420.jpeg 634w, https:\/\/prensa.sma.gob.ar\/wp-content\/uploads\/2024\/06\/WhatsApp-Image-2024-06-20-at-16.02.121-696x461.jpeg 696w, https:\/\/prensa.sma.gob.ar\/wp-content\/uploads\/2024\/06\/WhatsApp-Image-2024-06-20-at-16.02.121-1068x708.jpeg 1068w, https:\/\/prensa.sma.gob.ar\/wp-content\/uploads\/2024\/06\/WhatsApp-Image-2024-06-20-at-16.02.121.jpeg 1600w\" sizes=\"auto, (max-width: 1024px) 100vw, 1024px\" \/><\/figure>\n\n\n\n<figure class=\"wp-block-image size-large\"><img loading=\"lazy\" decoding=\"async\" width=\"1024\" height=\"678\" data-id=\"541\" src=\"https:\/\/prensa.sma.gob.ar\/wp-content\/uploads\/2024\/06\/WhatsApp-Image-2024-06-20-at-16.02.111-1024x678.jpeg\" alt=\"\" class=\"wp-image-541\" srcset=\"https:\/\/prensa.sma.gob.ar\/wp-content\/uploads\/2024\/06\/WhatsApp-Image-2024-06-20-at-16.02.111-1024x678.jpeg 1024w, https:\/\/prensa.sma.gob.ar\/wp-content\/uploads\/2024\/06\/WhatsApp-Image-2024-06-20-at-16.02.111-300x199.jpeg 300w, https:\/\/prensa.sma.gob.ar\/wp-content\/uploads\/2024\/06\/WhatsApp-Image-2024-06-20-at-16.02.111-768x509.jpeg 768w, https:\/\/prensa.sma.gob.ar\/wp-content\/uploads\/2024\/06\/WhatsApp-Image-2024-06-20-at-16.02.111-1536x1018.jpeg 1536w, https:\/\/prensa.sma.gob.ar\/wp-content\/uploads\/2024\/06\/WhatsApp-Image-2024-06-20-at-16.02.111-634x420.jpeg 634w, https:\/\/prensa.sma.gob.ar\/wp-content\/uploads\/2024\/06\/WhatsApp-Image-2024-06-20-at-16.02.111-696x461.jpeg 696w, https:\/\/prensa.sma.gob.ar\/wp-content\/uploads\/2024\/06\/WhatsApp-Image-2024-06-20-at-16.02.111-1068x708.jpeg 1068w, https:\/\/prensa.sma.gob.ar\/wp-content\/uploads\/2024\/06\/WhatsApp-Image-2024-06-20-at-16.02.111.jpeg 1600w\" sizes=\"auto, (max-width: 1024px) 100vw, 1024px\" \/><\/figure>\n\n\n\n<figure class=\"wp-block-image size-large\"><img loading=\"lazy\" decoding=\"async\" width=\"1024\" height=\"678\" data-id=\"542\" src=\"https:\/\/prensa.sma.gob.ar\/wp-content\/uploads\/2024\/06\/WhatsApp-Image-2024-06-20-at-16.02.11-1024x678.jpeg\" alt=\"\" class=\"wp-image-542\" srcset=\"https:\/\/prensa.sma.gob.ar\/wp-content\/uploads\/2024\/06\/WhatsApp-Image-2024-06-20-at-16.02.11-1024x678.jpeg 1024w, https:\/\/prensa.sma.gob.ar\/wp-content\/uploads\/2024\/06\/WhatsApp-Image-2024-06-20-at-16.02.11-300x199.jpeg 300w, https:\/\/prensa.sma.gob.ar\/wp-content\/uploads\/2024\/06\/WhatsApp-Image-2024-06-20-at-16.02.11-768x509.jpeg 768w, https:\/\/prensa.sma.gob.ar\/wp-content\/uploads\/2024\/06\/WhatsApp-Image-2024-06-20-at-16.02.11-1536x1018.jpeg 1536w, https:\/\/prensa.sma.gob.ar\/wp-content\/uploads\/2024\/06\/WhatsApp-Image-2024-06-20-at-16.02.11-634x420.jpeg 634w, https:\/\/prensa.sma.gob.ar\/wp-content\/uploads\/2024\/06\/WhatsApp-Image-2024-06-20-at-16.02.11-696x461.jpeg 696w, https:\/\/prensa.sma.gob.ar\/wp-content\/uploads\/2024\/06\/WhatsApp-Image-2024-06-20-at-16.02.11-1068x708.jpeg 1068w, https:\/\/prensa.sma.gob.ar\/wp-content\/uploads\/2024\/06\/WhatsApp-Image-2024-06-20-at-16.02.11.jpeg 1600w\" sizes=\"auto, (max-width: 1024px) 100vw, 1024px\" \/><\/figure>\n\n\n\n<figure class=\"wp-block-image size-large\"><img loading=\"lazy\" decoding=\"async\" width=\"1024\" height=\"635\" data-id=\"543\" src=\"https:\/\/prensa.sma.gob.ar\/wp-content\/uploads\/2024\/06\/WhatsApp-Image-2024-06-20-at-16.02.102-1024x635.jpeg\" alt=\"\" class=\"wp-image-543\" srcset=\"https:\/\/prensa.sma.gob.ar\/wp-content\/uploads\/2024\/06\/WhatsApp-Image-2024-06-20-at-16.02.102-1024x635.jpeg 1024w, https:\/\/prensa.sma.gob.ar\/wp-content\/uploads\/2024\/06\/WhatsApp-Image-2024-06-20-at-16.02.102-300x186.jpeg 300w, https:\/\/prensa.sma.gob.ar\/wp-content\/uploads\/2024\/06\/WhatsApp-Image-2024-06-20-at-16.02.102-768x476.jpeg 768w, https:\/\/prensa.sma.gob.ar\/wp-content\/uploads\/2024\/06\/WhatsApp-Image-2024-06-20-at-16.02.102-1536x952.jpeg 1536w, https:\/\/prensa.sma.gob.ar\/wp-content\/uploads\/2024\/06\/WhatsApp-Image-2024-06-20-at-16.02.102-677x420.jpeg 677w, https:\/\/prensa.sma.gob.ar\/wp-content\/uploads\/2024\/06\/WhatsApp-Image-2024-06-20-at-16.02.102-696x432.jpeg 696w, https:\/\/prensa.sma.gob.ar\/wp-content\/uploads\/2024\/06\/WhatsApp-Image-2024-06-20-at-16.02.102-1068x662.jpeg 1068w, https:\/\/prensa.sma.gob.ar\/wp-content\/uploads\/2024\/06\/WhatsApp-Image-2024-06-20-at-16.02.102.jpeg 1600w\" sizes=\"auto, (max-width: 1024px) 100vw, 1024px\" \/><\/figure>\n\n\n\n<figure class=\"wp-block-image size-large\"><img loading=\"lazy\" decoding=\"async\" width=\"1024\" height=\"678\" data-id=\"546\" src=\"https:\/\/prensa.sma.gob.ar\/wp-content\/uploads\/2024\/06\/WhatsApp-Image-2024-06-20-at-16.02.101-1024x678.jpeg\" alt=\"\" class=\"wp-image-546\" srcset=\"https:\/\/prensa.sma.gob.ar\/wp-content\/uploads\/2024\/06\/WhatsApp-Image-2024-06-20-at-16.02.101-1024x678.jpeg 1024w, https:\/\/prensa.sma.gob.ar\/wp-content\/uploads\/2024\/06\/WhatsApp-Image-2024-06-20-at-16.02.101-300x199.jpeg 300w, https:\/\/prensa.sma.gob.ar\/wp-content\/uploads\/2024\/06\/WhatsApp-Image-2024-06-20-at-16.02.101-768x509.jpeg 768w, https:\/\/prensa.sma.gob.ar\/wp-content\/uploads\/2024\/06\/WhatsApp-Image-2024-06-20-at-16.02.101-1536x1018.jpeg 1536w, https:\/\/prensa.sma.gob.ar\/wp-content\/uploads\/2024\/06\/WhatsApp-Image-2024-06-20-at-16.02.101-634x420.jpeg 634w, https:\/\/prensa.sma.gob.ar\/wp-content\/uploads\/2024\/06\/WhatsApp-Image-2024-06-20-at-16.02.101-696x461.jpeg 696w, https:\/\/prensa.sma.gob.ar\/wp-content\/uploads\/2024\/06\/WhatsApp-Image-2024-06-20-at-16.02.101-1068x708.jpeg 1068w, https:\/\/prensa.sma.gob.ar\/wp-content\/uploads\/2024\/06\/WhatsApp-Image-2024-06-20-at-16.02.101.jpeg 1600w\" sizes=\"auto, (max-width: 1024px) 100vw, 1024px\" \/><\/figure>\n<\/figure>\n\n\n\n<p>Por su parte, la concejal Mar\u00eda Laura Da Pieve, dijo que \u201ctoda naci\u00f3n requiere, para su supervivencia la contenci\u00f3n y el cobijo de la bandera, que es un cimiento que la distinguen de otras naciones\u201d<\/p>\n\n\n\n<p>Celebr\u00f3 y agradeci\u00f3 \u201cque la bandera nos permite sentirnos parte de un colectivo mucho m\u00e1s grande y trascendente que nuestra propia mirada sobre los hechos\u201d. Y afirm\u00f3 que \u201chacer bandera es hacer equipo con quienes tienen ganas de darlo todo, es sembrar semillas de solidaridad, de determinaci\u00f3n, de respeto, de equidad, de escucha, de paciencia, de trabajo y de libertad\u201d.<\/p>\n\n\n\n<p>Tras la invocaci\u00f3n religiosa del capell\u00e1n del Regimiento de Caballer\u00eda de Exploraci\u00f3n de Monta\u00f1a 4 Ej\u00e9rcito, presb\u00edtero Alberto Ram\u00f3n Rossi, hizo uso de la palabra la alumna Mora Swi, estudiante del CPEM 28, quien se refiri\u00f3 a la necesidad de revalorizar la importancia de la bandera nacional y a discutir los temas que nos atraviesan desde la pol\u00edtica.<\/p>\n\n\n\n<figure class=\"wp-block-gallery has-nested-images columns-default is-cropped wp-block-gallery-3 is-layout-flex wp-block-gallery-is-layout-flex\">\n<figure class=\"wp-block-image size-large\"><img loading=\"lazy\" decoding=\"async\" width=\"1024\" height=\"678\" data-id=\"551\" src=\"https:\/\/prensa.sma.gob.ar\/wp-content\/uploads\/2024\/06\/WhatsApp-Image-2024-06-20-at-16.02.10-1-1024x678.jpeg\" alt=\"\" class=\"wp-image-551\" srcset=\"https:\/\/prensa.sma.gob.ar\/wp-content\/uploads\/2024\/06\/WhatsApp-Image-2024-06-20-at-16.02.10-1-1024x678.jpeg 1024w, https:\/\/prensa.sma.gob.ar\/wp-content\/uploads\/2024\/06\/WhatsApp-Image-2024-06-20-at-16.02.10-1-300x199.jpeg 300w, https:\/\/prensa.sma.gob.ar\/wp-content\/uploads\/2024\/06\/WhatsApp-Image-2024-06-20-at-16.02.10-1-768x509.jpeg 768w, https:\/\/prensa.sma.gob.ar\/wp-content\/uploads\/2024\/06\/WhatsApp-Image-2024-06-20-at-16.02.10-1-1536x1018.jpeg 1536w, https:\/\/prensa.sma.gob.ar\/wp-content\/uploads\/2024\/06\/WhatsApp-Image-2024-06-20-at-16.02.10-1-634x420.jpeg 634w, https:\/\/prensa.sma.gob.ar\/wp-content\/uploads\/2024\/06\/WhatsApp-Image-2024-06-20-at-16.02.10-1-696x461.jpeg 696w, https:\/\/prensa.sma.gob.ar\/wp-content\/uploads\/2024\/06\/WhatsApp-Image-2024-06-20-at-16.02.10-1-1068x708.jpeg 1068w, https:\/\/prensa.sma.gob.ar\/wp-content\/uploads\/2024\/06\/WhatsApp-Image-2024-06-20-at-16.02.10-1.jpeg 1600w\" sizes=\"auto, (max-width: 1024px) 100vw, 1024px\" \/><\/figure>\n\n\n\n<figure class=\"wp-block-image size-large\"><img loading=\"lazy\" decoding=\"async\" width=\"1024\" height=\"678\" data-id=\"550\" src=\"https:\/\/prensa.sma.gob.ar\/wp-content\/uploads\/2024\/06\/WhatsApp-Image-2024-06-20-at-16.02.091-1-1024x678.jpeg\" alt=\"\" class=\"wp-image-550\" srcset=\"https:\/\/prensa.sma.gob.ar\/wp-content\/uploads\/2024\/06\/WhatsApp-Image-2024-06-20-at-16.02.091-1-1024x678.jpeg 1024w, https:\/\/prensa.sma.gob.ar\/wp-content\/uploads\/2024\/06\/WhatsApp-Image-2024-06-20-at-16.02.091-1-300x199.jpeg 300w, https:\/\/prensa.sma.gob.ar\/wp-content\/uploads\/2024\/06\/WhatsApp-Image-2024-06-20-at-16.02.091-1-768x509.jpeg 768w, https:\/\/prensa.sma.gob.ar\/wp-content\/uploads\/2024\/06\/WhatsApp-Image-2024-06-20-at-16.02.091-1-1536x1018.jpeg 1536w, https:\/\/prensa.sma.gob.ar\/wp-content\/uploads\/2024\/06\/WhatsApp-Image-2024-06-20-at-16.02.091-1-634x420.jpeg 634w, https:\/\/prensa.sma.gob.ar\/wp-content\/uploads\/2024\/06\/WhatsApp-Image-2024-06-20-at-16.02.091-1-696x461.jpeg 696w, https:\/\/prensa.sma.gob.ar\/wp-content\/uploads\/2024\/06\/WhatsApp-Image-2024-06-20-at-16.02.091-1-1068x708.jpeg 1068w, https:\/\/prensa.sma.gob.ar\/wp-content\/uploads\/2024\/06\/WhatsApp-Image-2024-06-20-at-16.02.091-1.jpeg 1600w\" sizes=\"auto, (max-width: 1024px) 100vw, 1024px\" \/><\/figure>\n\n\n\n<figure class=\"wp-block-image size-large\"><img loading=\"lazy\" decoding=\"async\" width=\"1024\" height=\"576\" data-id=\"547\" src=\"https:\/\/prensa.sma.gob.ar\/wp-content\/uploads\/2024\/06\/WhatsApp-Image-2024-06-20-at-16.02.082-1024x576.jpeg\" alt=\"\" class=\"wp-image-547\" srcset=\"https:\/\/prensa.sma.gob.ar\/wp-content\/uploads\/2024\/06\/WhatsApp-Image-2024-06-20-at-16.02.082-1024x576.jpeg 1024w, https:\/\/prensa.sma.gob.ar\/wp-content\/uploads\/2024\/06\/WhatsApp-Image-2024-06-20-at-16.02.082-300x169.jpeg 300w, https:\/\/prensa.sma.gob.ar\/wp-content\/uploads\/2024\/06\/WhatsApp-Image-2024-06-20-at-16.02.082-768x432.jpeg 768w, https:\/\/prensa.sma.gob.ar\/wp-content\/uploads\/2024\/06\/WhatsApp-Image-2024-06-20-at-16.02.082-1536x864.jpeg 1536w, https:\/\/prensa.sma.gob.ar\/wp-content\/uploads\/2024\/06\/WhatsApp-Image-2024-06-20-at-16.02.082-747x420.jpeg 747w, https:\/\/prensa.sma.gob.ar\/wp-content\/uploads\/2024\/06\/WhatsApp-Image-2024-06-20-at-16.02.082-696x392.jpeg 696w, https:\/\/prensa.sma.gob.ar\/wp-content\/uploads\/2024\/06\/WhatsApp-Image-2024-06-20-at-16.02.082-1068x601.jpeg 1068w, https:\/\/prensa.sma.gob.ar\/wp-content\/uploads\/2024\/06\/WhatsApp-Image-2024-06-20-at-16.02.082.jpeg 1600w\" sizes=\"auto, (max-width: 1024px) 100vw, 1024px\" \/><\/figure>\n\n\n\n<figure class=\"wp-block-image size-large\"><img loading=\"lazy\" decoding=\"async\" width=\"1024\" height=\"576\" data-id=\"548\" src=\"https:\/\/prensa.sma.gob.ar\/wp-content\/uploads\/2024\/06\/WhatsApp-Image-2024-06-20-at-16.02.081-1024x576.jpeg\" alt=\"\" class=\"wp-image-548\" srcset=\"https:\/\/prensa.sma.gob.ar\/wp-content\/uploads\/2024\/06\/WhatsApp-Image-2024-06-20-at-16.02.081-1024x576.jpeg 1024w, https:\/\/prensa.sma.gob.ar\/wp-content\/uploads\/2024\/06\/WhatsApp-Image-2024-06-20-at-16.02.081-300x169.jpeg 300w, https:\/\/prensa.sma.gob.ar\/wp-content\/uploads\/2024\/06\/WhatsApp-Image-2024-06-20-at-16.02.081-768x432.jpeg 768w, https:\/\/prensa.sma.gob.ar\/wp-content\/uploads\/2024\/06\/WhatsApp-Image-2024-06-20-at-16.02.081-1536x864.jpeg 1536w, https:\/\/prensa.sma.gob.ar\/wp-content\/uploads\/2024\/06\/WhatsApp-Image-2024-06-20-at-16.02.081-747x420.jpeg 747w, https:\/\/prensa.sma.gob.ar\/wp-content\/uploads\/2024\/06\/WhatsApp-Image-2024-06-20-at-16.02.081-696x392.jpeg 696w, https:\/\/prensa.sma.gob.ar\/wp-content\/uploads\/2024\/06\/WhatsApp-Image-2024-06-20-at-16.02.081-1068x601.jpeg 1068w, https:\/\/prensa.sma.gob.ar\/wp-content\/uploads\/2024\/06\/WhatsApp-Image-2024-06-20-at-16.02.081.jpeg 1600w\" sizes=\"auto, (max-width: 1024px) 100vw, 1024px\" \/><\/figure>\n\n\n\n<figure class=\"wp-block-image size-large\"><img loading=\"lazy\" decoding=\"async\" width=\"1024\" height=\"583\" data-id=\"549\" src=\"https:\/\/prensa.sma.gob.ar\/wp-content\/uploads\/2024\/06\/WhatsApp-Image-2024-06-20-at-16.02.08-1024x583.jpeg\" alt=\"\" class=\"wp-image-549\" srcset=\"https:\/\/prensa.sma.gob.ar\/wp-content\/uploads\/2024\/06\/WhatsApp-Image-2024-06-20-at-16.02.08-1024x583.jpeg 1024w, https:\/\/prensa.sma.gob.ar\/wp-content\/uploads\/2024\/06\/WhatsApp-Image-2024-06-20-at-16.02.08-300x171.jpeg 300w, https:\/\/prensa.sma.gob.ar\/wp-content\/uploads\/2024\/06\/WhatsApp-Image-2024-06-20-at-16.02.08-768x437.jpeg 768w, https:\/\/prensa.sma.gob.ar\/wp-content\/uploads\/2024\/06\/WhatsApp-Image-2024-06-20-at-16.02.08-1536x875.jpeg 1536w, https:\/\/prensa.sma.gob.ar\/wp-content\/uploads\/2024\/06\/WhatsApp-Image-2024-06-20-at-16.02.08-738x420.jpeg 738w, https:\/\/prensa.sma.gob.ar\/wp-content\/uploads\/2024\/06\/WhatsApp-Image-2024-06-20-at-16.02.08-696x396.jpeg 696w, https:\/\/prensa.sma.gob.ar\/wp-content\/uploads\/2024\/06\/WhatsApp-Image-2024-06-20-at-16.02.08-1068x608.jpeg 1068w, https:\/\/prensa.sma.gob.ar\/wp-content\/uploads\/2024\/06\/WhatsApp-Image-2024-06-20-at-16.02.08.jpeg 1600w\" sizes=\"auto, (max-width: 1024px) 100vw, 1024px\" \/><\/figure>\n\n\n\n<figure class=\"wp-block-image size-large\"><img loading=\"lazy\" decoding=\"async\" width=\"1024\" height=\"663\" data-id=\"552\" src=\"https:\/\/prensa.sma.gob.ar\/wp-content\/uploads\/2024\/06\/WhatsApp-Image-2024-06-20-at-16.02.07-1024x663.jpeg\" alt=\"\" class=\"wp-image-552\" srcset=\"https:\/\/prensa.sma.gob.ar\/wp-content\/uploads\/2024\/06\/WhatsApp-Image-2024-06-20-at-16.02.07-1024x663.jpeg 1024w, https:\/\/prensa.sma.gob.ar\/wp-content\/uploads\/2024\/06\/WhatsApp-Image-2024-06-20-at-16.02.07-300x194.jpeg 300w, https:\/\/prensa.sma.gob.ar\/wp-content\/uploads\/2024\/06\/WhatsApp-Image-2024-06-20-at-16.02.07-768x497.jpeg 768w, https:\/\/prensa.sma.gob.ar\/wp-content\/uploads\/2024\/06\/WhatsApp-Image-2024-06-20-at-16.02.07-1536x995.jpeg 1536w, https:\/\/prensa.sma.gob.ar\/wp-content\/uploads\/2024\/06\/WhatsApp-Image-2024-06-20-at-16.02.07-649x420.jpeg 649w, https:\/\/prensa.sma.gob.ar\/wp-content\/uploads\/2024\/06\/WhatsApp-Image-2024-06-20-at-16.02.07-696x451.jpeg 696w, https:\/\/prensa.sma.gob.ar\/wp-content\/uploads\/2024\/06\/WhatsApp-Image-2024-06-20-at-16.02.07-1068x692.jpeg 1068w, https:\/\/prensa.sma.gob.ar\/wp-content\/uploads\/2024\/06\/WhatsApp-Image-2024-06-20-at-16.02.07.jpeg 1600w\" sizes=\"auto, (max-width: 1024px) 100vw, 1024px\" \/><\/figure>\n<\/figure>\n\n\n\n<p>Durante el acto, prometieron la bandera alumnos de cuarto grado de escuelas de nuestra ciudad y ni\u00f1as y ni\u00f1os de Buenos Aires que pasan estos d\u00edas en San Mart\u00edn de los Andes, raz\u00f3n por la cual no pudieron asistir a los actos de sus escuelas.<\/p>\n\n\n\n<p>Prometieron a la bandera la ni\u00f1a sanmartinense Nicole Celene Enr\u00edquez y los ni\u00f1os Agust\u00edn Pascucci (San Mart\u00edn, provincia de Buenos Aires); Mateo Villalba Muzzio y Lucas Villalba Muzzio (Parque Chacabuco) y Bautista P\u00e9rez Fari\u00f1a (Ciudad Evita).<\/p>\n\n\n\n<p>Ante la pregunta de la supervisora de Nivel Inicial, Silvia Otero, \u201c\u00bfse comprometen a saludar, reconocer y cuidar a la bandera como s\u00edmbolo del pueblo del que somos parte, ahora y siempre?, las ni\u00f1as y ni\u00f1os gritaron \u201cs\u00ed, lo prometo\u201d.<\/p>\n\n\n\n<figure class=\"wp-block-gallery has-nested-images columns-default is-cropped wp-block-gallery-4 is-layout-flex wp-block-gallery-is-layout-flex\">\n<figure class=\"wp-block-image size-large\"><img loading=\"lazy\" decoding=\"async\" width=\"1024\" height=\"576\" data-id=\"553\" src=\"https:\/\/prensa.sma.gob.ar\/wp-content\/uploads\/2024\/06\/WhatsApp-Image-2024-06-20-at-16.02.071-1024x576.jpeg\" alt=\"\" class=\"wp-image-553\" srcset=\"https:\/\/prensa.sma.gob.ar\/wp-content\/uploads\/2024\/06\/WhatsApp-Image-2024-06-20-at-16.02.071-1024x576.jpeg 1024w, https:\/\/prensa.sma.gob.ar\/wp-content\/uploads\/2024\/06\/WhatsApp-Image-2024-06-20-at-16.02.071-300x169.jpeg 300w, https:\/\/prensa.sma.gob.ar\/wp-content\/uploads\/2024\/06\/WhatsApp-Image-2024-06-20-at-16.02.071-768x432.jpeg 768w, https:\/\/prensa.sma.gob.ar\/wp-content\/uploads\/2024\/06\/WhatsApp-Image-2024-06-20-at-16.02.071-1536x864.jpeg 1536w, https:\/\/prensa.sma.gob.ar\/wp-content\/uploads\/2024\/06\/WhatsApp-Image-2024-06-20-at-16.02.071-747x420.jpeg 747w, https:\/\/prensa.sma.gob.ar\/wp-content\/uploads\/2024\/06\/WhatsApp-Image-2024-06-20-at-16.02.071-696x392.jpeg 696w, https:\/\/prensa.sma.gob.ar\/wp-content\/uploads\/2024\/06\/WhatsApp-Image-2024-06-20-at-16.02.071-1068x601.jpeg 1068w, https:\/\/prensa.sma.gob.ar\/wp-content\/uploads\/2024\/06\/WhatsApp-Image-2024-06-20-at-16.02.071.jpeg 1600w\" sizes=\"auto, (max-width: 1024px) 100vw, 1024px\" \/><\/figure>\n\n\n\n<figure class=\"wp-block-image size-large\"><img loading=\"lazy\" decoding=\"async\" width=\"1024\" height=\"576\" data-id=\"555\" src=\"https:\/\/prensa.sma.gob.ar\/wp-content\/uploads\/2024\/06\/WhatsApp-Image-2024-06-20-at-16.02.062-1024x576.jpeg\" alt=\"\" class=\"wp-image-555\" srcset=\"https:\/\/prensa.sma.gob.ar\/wp-content\/uploads\/2024\/06\/WhatsApp-Image-2024-06-20-at-16.02.062-1024x576.jpeg 1024w, https:\/\/prensa.sma.gob.ar\/wp-content\/uploads\/2024\/06\/WhatsApp-Image-2024-06-20-at-16.02.062-300x169.jpeg 300w, https:\/\/prensa.sma.gob.ar\/wp-content\/uploads\/2024\/06\/WhatsApp-Image-2024-06-20-at-16.02.062-768x432.jpeg 768w, https:\/\/prensa.sma.gob.ar\/wp-content\/uploads\/2024\/06\/WhatsApp-Image-2024-06-20-at-16.02.062-1536x864.jpeg 1536w, https:\/\/prensa.sma.gob.ar\/wp-content\/uploads\/2024\/06\/WhatsApp-Image-2024-06-20-at-16.02.062-747x420.jpeg 747w, https:\/\/prensa.sma.gob.ar\/wp-content\/uploads\/2024\/06\/WhatsApp-Image-2024-06-20-at-16.02.062-696x392.jpeg 696w, https:\/\/prensa.sma.gob.ar\/wp-content\/uploads\/2024\/06\/WhatsApp-Image-2024-06-20-at-16.02.062-1068x601.jpeg 1068w, https:\/\/prensa.sma.gob.ar\/wp-content\/uploads\/2024\/06\/WhatsApp-Image-2024-06-20-at-16.02.062.jpeg 1600w\" sizes=\"auto, (max-width: 1024px) 100vw, 1024px\" \/><\/figure>\n\n\n\n<figure class=\"wp-block-image size-large\"><img loading=\"lazy\" decoding=\"async\" width=\"1024\" height=\"559\" data-id=\"556\" src=\"https:\/\/prensa.sma.gob.ar\/wp-content\/uploads\/2024\/06\/WhatsApp-Image-2024-06-20-at-16.02.061-1024x559.jpeg\" alt=\"\" class=\"wp-image-556\" srcset=\"https:\/\/prensa.sma.gob.ar\/wp-content\/uploads\/2024\/06\/WhatsApp-Image-2024-06-20-at-16.02.061-1024x559.jpeg 1024w, https:\/\/prensa.sma.gob.ar\/wp-content\/uploads\/2024\/06\/WhatsApp-Image-2024-06-20-at-16.02.061-300x164.jpeg 300w, https:\/\/prensa.sma.gob.ar\/wp-content\/uploads\/2024\/06\/WhatsApp-Image-2024-06-20-at-16.02.061-768x419.jpeg 768w, https:\/\/prensa.sma.gob.ar\/wp-content\/uploads\/2024\/06\/WhatsApp-Image-2024-06-20-at-16.02.061-1536x838.jpeg 1536w, https:\/\/prensa.sma.gob.ar\/wp-content\/uploads\/2024\/06\/WhatsApp-Image-2024-06-20-at-16.02.061-770x420.jpeg 770w, https:\/\/prensa.sma.gob.ar\/wp-content\/uploads\/2024\/06\/WhatsApp-Image-2024-06-20-at-16.02.061-696x380.jpeg 696w, https:\/\/prensa.sma.gob.ar\/wp-content\/uploads\/2024\/06\/WhatsApp-Image-2024-06-20-at-16.02.061-1068x583.jpeg 1068w, https:\/\/prensa.sma.gob.ar\/wp-content\/uploads\/2024\/06\/WhatsApp-Image-2024-06-20-at-16.02.061.jpeg 1600w\" sizes=\"auto, (max-width: 1024px) 100vw, 1024px\" \/><\/figure>\n<\/figure>\n\n\n\n<p>Tambi\u00e9n juraron fidelidad a la ense\u00f1a nacional los cadetes de la polic\u00eda provincial, ante la superintendenta de Apoyo y Servicios de la polic\u00eda, comisaria general Roxana Bello; y soldados del Regimiento de Caballer\u00eda de Exploraci\u00f3n de Monta\u00f1a N\u00ba 4, quienes lo hicieron ante el jefe teniente coronel Pablo Bartrons.<\/p>\n\n\n\n<p>Durante el acto, alumnos del colegio San Pablo Ap\u00f3stol le entregaron a los directivos de la Escuela especial N\u00ba 8 una bandera argentina de 81 metros. Desde 2005 se tom\u00f3 la iniciativa de confeccionar una bandera a la que cada establecimiento escolar le agrega un tramo de tres metros, aproximadamente.<\/p>\n\n\n\n<figure class=\"wp-block-gallery has-nested-images columns-default is-cropped wp-block-gallery-5 is-layout-flex wp-block-gallery-is-layout-flex\">\n<figure class=\"wp-block-image size-large\"><img loading=\"lazy\" decoding=\"async\" width=\"1024\" height=\"576\" data-id=\"559\" src=\"https:\/\/prensa.sma.gob.ar\/wp-content\/uploads\/2024\/06\/WhatsApp-Image-2024-06-20-at-16.02.001-1024x576.jpeg\" alt=\"\" class=\"wp-image-559\" srcset=\"https:\/\/prensa.sma.gob.ar\/wp-content\/uploads\/2024\/06\/WhatsApp-Image-2024-06-20-at-16.02.001-1024x576.jpeg 1024w, https:\/\/prensa.sma.gob.ar\/wp-content\/uploads\/2024\/06\/WhatsApp-Image-2024-06-20-at-16.02.001-300x169.jpeg 300w, https:\/\/prensa.sma.gob.ar\/wp-content\/uploads\/2024\/06\/WhatsApp-Image-2024-06-20-at-16.02.001-768x432.jpeg 768w, https:\/\/prensa.sma.gob.ar\/wp-content\/uploads\/2024\/06\/WhatsApp-Image-2024-06-20-at-16.02.001-1536x864.jpeg 1536w, https:\/\/prensa.sma.gob.ar\/wp-content\/uploads\/2024\/06\/WhatsApp-Image-2024-06-20-at-16.02.001-747x420.jpeg 747w, https:\/\/prensa.sma.gob.ar\/wp-content\/uploads\/2024\/06\/WhatsApp-Image-2024-06-20-at-16.02.001-696x392.jpeg 696w, https:\/\/prensa.sma.gob.ar\/wp-content\/uploads\/2024\/06\/WhatsApp-Image-2024-06-20-at-16.02.001-1068x601.jpeg 1068w, https:\/\/prensa.sma.gob.ar\/wp-content\/uploads\/2024\/06\/WhatsApp-Image-2024-06-20-at-16.02.001.jpeg 1600w\" sizes=\"auto, (max-width: 1024px) 100vw, 1024px\" \/><\/figure>\n\n\n\n<figure class=\"wp-block-image size-large\"><img loading=\"lazy\" decoding=\"async\" width=\"1024\" height=\"576\" data-id=\"561\" src=\"https:\/\/prensa.sma.gob.ar\/wp-content\/uploads\/2024\/06\/WhatsApp-Image-2024-06-20-at-16.02.00-1-1024x576.jpeg\" alt=\"\" class=\"wp-image-561\" srcset=\"https:\/\/prensa.sma.gob.ar\/wp-content\/uploads\/2024\/06\/WhatsApp-Image-2024-06-20-at-16.02.00-1-1024x576.jpeg 1024w, https:\/\/prensa.sma.gob.ar\/wp-content\/uploads\/2024\/06\/WhatsApp-Image-2024-06-20-at-16.02.00-1-300x169.jpeg 300w, https:\/\/prensa.sma.gob.ar\/wp-content\/uploads\/2024\/06\/WhatsApp-Image-2024-06-20-at-16.02.00-1-768x432.jpeg 768w, https:\/\/prensa.sma.gob.ar\/wp-content\/uploads\/2024\/06\/WhatsApp-Image-2024-06-20-at-16.02.00-1-1536x864.jpeg 1536w, https:\/\/prensa.sma.gob.ar\/wp-content\/uploads\/2024\/06\/WhatsApp-Image-2024-06-20-at-16.02.00-1-747x420.jpeg 747w, https:\/\/prensa.sma.gob.ar\/wp-content\/uploads\/2024\/06\/WhatsApp-Image-2024-06-20-at-16.02.00-1-696x392.jpeg 696w, https:\/\/prensa.sma.gob.ar\/wp-content\/uploads\/2024\/06\/WhatsApp-Image-2024-06-20-at-16.02.00-1-1068x601.jpeg 1068w, https:\/\/prensa.sma.gob.ar\/wp-content\/uploads\/2024\/06\/WhatsApp-Image-2024-06-20-at-16.02.00-1.jpeg 1600w\" sizes=\"auto, (max-width: 1024px) 100vw, 1024px\" \/><\/figure>\n\n\n\n<figure class=\"wp-block-image size-large\"><img loading=\"lazy\" decoding=\"async\" width=\"1024\" height=\"576\" data-id=\"563\" src=\"https:\/\/prensa.sma.gob.ar\/wp-content\/uploads\/2024\/06\/WhatsApp-Image-2024-06-20-at-16.01.56-1024x576.jpeg\" alt=\"\" class=\"wp-image-563\" srcset=\"https:\/\/prensa.sma.gob.ar\/wp-content\/uploads\/2024\/06\/WhatsApp-Image-2024-06-20-at-16.01.56-1024x576.jpeg 1024w, https:\/\/prensa.sma.gob.ar\/wp-content\/uploads\/2024\/06\/WhatsApp-Image-2024-06-20-at-16.01.56-300x169.jpeg 300w, https:\/\/prensa.sma.gob.ar\/wp-content\/uploads\/2024\/06\/WhatsApp-Image-2024-06-20-at-16.01.56-768x432.jpeg 768w, https:\/\/prensa.sma.gob.ar\/wp-content\/uploads\/2024\/06\/WhatsApp-Image-2024-06-20-at-16.01.56-1536x864.jpeg 1536w, https:\/\/prensa.sma.gob.ar\/wp-content\/uploads\/2024\/06\/WhatsApp-Image-2024-06-20-at-16.01.56-747x420.jpeg 747w, https:\/\/prensa.sma.gob.ar\/wp-content\/uploads\/2024\/06\/WhatsApp-Image-2024-06-20-at-16.01.56-696x392.jpeg 696w, https:\/\/prensa.sma.gob.ar\/wp-content\/uploads\/2024\/06\/WhatsApp-Image-2024-06-20-at-16.01.56-1068x601.jpeg 1068w, https:\/\/prensa.sma.gob.ar\/wp-content\/uploads\/2024\/06\/WhatsApp-Image-2024-06-20-at-16.01.56.jpeg 1600w\" sizes=\"auto, (max-width: 1024px) 100vw, 1024px\" \/><\/figure>\n<\/figure>\n\n\n\n<figure class=\"wp-block-gallery has-nested-images columns-default is-cropped wp-block-gallery-6 is-layout-flex wp-block-gallery-is-layout-flex\">\n<figure class=\"wp-block-image size-large\"><img loading=\"lazy\" decoding=\"async\" width=\"1024\" height=\"707\" data-id=\"567\" src=\"https:\/\/prensa.sma.gob.ar\/wp-content\/uploads\/2024\/06\/WhatsApp-Image-2024-06-20-at-16.02.122-1024x707.jpeg\" alt=\"\" class=\"wp-image-567\" srcset=\"https:\/\/prensa.sma.gob.ar\/wp-content\/uploads\/2024\/06\/WhatsApp-Image-2024-06-20-at-16.02.122-1024x707.jpeg 1024w, https:\/\/prensa.sma.gob.ar\/wp-content\/uploads\/2024\/06\/WhatsApp-Image-2024-06-20-at-16.02.122-300x207.jpeg 300w, https:\/\/prensa.sma.gob.ar\/wp-content\/uploads\/2024\/06\/WhatsApp-Image-2024-06-20-at-16.02.122-768x530.jpeg 768w, https:\/\/prensa.sma.gob.ar\/wp-content\/uploads\/2024\/06\/WhatsApp-Image-2024-06-20-at-16.02.122-1536x1061.jpeg 1536w, https:\/\/prensa.sma.gob.ar\/wp-content\/uploads\/2024\/06\/WhatsApp-Image-2024-06-20-at-16.02.122-608x420.jpeg 608w, https:\/\/prensa.sma.gob.ar\/wp-content\/uploads\/2024\/06\/WhatsApp-Image-2024-06-20-at-16.02.122-218x150.jpeg 218w, https:\/\/prensa.sma.gob.ar\/wp-content\/uploads\/2024\/06\/WhatsApp-Image-2024-06-20-at-16.02.122-696x481.jpeg 696w, https:\/\/prensa.sma.gob.ar\/wp-content\/uploads\/2024\/06\/WhatsApp-Image-2024-06-20-at-16.02.122-1068x738.jpeg 1068w, https:\/\/prensa.sma.gob.ar\/wp-content\/uploads\/2024\/06\/WhatsApp-Image-2024-06-20-at-16.02.122.jpeg 1600w\" sizes=\"auto, (max-width: 1024px) 100vw, 1024px\" \/><\/figure>\n\n\n\n<figure class=\"wp-block-image size-large\"><img loading=\"lazy\" decoding=\"async\" width=\"1024\" height=\"596\" data-id=\"566\" src=\"https:\/\/prensa.sma.gob.ar\/wp-content\/uploads\/2024\/06\/WhatsApp-Image-2024-06-20-at-16.02.12-1024x596.jpeg\" alt=\"\" class=\"wp-image-566\" srcset=\"https:\/\/prensa.sma.gob.ar\/wp-content\/uploads\/2024\/06\/WhatsApp-Image-2024-06-20-at-16.02.12-1024x596.jpeg 1024w, https:\/\/prensa.sma.gob.ar\/wp-content\/uploads\/2024\/06\/WhatsApp-Image-2024-06-20-at-16.02.12-300x175.jpeg 300w, https:\/\/prensa.sma.gob.ar\/wp-content\/uploads\/2024\/06\/WhatsApp-Image-2024-06-20-at-16.02.12-768x447.jpeg 768w, https:\/\/prensa.sma.gob.ar\/wp-content\/uploads\/2024\/06\/WhatsApp-Image-2024-06-20-at-16.02.12-1536x895.jpeg 1536w, https:\/\/prensa.sma.gob.ar\/wp-content\/uploads\/2024\/06\/WhatsApp-Image-2024-06-20-at-16.02.12-721x420.jpeg 721w, https:\/\/prensa.sma.gob.ar\/wp-content\/uploads\/2024\/06\/WhatsApp-Image-2024-06-20-at-16.02.12-696x405.jpeg 696w, https:\/\/prensa.sma.gob.ar\/wp-content\/uploads\/2024\/06\/WhatsApp-Image-2024-06-20-at-16.02.12-1068x622.jpeg 1068w, https:\/\/prensa.sma.gob.ar\/wp-content\/uploads\/2024\/06\/WhatsApp-Image-2024-06-20-at-16.02.12.jpeg 1600w\" sizes=\"auto, (max-width: 1024px) 100vw, 1024px\" \/><\/figure>\n\n\n\n<figure class=\"wp-block-image size-large\"><img loading=\"lazy\" decoding=\"async\" width=\"1024\" height=\"576\" data-id=\"565\" src=\"https:\/\/prensa.sma.gob.ar\/wp-content\/uploads\/2024\/06\/WhatsApp-Image-2024-06-20-at-16.01.55-1-1024x576.jpeg\" alt=\"\" class=\"wp-image-565\" srcset=\"https:\/\/prensa.sma.gob.ar\/wp-content\/uploads\/2024\/06\/WhatsApp-Image-2024-06-20-at-16.01.55-1-1024x576.jpeg 1024w, https:\/\/prensa.sma.gob.ar\/wp-content\/uploads\/2024\/06\/WhatsApp-Image-2024-06-20-at-16.01.55-1-300x169.jpeg 300w, https:\/\/prensa.sma.gob.ar\/wp-content\/uploads\/2024\/06\/WhatsApp-Image-2024-06-20-at-16.01.55-1-768x432.jpeg 768w, https:\/\/prensa.sma.gob.ar\/wp-content\/uploads\/2024\/06\/WhatsApp-Image-2024-06-20-at-16.01.55-1-1536x864.jpeg 1536w, https:\/\/prensa.sma.gob.ar\/wp-content\/uploads\/2024\/06\/WhatsApp-Image-2024-06-20-at-16.01.55-1-747x420.jpeg 747w, https:\/\/prensa.sma.gob.ar\/wp-content\/uploads\/2024\/06\/WhatsApp-Image-2024-06-20-at-16.01.55-1-696x392.jpeg 696w, https:\/\/prensa.sma.gob.ar\/wp-content\/uploads\/2024\/06\/WhatsApp-Image-2024-06-20-at-16.01.55-1-1068x601.jpeg 1068w, https:\/\/prensa.sma.gob.ar\/wp-content\/uploads\/2024\/06\/WhatsApp-Image-2024-06-20-at-16.01.55-1.jpeg 1600w\" sizes=\"auto, (max-width: 1024px) 100vw, 1024px\" \/><\/figure>\n<\/figure>\n\n\n\n<figure class=\"wp-block-gallery has-nested-images columns-default is-cropped wp-block-gallery-7 is-layout-flex wp-block-gallery-is-layout-flex\">\n<figure class=\"wp-block-image size-large\"><img loading=\"lazy\" decoding=\"async\" width=\"1024\" height=\"579\" data-id=\"570\" src=\"https:\/\/prensa.sma.gob.ar\/wp-content\/uploads\/2024\/06\/WhatsApp-Image-2024-06-20-at-16.02.151-1024x579.jpeg\" alt=\"\" class=\"wp-image-570\" srcset=\"https:\/\/prensa.sma.gob.ar\/wp-content\/uploads\/2024\/06\/WhatsApp-Image-2024-06-20-at-16.02.151-1024x579.jpeg 1024w, https:\/\/prensa.sma.gob.ar\/wp-content\/uploads\/2024\/06\/WhatsApp-Image-2024-06-20-at-16.02.151-300x170.jpeg 300w, https:\/\/prensa.sma.gob.ar\/wp-content\/uploads\/2024\/06\/WhatsApp-Image-2024-06-20-at-16.02.151-768x434.jpeg 768w, https:\/\/prensa.sma.gob.ar\/wp-content\/uploads\/2024\/06\/WhatsApp-Image-2024-06-20-at-16.02.151-1536x868.jpeg 1536w, https:\/\/prensa.sma.gob.ar\/wp-content\/uploads\/2024\/06\/WhatsApp-Image-2024-06-20-at-16.02.151-743x420.jpeg 743w, https:\/\/prensa.sma.gob.ar\/wp-content\/uploads\/2024\/06\/WhatsApp-Image-2024-06-20-at-16.02.151-696x393.jpeg 696w, https:\/\/prensa.sma.gob.ar\/wp-content\/uploads\/2024\/06\/WhatsApp-Image-2024-06-20-at-16.02.151-1068x603.jpeg 1068w, https:\/\/prensa.sma.gob.ar\/wp-content\/uploads\/2024\/06\/WhatsApp-Image-2024-06-20-at-16.02.151.jpeg 1600w\" sizes=\"auto, (max-width: 1024px) 100vw, 1024px\" \/><\/figure>\n\n\n\n<figure class=\"wp-block-image size-large\"><img loading=\"lazy\" decoding=\"async\" width=\"1024\" height=\"576\" data-id=\"569\" src=\"https:\/\/prensa.sma.gob.ar\/wp-content\/uploads\/2024\/06\/WhatsApp-Image-2024-06-20-at-16.02.063-1024x576.jpeg\" alt=\"\" class=\"wp-image-569\" srcset=\"https:\/\/prensa.sma.gob.ar\/wp-content\/uploads\/2024\/06\/WhatsApp-Image-2024-06-20-at-16.02.063-1024x576.jpeg 1024w, https:\/\/prensa.sma.gob.ar\/wp-content\/uploads\/2024\/06\/WhatsApp-Image-2024-06-20-at-16.02.063-300x169.jpeg 300w, https:\/\/prensa.sma.gob.ar\/wp-content\/uploads\/2024\/06\/WhatsApp-Image-2024-06-20-at-16.02.063-768x432.jpeg 768w, https:\/\/prensa.sma.gob.ar\/wp-content\/uploads\/2024\/06\/WhatsApp-Image-2024-06-20-at-16.02.063-1536x864.jpeg 1536w, https:\/\/prensa.sma.gob.ar\/wp-content\/uploads\/2024\/06\/WhatsApp-Image-2024-06-20-at-16.02.063-747x420.jpeg 747w, https:\/\/prensa.sma.gob.ar\/wp-content\/uploads\/2024\/06\/WhatsApp-Image-2024-06-20-at-16.02.063-696x392.jpeg 696w, https:\/\/prensa.sma.gob.ar\/wp-content\/uploads\/2024\/06\/WhatsApp-Image-2024-06-20-at-16.02.063-1068x601.jpeg 1068w, https:\/\/prensa.sma.gob.ar\/wp-content\/uploads\/2024\/06\/WhatsApp-Image-2024-06-20-at-16.02.063.jpeg 1600w\" sizes=\"auto, (max-width: 1024px) 100vw, 1024px\" \/><\/figure>\n\n\n\n<figure class=\"wp-block-image size-large\"><img loading=\"lazy\" decoding=\"async\" width=\"1024\" height=\"609\" data-id=\"571\" src=\"https:\/\/prensa.sma.gob.ar\/wp-content\/uploads\/2024\/06\/WhatsApp-Image-2024-06-20-at-16.02.051-1024x609.jpeg\" alt=\"\" class=\"wp-image-571\" srcset=\"https:\/\/prensa.sma.gob.ar\/wp-content\/uploads\/2024\/06\/WhatsApp-Image-2024-06-20-at-16.02.051-1024x609.jpeg 1024w, https:\/\/prensa.sma.gob.ar\/wp-content\/uploads\/2024\/06\/WhatsApp-Image-2024-06-20-at-16.02.051-300x178.jpeg 300w, https:\/\/prensa.sma.gob.ar\/wp-content\/uploads\/2024\/06\/WhatsApp-Image-2024-06-20-at-16.02.051-768x456.jpeg 768w, https:\/\/prensa.sma.gob.ar\/wp-content\/uploads\/2024\/06\/WhatsApp-Image-2024-06-20-at-16.02.051-1536x913.jpeg 1536w, https:\/\/prensa.sma.gob.ar\/wp-content\/uploads\/2024\/06\/WhatsApp-Image-2024-06-20-at-16.02.051-707x420.jpeg 707w, https:\/\/prensa.sma.gob.ar\/wp-content\/uploads\/2024\/06\/WhatsApp-Image-2024-06-20-at-16.02.051-696x414.jpeg 696w, https:\/\/prensa.sma.gob.ar\/wp-content\/uploads\/2024\/06\/WhatsApp-Image-2024-06-20-at-16.02.051-1068x635.jpeg 1068w, https:\/\/prensa.sma.gob.ar\/wp-content\/uploads\/2024\/06\/WhatsApp-Image-2024-06-20-at-16.02.051.jpeg 1600w\" sizes=\"auto, (max-width: 1024px) 100vw, 1024px\" \/><\/figure>\n<\/figure>\n\n\n\n<figure class=\"wp-block-embed is-type-video is-provider-youtube wp-block-embed-youtube wp-embed-aspect-16-9 wp-has-aspect-ratio\"><div class=\"wp-block-embed__wrapper\">\n<div class=\"youtube-embed\" data-video_id=\"ub-8uCc9lzs\"><iframe loading=\"lazy\" title=\"#20deJunio | Acto conmemorativo por el D\u00eda de la Bandera Nacional en el Gimnasio \u201cJavier Carriqueo\u201d\" width=\"696\" height=\"392\" src=\"https:\/\/www.youtube.com\/embed\/ub-8uCc9lzs?feature=oembed&#038;enablejsapi=1\" frameborder=\"0\" allow=\"accelerometer; autoplay; clipboard-write; encrypted-media; gyroscope; picture-in-picture; web-share\" referrerpolicy=\"strict-origin-when-cross-origin\" allowfullscreen><\/iframe><\/div>\n<\/div><\/figure>\n","protected":false},"excerpt":{"rendered":"<p>El intendente de San Mart\u00edn de los Andes, Carlos Saloniti, y los ministros neuquinos de Seguridad, Mat\u00edas Nicolini, y de Turismo, Gustavo Fern\u00e1ndez Capiet, en representaci\u00f3n del Poder Ejecutivo provincial, encabezaron el acto por la celebraci\u00f3n del d\u00eda de la Bandera. La actividad se realiz\u00f3 en el gimnasio Javier Carriqueo, en una jornada caracterizada por [&hellip;]<\/p>\n","protected":false},"author":2,"featured_media":532,"comment_status":"closed","ping_status":"open","sticky":false,"template":"","format":"standard","meta":{"footnotes":""},"categories":[16,11,14,17,1],"tags":[],"class_list":{"0":"post-531","1":"post","2":"type-post","3":"status-publish","4":"format-standard","5":"has-post-thumbnail","7":"category-destacadas","8":"category-gobierno","9":"category-noticias","10":"category-portada","11":"category-uncategorized"},"_links":{"self":[{"href":"https:\/\/prensa.sma.gob.ar\/index.php?rest_route=\/wp\/v2\/posts\/531","targetHints":{"allow":["GET"]}}],"collection":[{"href":"https:\/\/prensa.sma.gob.ar\/index.php?rest_route=\/wp\/v2\/posts"}],"about":[{"href":"https:\/\/prensa.sma.gob.ar\/index.php?rest_route=\/wp\/v2\/types\/post"}],"author":[{"embeddable":true,"href":"https:\/\/prensa.sma.gob.ar\/index.php?rest_route=\/wp\/v2\/users\/2"}],"replies":[{"embeddable":true,"href":"https:\/\/prensa.sma.gob.ar\/index.php?rest_route=%2Fwp%2Fv2%2Fcomments&post=531"}],"version-history":[{"count":4,"href":"https:\/\/prensa.sma.gob.ar\/index.php?rest_route=\/wp\/v2\/posts\/531\/revisions"}],"predecessor-version":[{"id":1670,"href":"https:\/\/prensa.sma.gob.ar\/index.php?rest_route=\/wp\/v2\/posts\/531\/revisions\/1670"}],"wp:featuredmedia":[{"embeddable":true,"href":"https:\/\/prensa.sma.gob.ar\/index.php?rest_route=\/wp\/v2\/media\/532"}],"wp:attachment":[{"href":"https:\/\/prensa.sma.gob.ar\/index.php?rest_route=%2Fwp%2Fv2%2Fmedia&parent=531"}],"wp:term":[{"taxonomy":"category","embeddable":true,"href":"https:\/\/prensa.sma.gob.ar\/index.php?rest_route=%2Fwp%2Fv2%2Fcategories&post=531"},{"taxonomy":"post_tag","embeddable":true,"href":"https:\/\/prensa.sma.gob.ar\/index.php?rest_route=%2Fwp%2Fv2%2Ftags&post=531"}],"curies":[{"name":"wp","href":"https:\/\/api.w.org\/{rel}","templated":true}]}}