{"id":5325,"date":"2025-01-31T16:04:07","date_gmt":"2025-01-31T16:04:07","guid":{"rendered":"https:\/\/prensa.sma.gob.ar\/?p=5325"},"modified":"2025-01-31T16:04:09","modified_gmt":"2025-01-31T16:04:09","slug":"el-municipio-de-san-martin-de-los-andes-adhiere-a-la-iniciativa-neuquina-de-ficha-limpia","status":"publish","type":"post","link":"https:\/\/prensa.sma.gob.ar\/?p=5325","title":{"rendered":"El Municipio de San Mart\u00edn de los Andes adhiere a la iniciativa neuquina de Ficha Limpia"},"content":{"rendered":"\n<p>El intendente de San Mart\u00edn de los Andes, Carlos Saloniti, dispuso que todos funcionarios de su gobierno, incluyendo el propio jefe comunal, deber\u00e1n entregar una Declaraci\u00f3n Jurada de su patrimonio en el lapso de los pr\u00f3ximos 30 d\u00edas y que esa modalidad se repetir\u00e1 de manera anual.<\/p>\n\n\n\n<p>El Decreto correspondiente determina que la medida abarcar\u00e1 a \u201clos funcionarios y funcionarias que ocupen cargos de Intendente, Secretarios, Subsecretarios y Directores Generales\u201d y que la presentaci\u00f3n de realizar\u00e1 anualmente. Actualmente, el Art\u00edculo 132 de la Carta Org\u00e1nica Municipal, dispone que la presentaci\u00f3n de Declaraci\u00f3n Jurada de patrimonio debe realizarse al comienzo y al finalizar el paso por la funci\u00f3n p\u00fablica.<\/p>\n\n\n\n<p>En los considerandos del Decreto, el intendente Saloniti especifica que, de esta manera, el Municipio adhiere a la invitaci\u00f3n hecha por el gobernador de la provincia de Neuqu\u00e9n, Rolando Figueroa, mediante el Decreto Provincial 0117\/25, con fecha del 25 de enero de 2025.<\/p>\n\n\n\n<p>En el art\u00edculo 6\u00b0 de esa normativa, el Ejecutivo provincial \u201cinvita a los Poderes Legislativo, Judicial, \u00f3rganos extra poder y Municipios a emitir en el \u00e1mbito de su competencia normas de contenido similar\u201d a la que ahora adopta San Mart\u00edn de los Andes.<\/p>\n\n\n\n<p>Adem\u00e1s, el Decreto firmado por el intendente Saloniti \u201cinstruye a la Direcci\u00f3n de Recursos Humanos a efectos de retener los haberes de aquellos\/as funcionarios que, en el plazo dispuesto, no hubieren dado cumplimiento a lo establecido y hasta tanto no presenten la correspondiente Declaraci\u00f3n Jurada de patrimonio\u201d.<\/p>\n\n\n\n<p>Tambi\u00e9n establece que \u201cno podr\u00e1 tomar posesi\u00f3n del cargo quien no d\u00e9 cumplimiento a la obligaci\u00f3n establecida en el art\u00edculo 132 de la Carta Org\u00e1nica Municipal\u201d.<\/p>\n\n\n\n<p>En el mismo Decreto, el Ejecutivo municipal invita \u201cal Concejo Deliberante, Defensor\u00eda del Pueblo y del Ambiente, Justicia Administrativa Municipal de Faltas y Contralor\u00eda Municipal a emitir, en el \u00e1mbito de su competencia, normas de contenido similar\u201d.<\/p>\n","protected":false},"excerpt":{"rendered":"<p>El intendente de San Mart\u00edn de los Andes, Carlos Saloniti, dispuso que todos funcionarios de su gobierno, incluyendo el propio jefe comunal, deber\u00e1n entregar una Declaraci\u00f3n Jurada de su patrimonio en el lapso de los pr\u00f3ximos 30 d\u00edas y que esa modalidad se repetir\u00e1 de manera anual. El Decreto correspondiente determina que la medida abarcar\u00e1 [&hellip;]<\/p>\n","protected":false},"author":1,"featured_media":5326,"comment_status":"closed","ping_status":"open","sticky":false,"template":"","format":"standard","meta":{"footnotes":""},"categories":[16,11,14,17],"tags":[],"class_list":{"0":"post-5325","1":"post","2":"type-post","3":"status-publish","4":"format-standard","5":"has-post-thumbnail","7":"category-destacadas","8":"category-gobierno","9":"category-noticias","10":"category-portada"},"_links":{"self":[{"href":"https:\/\/prensa.sma.gob.ar\/index.php?rest_route=\/wp\/v2\/posts\/5325","targetHints":{"allow":["GET"]}}],"collection":[{"href":"https:\/\/prensa.sma.gob.ar\/index.php?rest_route=\/wp\/v2\/posts"}],"about":[{"href":"https:\/\/prensa.sma.gob.ar\/index.php?rest_route=\/wp\/v2\/types\/post"}],"author":[{"embeddable":true,"href":"https:\/\/prensa.sma.gob.ar\/index.php?rest_route=\/wp\/v2\/users\/1"}],"replies":[{"embeddable":true,"href":"https:\/\/prensa.sma.gob.ar\/index.php?rest_route=%2Fwp%2Fv2%2Fcomments&post=5325"}],"version-history":[{"count":1,"href":"https:\/\/prensa.sma.gob.ar\/index.php?rest_route=\/wp\/v2\/posts\/5325\/revisions"}],"predecessor-version":[{"id":5327,"href":"https:\/\/prensa.sma.gob.ar\/index.php?rest_route=\/wp\/v2\/posts\/5325\/revisions\/5327"}],"wp:featuredmedia":[{"embeddable":true,"href":"https:\/\/prensa.sma.gob.ar\/index.php?rest_route=\/wp\/v2\/media\/5326"}],"wp:attachment":[{"href":"https:\/\/prensa.sma.gob.ar\/index.php?rest_route=%2Fwp%2Fv2%2Fmedia&parent=5325"}],"wp:term":[{"taxonomy":"category","embeddable":true,"href":"https:\/\/prensa.sma.gob.ar\/index.php?rest_route=%2Fwp%2Fv2%2Fcategories&post=5325"},{"taxonomy":"post_tag","embeddable":true,"href":"https:\/\/prensa.sma.gob.ar\/index.php?rest_route=%2Fwp%2Fv2%2Ftags&post=5325"}],"curies":[{"name":"wp","href":"https:\/\/api.w.org\/{rel}","templated":true}]}}