{"id":5352,"date":"2025-02-02T16:35:24","date_gmt":"2025-02-02T16:35:24","guid":{"rendered":"https:\/\/prensa.sma.gob.ar\/?p=5352"},"modified":"2025-02-02T18:40:30","modified_gmt":"2025-02-02T18:40:30","slug":"reunion-con-vecinas-y-vecinos-de-el-trebol-ante-la-inminente-firma-de-convenios-con-provincia","status":"publish","type":"post","link":"https:\/\/prensa.sma.gob.ar\/?p=5352","title":{"rendered":"Reuni\u00f3n con vecinas y vecinos de El Tr\u00e9bol ante la inminente firma de convenios con Provincia"},"content":{"rendered":"\n<p>Representantes de vecinas y vecinos del barrio autogestivo El Tr\u00e9bol se reunieron con la directora del Instituto Municipal de Vivienda y H\u00e1bitat (IMVH), Carolina Amaya, ante la inminente firma de un convenio con el Gobierno de la provincia de Neuqu\u00e9n.<\/p>\n\n\n\n<p>Durante el encuentro, se analizaron varios temas referidos a los cr\u00e9ditos que el Instituto Provincial de Vivienda y Urbanismo &#8211; Agencia de Desarrollo Urbano Sustentable (IPVU-ADUS) otorgar\u00e1 para los servicios de luz, agua y caminer\u00eda de este barrio, ubicado en Kaleuche.<\/p>\n\n\n\n<p>Durante la reuni\u00f3n, que se realiz\u00f3 en la sede del IMVH, se analizaron cronogramas de trabajo con la Cooperativa de Agua Potable y Saneamiento y con la Empresa Provincial de Energ\u00eda del Neuqu\u00e9n (EPEN) para el desarrollo de los trabajos.<\/p>\n\n\n\n<p>Tambi\u00e9n se analiz\u00f3 el cronograma de desembolso de fondos, ante la inminente firma del convenio definitivo con autoridades provinciales, un hecho que seguramente se concretar\u00e1 en las pr\u00f3ximas horas.<\/p>\n\n\n\n<p>El encuentro sirvi\u00f3 tambi\u00e9n para delinear los pasos siguientes, una vez firmado el convenio, para la apertura de un tercer acceso a la zona de Kaleuche; la instalaci\u00f3n de una l\u00ednea de media tensi\u00f3n al barrio y una estrategia para el desarrollo de la caminer\u00eda.<\/p>\n\n\n\n<p>El barrio est\u00e1 ubicado en la zona del plano 2 de Kaleuche, a 6 km del centro de San Mart\u00edn de los Andes, accediendo por ruta prov. 62. Es un loteo de 23.000 m2, aproximadamente, y est\u00e1 compuesto por 28 lotes, que se subdividen para conseguir 64 terrenos de entre 300 y 500m2.<\/p>\n\n\n\n<p>Los representantes del barrio autogestivo celebraron, una vez m\u00e1s, el v\u00ednculo con el Gobierno neuquino y con el Municipio, con el acompa\u00f1amiento desde a Intendencia, desde el Instituto de Vivienda y desde la Subsecretar\u00eda de Juntas Vecinales.<\/p>\n\n\n\n<p>Tras la reuni\u00f3n, las vecinas y vecinos anunciaron en las redes sociales del barrio que \u201cel pr\u00f3ximo martes participaremos del desfile\u201d por el aniversario de San Mart\u00edn de los Andes; mencionaron \u201cmucho trabajo mancomunado con las distintas \u00e1reas para terminar todos los tr\u00e1mites para el convenio por el cr\u00e9dito de IPVU-ADUS\u201d.<\/p>\n","protected":false},"excerpt":{"rendered":"<p>Representantes de vecinas y vecinos del barrio autogestivo El Tr\u00e9bol se reunieron con la directora del Instituto Municipal de Vivienda y H\u00e1bitat (IMVH), Carolina Amaya, ante la inminente firma de un convenio con el Gobierno de la provincia de Neuqu\u00e9n. Durante el encuentro, se analizaron varios temas referidos a los cr\u00e9ditos que el Instituto Provincial [&hellip;]<\/p>\n","protected":false},"author":2,"featured_media":5353,"comment_status":"closed","ping_status":"open","sticky":false,"template":"","format":"standard","meta":{"footnotes":""},"categories":[16,11,14,37],"tags":[],"class_list":{"0":"post-5352","1":"post","2":"type-post","3":"status-publish","4":"format-standard","5":"has-post-thumbnail","7":"category-destacadas","8":"category-gobierno","9":"category-noticias","10":"category-vivienda"},"_links":{"self":[{"href":"https:\/\/prensa.sma.gob.ar\/index.php?rest_route=\/wp\/v2\/posts\/5352","targetHints":{"allow":["GET"]}}],"collection":[{"href":"https:\/\/prensa.sma.gob.ar\/index.php?rest_route=\/wp\/v2\/posts"}],"about":[{"href":"https:\/\/prensa.sma.gob.ar\/index.php?rest_route=\/wp\/v2\/types\/post"}],"author":[{"embeddable":true,"href":"https:\/\/prensa.sma.gob.ar\/index.php?rest_route=\/wp\/v2\/users\/2"}],"replies":[{"embeddable":true,"href":"https:\/\/prensa.sma.gob.ar\/index.php?rest_route=%2Fwp%2Fv2%2Fcomments&post=5352"}],"version-history":[{"count":1,"href":"https:\/\/prensa.sma.gob.ar\/index.php?rest_route=\/wp\/v2\/posts\/5352\/revisions"}],"predecessor-version":[{"id":5354,"href":"https:\/\/prensa.sma.gob.ar\/index.php?rest_route=\/wp\/v2\/posts\/5352\/revisions\/5354"}],"wp:featuredmedia":[{"embeddable":true,"href":"https:\/\/prensa.sma.gob.ar\/index.php?rest_route=\/wp\/v2\/media\/5353"}],"wp:attachment":[{"href":"https:\/\/prensa.sma.gob.ar\/index.php?rest_route=%2Fwp%2Fv2%2Fmedia&parent=5352"}],"wp:term":[{"taxonomy":"category","embeddable":true,"href":"https:\/\/prensa.sma.gob.ar\/index.php?rest_route=%2Fwp%2Fv2%2Fcategories&post=5352"},{"taxonomy":"post_tag","embeddable":true,"href":"https:\/\/prensa.sma.gob.ar\/index.php?rest_route=%2Fwp%2Fv2%2Ftags&post=5352"}],"curies":[{"name":"wp","href":"https:\/\/api.w.org\/{rel}","templated":true}]}}