{"id":5355,"date":"2024-12-19T18:28:00","date_gmt":"2024-12-19T18:28:00","guid":{"rendered":"https:\/\/prensa.sma.gob.ar\/?p=5355"},"modified":"2025-02-02T18:40:10","modified_gmt":"2025-02-02T18:40:10","slug":"el-municipio-saludo-al-nuevo-jefe-de-gendarmeria-nacional-en-san-martin-de-los-andes","status":"publish","type":"post","link":"https:\/\/prensa.sma.gob.ar\/?p=5355","title":{"rendered":"El Municipio salud\u00f3 al nuevo jefe de Gendarmer\u00eda Nacional en San Mart\u00edn de los Andes"},"content":{"rendered":"\n<p>El secretario de Gobierno de San Mart\u00edn de los Andes, Federico Vita, particip\u00f3 del acto de asunci\u00f3n del comandante principal Ariel Alberto Oliveira como nuevo jefe del Escuadr\u00f3n 33 de Gendarmer\u00eda Nacional, quien sucedi\u00f3 al comandante principal Juan Antonio Belloto.<\/p>\n\n\n\n<p>Vita asisti\u00f3 al acto este jueves en representaci\u00f3n del intendente Carlos Saloniti, quien por esas horas se encontraba en la ciudad de <a><\/a>Neuqu\u00e9n, con motivo de la licitaci\u00f3n del Cpem 96, la escuela de nivel secundario de Cordones del Chapelco.<\/p>\n\n\n\n<p>Del acto participaron funcionarios de los municipios de San Mart\u00edn de los Andes y de Jun\u00edn de los Andes; la intendenta del Parque Nacional Lan\u00edn, Ana Mar\u00eda de las Nieves Aquin; veteranos de la Guerra de Malvinas; personal retirado y pensionadas; altos representantes en nuestra ciudad del Ej\u00e9rcito, de la Polic\u00eda de seguridad Aeroportuaria; de Polic\u00eda Federal y de la Polic\u00eda del Neuqu\u00e9n. Tambi\u00e9n estuvo presente la banda militar Chimehuin, del Ej\u00e9rcito Argentino, con asiento en Jun\u00edn de los Andes.<\/p>\n\n\n\n<figure class=\"wp-block-gallery has-nested-images columns-default is-cropped wp-block-gallery-1 is-layout-flex wp-block-gallery-is-layout-flex\">\n<figure class=\"wp-block-image size-large\"><img loading=\"lazy\" decoding=\"async\" width=\"1024\" height=\"576\" data-id=\"5357\" src=\"https:\/\/prensa.sma.gob.ar\/wp-content\/uploads\/2025\/02\/GENDARMERIA-2-1024x576.jpg\" alt=\"\" class=\"wp-image-5357\" srcset=\"https:\/\/prensa.sma.gob.ar\/wp-content\/uploads\/2025\/02\/GENDARMERIA-2-1024x576.jpg 1024w, https:\/\/prensa.sma.gob.ar\/wp-content\/uploads\/2025\/02\/GENDARMERIA-2-300x169.jpg 300w, https:\/\/prensa.sma.gob.ar\/wp-content\/uploads\/2025\/02\/GENDARMERIA-2-768x432.jpg 768w, https:\/\/prensa.sma.gob.ar\/wp-content\/uploads\/2025\/02\/GENDARMERIA-2-1536x864.jpg 1536w, https:\/\/prensa.sma.gob.ar\/wp-content\/uploads\/2025\/02\/GENDARMERIA-2-747x420.jpg 747w, https:\/\/prensa.sma.gob.ar\/wp-content\/uploads\/2025\/02\/GENDARMERIA-2-696x392.jpg 696w, https:\/\/prensa.sma.gob.ar\/wp-content\/uploads\/2025\/02\/GENDARMERIA-2-1068x601.jpg 1068w, https:\/\/prensa.sma.gob.ar\/wp-content\/uploads\/2025\/02\/GENDARMERIA-2.jpg 1600w\" sizes=\"auto, (max-width: 1024px) 100vw, 1024px\" \/><\/figure>\n\n\n\n<figure class=\"wp-block-image size-large\"><img loading=\"lazy\" decoding=\"async\" width=\"1024\" height=\"622\" data-id=\"5358\" src=\"https:\/\/prensa.sma.gob.ar\/wp-content\/uploads\/2025\/02\/GENDARMERIA-3-1024x622.jpg\" alt=\"\" class=\"wp-image-5358\" srcset=\"https:\/\/prensa.sma.gob.ar\/wp-content\/uploads\/2025\/02\/GENDARMERIA-3-1024x622.jpg 1024w, https:\/\/prensa.sma.gob.ar\/wp-content\/uploads\/2025\/02\/GENDARMERIA-3-300x182.jpg 300w, https:\/\/prensa.sma.gob.ar\/wp-content\/uploads\/2025\/02\/GENDARMERIA-3-768x467.jpg 768w, https:\/\/prensa.sma.gob.ar\/wp-content\/uploads\/2025\/02\/GENDARMERIA-3-1536x933.jpg 1536w, https:\/\/prensa.sma.gob.ar\/wp-content\/uploads\/2025\/02\/GENDARMERIA-3-691x420.jpg 691w, https:\/\/prensa.sma.gob.ar\/wp-content\/uploads\/2025\/02\/GENDARMERIA-3-696x423.jpg 696w, https:\/\/prensa.sma.gob.ar\/wp-content\/uploads\/2025\/02\/GENDARMERIA-3-1068x649.jpg 1068w, https:\/\/prensa.sma.gob.ar\/wp-content\/uploads\/2025\/02\/GENDARMERIA-3.jpg 1600w\" sizes=\"auto, (max-width: 1024px) 100vw, 1024px\" \/><\/figure>\n\n\n\n<figure class=\"wp-block-image size-large\"><img loading=\"lazy\" decoding=\"async\" width=\"1024\" height=\"563\" data-id=\"5359\" src=\"https:\/\/prensa.sma.gob.ar\/wp-content\/uploads\/2025\/02\/GENDARMERIA-4-1024x563.jpg\" alt=\"\" class=\"wp-image-5359\" srcset=\"https:\/\/prensa.sma.gob.ar\/wp-content\/uploads\/2025\/02\/GENDARMERIA-4-1024x563.jpg 1024w, https:\/\/prensa.sma.gob.ar\/wp-content\/uploads\/2025\/02\/GENDARMERIA-4-300x165.jpg 300w, https:\/\/prensa.sma.gob.ar\/wp-content\/uploads\/2025\/02\/GENDARMERIA-4-768x422.jpg 768w, https:\/\/prensa.sma.gob.ar\/wp-content\/uploads\/2025\/02\/GENDARMERIA-4-1536x845.jpg 1536w, https:\/\/prensa.sma.gob.ar\/wp-content\/uploads\/2025\/02\/GENDARMERIA-4-764x420.jpg 764w, https:\/\/prensa.sma.gob.ar\/wp-content\/uploads\/2025\/02\/GENDARMERIA-4-696x383.jpg 696w, https:\/\/prensa.sma.gob.ar\/wp-content\/uploads\/2025\/02\/GENDARMERIA-4-1068x587.jpg 1068w, https:\/\/prensa.sma.gob.ar\/wp-content\/uploads\/2025\/02\/GENDARMERIA-4.jpg 1600w\" sizes=\"auto, (max-width: 1024px) 100vw, 1024px\" \/><\/figure>\n<\/figure>\n\n\n\n<p>El nuevo jefe del Escuadr\u00f3n 33, Oliveira, naci\u00f3 en Ober\u00e1, provincia de Misiones. Ingres\u00f3 a Gendarmer\u00eda en 1995 y es licenciado en Seguridad P\u00fablica. Prest\u00f3 servicios en Paso de los Libres; Gualeguaych\u00fa, Clorinda, Concepci\u00f3n del Uruguay; Formosa, Paran\u00e1 y Bariloche, entre otros destinos.<\/p>\n\n\n\n<p>En su discurso de despedida, Belloto rese\u00f1\u00f3 las acciones del Escuadr\u00f3n 33 durante los dos a\u00f1os en que se desempe\u00f1\u00f3 como jefe, en particular las tareas durante el operativo invernal y el rescate de una veintena de personas varadas por el temporal de nieve de mayo pasado en la Ruta 48. Destac\u00f3 la coordinaci\u00f3n entre instituciones como Parques Nacionales; Prefectura Naval, Polic\u00eda del Neuqu\u00e9n, Protecci\u00f3n Civil del Municipio y Vialidad Provincial. Agradeci\u00f3 al personal del Escuadr\u00f3n 33 y, en especial y de manera emotiva a su familia.<\/p>\n\n\n\n<figure class=\"wp-block-gallery has-nested-images columns-default is-cropped wp-block-gallery-2 is-layout-flex wp-block-gallery-is-layout-flex\">\n<figure class=\"wp-block-image size-large\"><img loading=\"lazy\" decoding=\"async\" width=\"1024\" height=\"576\" data-id=\"5361\" src=\"https:\/\/prensa.sma.gob.ar\/wp-content\/uploads\/2025\/02\/GENDARMERIA-6-1024x576.jpg\" alt=\"\" class=\"wp-image-5361\" srcset=\"https:\/\/prensa.sma.gob.ar\/wp-content\/uploads\/2025\/02\/GENDARMERIA-6-1024x576.jpg 1024w, https:\/\/prensa.sma.gob.ar\/wp-content\/uploads\/2025\/02\/GENDARMERIA-6-300x169.jpg 300w, https:\/\/prensa.sma.gob.ar\/wp-content\/uploads\/2025\/02\/GENDARMERIA-6-768x432.jpg 768w, https:\/\/prensa.sma.gob.ar\/wp-content\/uploads\/2025\/02\/GENDARMERIA-6-1536x864.jpg 1536w, https:\/\/prensa.sma.gob.ar\/wp-content\/uploads\/2025\/02\/GENDARMERIA-6-747x420.jpg 747w, https:\/\/prensa.sma.gob.ar\/wp-content\/uploads\/2025\/02\/GENDARMERIA-6-696x392.jpg 696w, https:\/\/prensa.sma.gob.ar\/wp-content\/uploads\/2025\/02\/GENDARMERIA-6-1068x601.jpg 1068w, https:\/\/prensa.sma.gob.ar\/wp-content\/uploads\/2025\/02\/GENDARMERIA-6.jpg 1600w\" sizes=\"auto, (max-width: 1024px) 100vw, 1024px\" \/><\/figure>\n\n\n\n<figure class=\"wp-block-image size-large\"><img loading=\"lazy\" decoding=\"async\" width=\"1024\" height=\"576\" data-id=\"5362\" src=\"https:\/\/prensa.sma.gob.ar\/wp-content\/uploads\/2025\/02\/GENDARMERIA-8-1024x576.jpg\" alt=\"\" class=\"wp-image-5362\" srcset=\"https:\/\/prensa.sma.gob.ar\/wp-content\/uploads\/2025\/02\/GENDARMERIA-8-1024x576.jpg 1024w, https:\/\/prensa.sma.gob.ar\/wp-content\/uploads\/2025\/02\/GENDARMERIA-8-300x169.jpg 300w, https:\/\/prensa.sma.gob.ar\/wp-content\/uploads\/2025\/02\/GENDARMERIA-8-768x432.jpg 768w, https:\/\/prensa.sma.gob.ar\/wp-content\/uploads\/2025\/02\/GENDARMERIA-8-1536x864.jpg 1536w, https:\/\/prensa.sma.gob.ar\/wp-content\/uploads\/2025\/02\/GENDARMERIA-8-747x420.jpg 747w, https:\/\/prensa.sma.gob.ar\/wp-content\/uploads\/2025\/02\/GENDARMERIA-8-696x392.jpg 696w, https:\/\/prensa.sma.gob.ar\/wp-content\/uploads\/2025\/02\/GENDARMERIA-8-1068x601.jpg 1068w, https:\/\/prensa.sma.gob.ar\/wp-content\/uploads\/2025\/02\/GENDARMERIA-8.jpg 1600w\" sizes=\"auto, (max-width: 1024px) 100vw, 1024px\" \/><\/figure>\n\n\n\n<figure class=\"wp-block-image size-large\"><img loading=\"lazy\" decoding=\"async\" width=\"1024\" height=\"576\" data-id=\"5363\" src=\"https:\/\/prensa.sma.gob.ar\/wp-content\/uploads\/2025\/02\/GENDARMERIA-9-1024x576.jpg\" alt=\"\" class=\"wp-image-5363\" srcset=\"https:\/\/prensa.sma.gob.ar\/wp-content\/uploads\/2025\/02\/GENDARMERIA-9-1024x576.jpg 1024w, https:\/\/prensa.sma.gob.ar\/wp-content\/uploads\/2025\/02\/GENDARMERIA-9-300x169.jpg 300w, https:\/\/prensa.sma.gob.ar\/wp-content\/uploads\/2025\/02\/GENDARMERIA-9-768x432.jpg 768w, https:\/\/prensa.sma.gob.ar\/wp-content\/uploads\/2025\/02\/GENDARMERIA-9-1536x864.jpg 1536w, https:\/\/prensa.sma.gob.ar\/wp-content\/uploads\/2025\/02\/GENDARMERIA-9-747x420.jpg 747w, https:\/\/prensa.sma.gob.ar\/wp-content\/uploads\/2025\/02\/GENDARMERIA-9-696x392.jpg 696w, https:\/\/prensa.sma.gob.ar\/wp-content\/uploads\/2025\/02\/GENDARMERIA-9-1068x601.jpg 1068w, https:\/\/prensa.sma.gob.ar\/wp-content\/uploads\/2025\/02\/GENDARMERIA-9.jpg 1600w\" sizes=\"auto, (max-width: 1024px) 100vw, 1024px\" \/><\/figure>\n<\/figure>\n","protected":false},"excerpt":{"rendered":"<p>El secretario de Gobierno de San Mart\u00edn de los Andes, Federico Vita, particip\u00f3 del acto de asunci\u00f3n del comandante principal Ariel Alberto Oliveira como nuevo jefe del Escuadr\u00f3n 33 de Gendarmer\u00eda Nacional, quien sucedi\u00f3 al comandante principal Juan Antonio Belloto. Vita asisti\u00f3 al acto este jueves en representaci\u00f3n del intendente Carlos Saloniti, quien por esas [&hellip;]<\/p>\n","protected":false},"author":2,"featured_media":5356,"comment_status":"closed","ping_status":"open","sticky":false,"template":"","format":"standard","meta":{"footnotes":""},"categories":[1],"tags":[],"class_list":{"0":"post-5355","1":"post","2":"type-post","3":"status-publish","4":"format-standard","5":"has-post-thumbnail","7":"category-uncategorized"},"_links":{"self":[{"href":"https:\/\/prensa.sma.gob.ar\/index.php?rest_route=\/wp\/v2\/posts\/5355","targetHints":{"allow":["GET"]}}],"collection":[{"href":"https:\/\/prensa.sma.gob.ar\/index.php?rest_route=\/wp\/v2\/posts"}],"about":[{"href":"https:\/\/prensa.sma.gob.ar\/index.php?rest_route=\/wp\/v2\/types\/post"}],"author":[{"embeddable":true,"href":"https:\/\/prensa.sma.gob.ar\/index.php?rest_route=\/wp\/v2\/users\/2"}],"replies":[{"embeddable":true,"href":"https:\/\/prensa.sma.gob.ar\/index.php?rest_route=%2Fwp%2Fv2%2Fcomments&post=5355"}],"version-history":[{"count":1,"href":"https:\/\/prensa.sma.gob.ar\/index.php?rest_route=\/wp\/v2\/posts\/5355\/revisions"}],"predecessor-version":[{"id":5365,"href":"https:\/\/prensa.sma.gob.ar\/index.php?rest_route=\/wp\/v2\/posts\/5355\/revisions\/5365"}],"wp:featuredmedia":[{"embeddable":true,"href":"https:\/\/prensa.sma.gob.ar\/index.php?rest_route=\/wp\/v2\/media\/5356"}],"wp:attachment":[{"href":"https:\/\/prensa.sma.gob.ar\/index.php?rest_route=%2Fwp%2Fv2%2Fmedia&parent=5355"}],"wp:term":[{"taxonomy":"category","embeddable":true,"href":"https:\/\/prensa.sma.gob.ar\/index.php?rest_route=%2Fwp%2Fv2%2Fcategories&post=5355"},{"taxonomy":"post_tag","embeddable":true,"href":"https:\/\/prensa.sma.gob.ar\/index.php?rest_route=%2Fwp%2Fv2%2Ftags&post=5355"}],"curies":[{"name":"wp","href":"https:\/\/api.w.org\/{rel}","templated":true}]}}