{"id":5400,"date":"2025-02-02T20:23:37","date_gmt":"2025-02-02T20:23:37","guid":{"rendered":"https:\/\/prensa.sma.gob.ar\/?p=5400"},"modified":"2025-02-02T20:23:38","modified_gmt":"2025-02-02T20:23:38","slug":"el-intendente-saloniti-se-reunio-con-vecinos-de-quilquihue-con-varios-temas-en-agenda","status":"publish","type":"post","link":"https:\/\/prensa.sma.gob.ar\/?p=5400","title":{"rendered":"El intendente Saloniti se reuni\u00f3 con vecinos de Quilquihue con varios temas en agenda"},"content":{"rendered":"\n<p>El intendente de San Mart\u00edn de los Andes, Carlos Saloniti, visit\u00f3 a vecinos y vecinas de Villa R\u00edo Quilquihue para analizar, entre otras cosas, las medidas solicitadas por un grupo de 60 personas preocupadas por la preservaci\u00f3n del medioambiente, infraestructura y servicios, seguridad vial y el control de actividades tur\u00edsticas no autorizadas en la zona.<\/p>\n\n\n\n<p>Entre los planteos, las vecinas y vecinos mostraron su preocupaci\u00f3n porque Quilquihue -ubicado en la zona de Lolog, en jurisdicci\u00f3n compartida entre San Mart\u00edn y Jun\u00edn de los Andes- es promocionado como un lugar tur\u00edstico y que, de no tomarse medidas inmediatas, la situaci\u00f3n se agravar\u00e1 una vez que se concrete la obra de asfaltado de la Ruta Provincial 62.<\/p>\n\n\n\n<p>El jefe comunal, que estuvo acompa\u00f1ado por el secretario de Obras y Servicios P\u00fablicos, H\u00e9ctor Dur\u00e1n, propuso hacer el abordaje regional en conjunto con el intendente de Jun\u00edn de los Andes, Luis Madue\u00f1o, para resolver las problem\u00e1ticas que ser\u00e1n presentadas ante Provincia para encontrar soluciones que beneficien a los vecinos de ambos municipios.<\/p>\n\n\n\n<p>La reuni\u00f3n surgi\u00f3 a partir de una nota enviada al jefe comunal, en la que los vecinos y vecinas enumeran sus inquietudes y detallan varias propuestas para mejorar, en asuntos que fueron analizados durante el encuentro, realizado en Quilquihue.<\/p>\n\n\n\n<figure class=\"wp-block-gallery has-nested-images columns-default is-cropped wp-block-gallery-1 is-layout-flex wp-block-gallery-is-layout-flex\">\n<figure class=\"wp-block-image size-large\"><img loading=\"lazy\" decoding=\"async\" width=\"768\" height=\"1024\" data-id=\"5404\" src=\"https:\/\/prensa.sma.gob.ar\/wp-content\/uploads\/2025\/02\/WhatsApp-Image-2025-01-29-at-11.32.42-768x1024.jpeg\" alt=\"\" class=\"wp-image-5404\" srcset=\"https:\/\/prensa.sma.gob.ar\/wp-content\/uploads\/2025\/02\/WhatsApp-Image-2025-01-29-at-11.32.42-768x1024.jpeg 768w, https:\/\/prensa.sma.gob.ar\/wp-content\/uploads\/2025\/02\/WhatsApp-Image-2025-01-29-at-11.32.42-225x300.jpeg 225w, https:\/\/prensa.sma.gob.ar\/wp-content\/uploads\/2025\/02\/WhatsApp-Image-2025-01-29-at-11.32.42-1152x1536.jpeg 1152w, https:\/\/prensa.sma.gob.ar\/wp-content\/uploads\/2025\/02\/WhatsApp-Image-2025-01-29-at-11.32.42-315x420.jpeg 315w, https:\/\/prensa.sma.gob.ar\/wp-content\/uploads\/2025\/02\/WhatsApp-Image-2025-01-29-at-11.32.42-696x928.jpeg 696w, https:\/\/prensa.sma.gob.ar\/wp-content\/uploads\/2025\/02\/WhatsApp-Image-2025-01-29-at-11.32.42-1068x1424.jpeg 1068w, https:\/\/prensa.sma.gob.ar\/wp-content\/uploads\/2025\/02\/WhatsApp-Image-2025-01-29-at-11.32.42.jpeg 1200w\" sizes=\"auto, (max-width: 768px) 100vw, 768px\" \/><\/figure>\n\n\n\n<figure class=\"wp-block-image size-large\"><img loading=\"lazy\" decoding=\"async\" width=\"768\" height=\"1024\" data-id=\"5401\" src=\"https:\/\/prensa.sma.gob.ar\/wp-content\/uploads\/2025\/02\/WhatsApp-Image-2025-01-29-at-11.32.441-768x1024.jpeg\" alt=\"\" class=\"wp-image-5401\" srcset=\"https:\/\/prensa.sma.gob.ar\/wp-content\/uploads\/2025\/02\/WhatsApp-Image-2025-01-29-at-11.32.441-768x1024.jpeg 768w, https:\/\/prensa.sma.gob.ar\/wp-content\/uploads\/2025\/02\/WhatsApp-Image-2025-01-29-at-11.32.441-225x300.jpeg 225w, https:\/\/prensa.sma.gob.ar\/wp-content\/uploads\/2025\/02\/WhatsApp-Image-2025-01-29-at-11.32.441-1152x1536.jpeg 1152w, https:\/\/prensa.sma.gob.ar\/wp-content\/uploads\/2025\/02\/WhatsApp-Image-2025-01-29-at-11.32.441-315x420.jpeg 315w, https:\/\/prensa.sma.gob.ar\/wp-content\/uploads\/2025\/02\/WhatsApp-Image-2025-01-29-at-11.32.441-696x928.jpeg 696w, https:\/\/prensa.sma.gob.ar\/wp-content\/uploads\/2025\/02\/WhatsApp-Image-2025-01-29-at-11.32.441-1068x1424.jpeg 1068w, https:\/\/prensa.sma.gob.ar\/wp-content\/uploads\/2025\/02\/WhatsApp-Image-2025-01-29-at-11.32.441.jpeg 1200w\" sizes=\"auto, (max-width: 768px) 100vw, 768px\" \/><\/figure>\n<\/figure>\n","protected":false},"excerpt":{"rendered":"<p>El intendente de San Mart\u00edn de los Andes, Carlos Saloniti, visit\u00f3 a vecinos y vecinas de Villa R\u00edo Quilquihue para analizar, entre otras cosas, las medidas solicitadas por un grupo de 60 personas preocupadas por la preservaci\u00f3n del medioambiente, infraestructura y servicios, seguridad vial y el control de actividades tur\u00edsticas no autorizadas en la zona. [&hellip;]<\/p>\n","protected":false},"author":2,"featured_media":5402,"comment_status":"closed","ping_status":"open","sticky":false,"template":"","format":"standard","meta":{"footnotes":""},"categories":[14],"tags":[],"class_list":{"0":"post-5400","1":"post","2":"type-post","3":"status-publish","4":"format-standard","5":"has-post-thumbnail","7":"category-noticias"},"_links":{"self":[{"href":"https:\/\/prensa.sma.gob.ar\/index.php?rest_route=\/wp\/v2\/posts\/5400","targetHints":{"allow":["GET"]}}],"collection":[{"href":"https:\/\/prensa.sma.gob.ar\/index.php?rest_route=\/wp\/v2\/posts"}],"about":[{"href":"https:\/\/prensa.sma.gob.ar\/index.php?rest_route=\/wp\/v2\/types\/post"}],"author":[{"embeddable":true,"href":"https:\/\/prensa.sma.gob.ar\/index.php?rest_route=\/wp\/v2\/users\/2"}],"replies":[{"embeddable":true,"href":"https:\/\/prensa.sma.gob.ar\/index.php?rest_route=%2Fwp%2Fv2%2Fcomments&post=5400"}],"version-history":[{"count":1,"href":"https:\/\/prensa.sma.gob.ar\/index.php?rest_route=\/wp\/v2\/posts\/5400\/revisions"}],"predecessor-version":[{"id":5405,"href":"https:\/\/prensa.sma.gob.ar\/index.php?rest_route=\/wp\/v2\/posts\/5400\/revisions\/5405"}],"wp:featuredmedia":[{"embeddable":true,"href":"https:\/\/prensa.sma.gob.ar\/index.php?rest_route=\/wp\/v2\/media\/5402"}],"wp:attachment":[{"href":"https:\/\/prensa.sma.gob.ar\/index.php?rest_route=%2Fwp%2Fv2%2Fmedia&parent=5400"}],"wp:term":[{"taxonomy":"category","embeddable":true,"href":"https:\/\/prensa.sma.gob.ar\/index.php?rest_route=%2Fwp%2Fv2%2Fcategories&post=5400"},{"taxonomy":"post_tag","embeddable":true,"href":"https:\/\/prensa.sma.gob.ar\/index.php?rest_route=%2Fwp%2Fv2%2Ftags&post=5400"}],"curies":[{"name":"wp","href":"https:\/\/api.w.org\/{rel}","templated":true}]}}