{"id":5440,"date":"2025-02-07T00:26:01","date_gmt":"2025-02-07T00:26:01","guid":{"rendered":"https:\/\/prensa.sma.gob.ar\/?p=5440"},"modified":"2025-02-07T00:26:03","modified_gmt":"2025-02-07T00:26:03","slug":"un-multitudinario-desfile-cerro-la-celebracion-de-un-nuevo-aniversario-de-san-martin-de-los-andes","status":"publish","type":"post","link":"https:\/\/prensa.sma.gob.ar\/?p=5440","title":{"rendered":"Un multitudinario desfile cerr\u00f3 la celebraci\u00f3n de un nuevo aniversario de San Mart\u00edn de los Andes"},"content":{"rendered":"\n<p>Organizaciones de nuestra comunidad, instituciones, fuerzas armadas y de seguridad, escuelas, agrupaciones gauchas, vecinas y vecinos y veteranos de la Guerra de Malvinas fueron parte del desfile c\u00edvico-militar que coron\u00f3 el aniversario 127 de nuestra ciudad.<\/p>\n\n\n\n<p>Tambi\u00e9n participaron escuelas y talleres de arte y deportes, colonias municipales, clubes sociales y deportivos, instituciones de adultos mayores y de infancias, personal y maquinaria del Municipio, Cotesma, el Ente Provincial de Energ\u00eda del Neuqu\u00e9n, y las organizaciones de vecinas y vecinos del barrio autogestivo El Tr\u00e9bol y los preadjudicatarios de los 200 lotes de Chacra 30.<\/p>\n\n\n\n<figure class=\"wp-block-gallery has-nested-images columns-default is-cropped wp-block-gallery-1 is-layout-flex wp-block-gallery-is-layout-flex\">\n<figure class=\"wp-block-image size-large\"><img loading=\"lazy\" decoding=\"async\" width=\"1024\" height=\"576\" data-id=\"5502\" src=\"https:\/\/prensa.sma.gob.ar\/wp-content\/uploads\/2025\/02\/desfile-49-1024x576.jpg\" alt=\"\" class=\"wp-image-5502\" srcset=\"https:\/\/prensa.sma.gob.ar\/wp-content\/uploads\/2025\/02\/desfile-49-1024x576.jpg 1024w, https:\/\/prensa.sma.gob.ar\/wp-content\/uploads\/2025\/02\/desfile-49-300x169.jpg 300w, https:\/\/prensa.sma.gob.ar\/wp-content\/uploads\/2025\/02\/desfile-49-768x432.jpg 768w, https:\/\/prensa.sma.gob.ar\/wp-content\/uploads\/2025\/02\/desfile-49-1536x864.jpg 1536w, https:\/\/prensa.sma.gob.ar\/wp-content\/uploads\/2025\/02\/desfile-49-747x420.jpg 747w, https:\/\/prensa.sma.gob.ar\/wp-content\/uploads\/2025\/02\/desfile-49-696x392.jpg 696w, https:\/\/prensa.sma.gob.ar\/wp-content\/uploads\/2025\/02\/desfile-49-1068x601.jpg 1068w, https:\/\/prensa.sma.gob.ar\/wp-content\/uploads\/2025\/02\/desfile-49.jpg 1600w\" sizes=\"auto, (max-width: 1024px) 100vw, 1024px\" \/><\/figure>\n\n\n\n<figure class=\"wp-block-image size-large\"><img loading=\"lazy\" decoding=\"async\" width=\"1024\" height=\"576\" data-id=\"5501\" src=\"https:\/\/prensa.sma.gob.ar\/wp-content\/uploads\/2025\/02\/desfile-48-1024x576.jpg\" alt=\"\" class=\"wp-image-5501\" srcset=\"https:\/\/prensa.sma.gob.ar\/wp-content\/uploads\/2025\/02\/desfile-48-1024x576.jpg 1024w, https:\/\/prensa.sma.gob.ar\/wp-content\/uploads\/2025\/02\/desfile-48-300x169.jpg 300w, https:\/\/prensa.sma.gob.ar\/wp-content\/uploads\/2025\/02\/desfile-48-768x432.jpg 768w, https:\/\/prensa.sma.gob.ar\/wp-content\/uploads\/2025\/02\/desfile-48-1536x864.jpg 1536w, https:\/\/prensa.sma.gob.ar\/wp-content\/uploads\/2025\/02\/desfile-48-747x420.jpg 747w, https:\/\/prensa.sma.gob.ar\/wp-content\/uploads\/2025\/02\/desfile-48-696x392.jpg 696w, https:\/\/prensa.sma.gob.ar\/wp-content\/uploads\/2025\/02\/desfile-48-1068x601.jpg 1068w, https:\/\/prensa.sma.gob.ar\/wp-content\/uploads\/2025\/02\/desfile-48.jpg 1600w\" sizes=\"auto, (max-width: 1024px) 100vw, 1024px\" \/><\/figure>\n\n\n\n<figure class=\"wp-block-image size-large\"><img loading=\"lazy\" decoding=\"async\" width=\"1024\" height=\"576\" data-id=\"5500\" src=\"https:\/\/prensa.sma.gob.ar\/wp-content\/uploads\/2025\/02\/desfile-47-1024x576.jpg\" alt=\"\" class=\"wp-image-5500\" srcset=\"https:\/\/prensa.sma.gob.ar\/wp-content\/uploads\/2025\/02\/desfile-47-1024x576.jpg 1024w, https:\/\/prensa.sma.gob.ar\/wp-content\/uploads\/2025\/02\/desfile-47-300x169.jpg 300w, https:\/\/prensa.sma.gob.ar\/wp-content\/uploads\/2025\/02\/desfile-47-768x432.jpg 768w, https:\/\/prensa.sma.gob.ar\/wp-content\/uploads\/2025\/02\/desfile-47-1536x864.jpg 1536w, https:\/\/prensa.sma.gob.ar\/wp-content\/uploads\/2025\/02\/desfile-47-747x420.jpg 747w, https:\/\/prensa.sma.gob.ar\/wp-content\/uploads\/2025\/02\/desfile-47-696x392.jpg 696w, https:\/\/prensa.sma.gob.ar\/wp-content\/uploads\/2025\/02\/desfile-47-1068x601.jpg 1068w, https:\/\/prensa.sma.gob.ar\/wp-content\/uploads\/2025\/02\/desfile-47.jpg 1600w\" sizes=\"auto, (max-width: 1024px) 100vw, 1024px\" \/><\/figure>\n\n\n\n<figure class=\"wp-block-image size-large\"><img loading=\"lazy\" decoding=\"async\" width=\"1024\" height=\"620\" data-id=\"5498\" src=\"https:\/\/prensa.sma.gob.ar\/wp-content\/uploads\/2025\/02\/desfile-45-1024x620.jpg\" alt=\"\" class=\"wp-image-5498\" srcset=\"https:\/\/prensa.sma.gob.ar\/wp-content\/uploads\/2025\/02\/desfile-45-1024x620.jpg 1024w, https:\/\/prensa.sma.gob.ar\/wp-content\/uploads\/2025\/02\/desfile-45-300x182.jpg 300w, https:\/\/prensa.sma.gob.ar\/wp-content\/uploads\/2025\/02\/desfile-45-768x465.jpg 768w, https:\/\/prensa.sma.gob.ar\/wp-content\/uploads\/2025\/02\/desfile-45-1536x929.jpg 1536w, https:\/\/prensa.sma.gob.ar\/wp-content\/uploads\/2025\/02\/desfile-45-694x420.jpg 694w, https:\/\/prensa.sma.gob.ar\/wp-content\/uploads\/2025\/02\/desfile-45-696x421.jpg 696w, https:\/\/prensa.sma.gob.ar\/wp-content\/uploads\/2025\/02\/desfile-45-1068x646.jpg 1068w, https:\/\/prensa.sma.gob.ar\/wp-content\/uploads\/2025\/02\/desfile-45.jpg 1600w\" sizes=\"auto, (max-width: 1024px) 100vw, 1024px\" \/><\/figure>\n\n\n\n<figure class=\"wp-block-image size-large\"><img loading=\"lazy\" decoding=\"async\" width=\"1024\" height=\"587\" data-id=\"5497\" src=\"https:\/\/prensa.sma.gob.ar\/wp-content\/uploads\/2025\/02\/desfile-44-1024x587.jpg\" alt=\"\" class=\"wp-image-5497\" srcset=\"https:\/\/prensa.sma.gob.ar\/wp-content\/uploads\/2025\/02\/desfile-44-1024x587.jpg 1024w, https:\/\/prensa.sma.gob.ar\/wp-content\/uploads\/2025\/02\/desfile-44-300x172.jpg 300w, https:\/\/prensa.sma.gob.ar\/wp-content\/uploads\/2025\/02\/desfile-44-768x440.jpg 768w, https:\/\/prensa.sma.gob.ar\/wp-content\/uploads\/2025\/02\/desfile-44-1536x880.jpg 1536w, https:\/\/prensa.sma.gob.ar\/wp-content\/uploads\/2025\/02\/desfile-44-733x420.jpg 733w, https:\/\/prensa.sma.gob.ar\/wp-content\/uploads\/2025\/02\/desfile-44-696x399.jpg 696w, https:\/\/prensa.sma.gob.ar\/wp-content\/uploads\/2025\/02\/desfile-44-1068x612.jpg 1068w, https:\/\/prensa.sma.gob.ar\/wp-content\/uploads\/2025\/02\/desfile-44.jpg 1600w\" sizes=\"auto, (max-width: 1024px) 100vw, 1024px\" \/><\/figure>\n\n\n\n<figure class=\"wp-block-image size-large\"><img loading=\"lazy\" decoding=\"async\" width=\"1024\" height=\"629\" data-id=\"5496\" src=\"https:\/\/prensa.sma.gob.ar\/wp-content\/uploads\/2025\/02\/desfile-43-1024x629.jpg\" alt=\"\" class=\"wp-image-5496\" srcset=\"https:\/\/prensa.sma.gob.ar\/wp-content\/uploads\/2025\/02\/desfile-43-1024x629.jpg 1024w, https:\/\/prensa.sma.gob.ar\/wp-content\/uploads\/2025\/02\/desfile-43-300x184.jpg 300w, https:\/\/prensa.sma.gob.ar\/wp-content\/uploads\/2025\/02\/desfile-43-768x472.jpg 768w, https:\/\/prensa.sma.gob.ar\/wp-content\/uploads\/2025\/02\/desfile-43-1536x944.jpg 1536w, https:\/\/prensa.sma.gob.ar\/wp-content\/uploads\/2025\/02\/desfile-43-684x420.jpg 684w, https:\/\/prensa.sma.gob.ar\/wp-content\/uploads\/2025\/02\/desfile-43-696x428.jpg 696w, https:\/\/prensa.sma.gob.ar\/wp-content\/uploads\/2025\/02\/desfile-43-1068x656.jpg 1068w, https:\/\/prensa.sma.gob.ar\/wp-content\/uploads\/2025\/02\/desfile-43.jpg 1600w\" sizes=\"auto, (max-width: 1024px) 100vw, 1024px\" \/><\/figure>\n<\/figure>\n\n\n\n<p>El acto estuvo encabezado por el gobernador Rolando Figueroa y el intendente Carlos Saloniti, acompa\u00f1ados de los respectivos gabinetes provinciales y municipales, concejales y legisladores provinciales, adem\u00e1s de jefes de las fuerzas de seguridad, y vecinas y vecinos de la comunidad.<\/p>\n\n\n\n<p>Uno de los momentos m\u00e1s emotivos y celebrados del desfile estuvo marcado por la presencia de varias organizaciones de veteranos de Malvinas de diversas ciudades de la provincia, que fueron especialmente saludados y acompa\u00f1ados en la marcha por el gobernador Figueroa y el intendente Saloniti. Tambi\u00e9n fueron muy aplaudidas las presencias de Bomberos Voluntarios, brigadistas del Parque Nacional Lan\u00edn y personal de salud del Hospital Ram\u00f3n Carrillo.<\/p>\n\n\n\n<figure class=\"wp-block-gallery has-nested-images columns-default is-cropped wp-block-gallery-2 is-layout-flex wp-block-gallery-is-layout-flex\">\n<figure class=\"wp-block-image size-large\"><img loading=\"lazy\" decoding=\"async\" width=\"1024\" height=\"608\" data-id=\"5495\" src=\"https:\/\/prensa.sma.gob.ar\/wp-content\/uploads\/2025\/02\/desfile-42-1024x608.jpg\" alt=\"\" class=\"wp-image-5495\" srcset=\"https:\/\/prensa.sma.gob.ar\/wp-content\/uploads\/2025\/02\/desfile-42-1024x608.jpg 1024w, https:\/\/prensa.sma.gob.ar\/wp-content\/uploads\/2025\/02\/desfile-42-300x178.jpg 300w, https:\/\/prensa.sma.gob.ar\/wp-content\/uploads\/2025\/02\/desfile-42-768x456.jpg 768w, https:\/\/prensa.sma.gob.ar\/wp-content\/uploads\/2025\/02\/desfile-42-1536x912.jpg 1536w, https:\/\/prensa.sma.gob.ar\/wp-content\/uploads\/2025\/02\/desfile-42-707x420.jpg 707w, https:\/\/prensa.sma.gob.ar\/wp-content\/uploads\/2025\/02\/desfile-42-696x413.jpg 696w, https:\/\/prensa.sma.gob.ar\/wp-content\/uploads\/2025\/02\/desfile-42-1068x634.jpg 1068w, https:\/\/prensa.sma.gob.ar\/wp-content\/uploads\/2025\/02\/desfile-42.jpg 1600w\" sizes=\"auto, (max-width: 1024px) 100vw, 1024px\" \/><\/figure>\n\n\n\n<figure class=\"wp-block-image size-large\"><img loading=\"lazy\" decoding=\"async\" width=\"1024\" height=\"576\" data-id=\"5494\" src=\"https:\/\/prensa.sma.gob.ar\/wp-content\/uploads\/2025\/02\/desfile-41-1024x576.jpg\" alt=\"\" class=\"wp-image-5494\" srcset=\"https:\/\/prensa.sma.gob.ar\/wp-content\/uploads\/2025\/02\/desfile-41-1024x576.jpg 1024w, https:\/\/prensa.sma.gob.ar\/wp-content\/uploads\/2025\/02\/desfile-41-300x169.jpg 300w, https:\/\/prensa.sma.gob.ar\/wp-content\/uploads\/2025\/02\/desfile-41-768x432.jpg 768w, https:\/\/prensa.sma.gob.ar\/wp-content\/uploads\/2025\/02\/desfile-41-1536x864.jpg 1536w, https:\/\/prensa.sma.gob.ar\/wp-content\/uploads\/2025\/02\/desfile-41-747x420.jpg 747w, https:\/\/prensa.sma.gob.ar\/wp-content\/uploads\/2025\/02\/desfile-41-696x392.jpg 696w, https:\/\/prensa.sma.gob.ar\/wp-content\/uploads\/2025\/02\/desfile-41-1068x601.jpg 1068w, https:\/\/prensa.sma.gob.ar\/wp-content\/uploads\/2025\/02\/desfile-41.jpg 1600w\" sizes=\"auto, (max-width: 1024px) 100vw, 1024px\" \/><\/figure>\n\n\n\n<figure class=\"wp-block-image size-large\"><img loading=\"lazy\" decoding=\"async\" width=\"1024\" height=\"576\" data-id=\"5493\" src=\"https:\/\/prensa.sma.gob.ar\/wp-content\/uploads\/2025\/02\/desfile-40-1024x576.jpg\" alt=\"\" class=\"wp-image-5493\" srcset=\"https:\/\/prensa.sma.gob.ar\/wp-content\/uploads\/2025\/02\/desfile-40-1024x576.jpg 1024w, https:\/\/prensa.sma.gob.ar\/wp-content\/uploads\/2025\/02\/desfile-40-300x169.jpg 300w, https:\/\/prensa.sma.gob.ar\/wp-content\/uploads\/2025\/02\/desfile-40-768x432.jpg 768w, https:\/\/prensa.sma.gob.ar\/wp-content\/uploads\/2025\/02\/desfile-40-1536x864.jpg 1536w, https:\/\/prensa.sma.gob.ar\/wp-content\/uploads\/2025\/02\/desfile-40-747x420.jpg 747w, https:\/\/prensa.sma.gob.ar\/wp-content\/uploads\/2025\/02\/desfile-40-696x392.jpg 696w, https:\/\/prensa.sma.gob.ar\/wp-content\/uploads\/2025\/02\/desfile-40-1068x601.jpg 1068w, https:\/\/prensa.sma.gob.ar\/wp-content\/uploads\/2025\/02\/desfile-40.jpg 1600w\" sizes=\"auto, (max-width: 1024px) 100vw, 1024px\" \/><\/figure>\n\n\n\n<figure class=\"wp-block-image size-large\"><img loading=\"lazy\" decoding=\"async\" width=\"1024\" height=\"570\" data-id=\"5492\" src=\"https:\/\/prensa.sma.gob.ar\/wp-content\/uploads\/2025\/02\/desfile-39-1024x570.jpg\" alt=\"\" class=\"wp-image-5492\" srcset=\"https:\/\/prensa.sma.gob.ar\/wp-content\/uploads\/2025\/02\/desfile-39-1024x570.jpg 1024w, https:\/\/prensa.sma.gob.ar\/wp-content\/uploads\/2025\/02\/desfile-39-300x167.jpg 300w, https:\/\/prensa.sma.gob.ar\/wp-content\/uploads\/2025\/02\/desfile-39-768x428.jpg 768w, https:\/\/prensa.sma.gob.ar\/wp-content\/uploads\/2025\/02\/desfile-39-1536x855.jpg 1536w, https:\/\/prensa.sma.gob.ar\/wp-content\/uploads\/2025\/02\/desfile-39-754x420.jpg 754w, https:\/\/prensa.sma.gob.ar\/wp-content\/uploads\/2025\/02\/desfile-39-696x388.jpg 696w, https:\/\/prensa.sma.gob.ar\/wp-content\/uploads\/2025\/02\/desfile-39-1068x595.jpg 1068w, https:\/\/prensa.sma.gob.ar\/wp-content\/uploads\/2025\/02\/desfile-39.jpg 1600w\" sizes=\"auto, (max-width: 1024px) 100vw, 1024px\" \/><\/figure>\n\n\n\n<figure class=\"wp-block-image size-large\"><img loading=\"lazy\" decoding=\"async\" width=\"1024\" height=\"576\" data-id=\"5491\" src=\"https:\/\/prensa.sma.gob.ar\/wp-content\/uploads\/2025\/02\/desfile-38-1024x576.jpg\" alt=\"\" class=\"wp-image-5491\" srcset=\"https:\/\/prensa.sma.gob.ar\/wp-content\/uploads\/2025\/02\/desfile-38-1024x576.jpg 1024w, https:\/\/prensa.sma.gob.ar\/wp-content\/uploads\/2025\/02\/desfile-38-300x169.jpg 300w, https:\/\/prensa.sma.gob.ar\/wp-content\/uploads\/2025\/02\/desfile-38-768x432.jpg 768w, https:\/\/prensa.sma.gob.ar\/wp-content\/uploads\/2025\/02\/desfile-38-1536x864.jpg 1536w, https:\/\/prensa.sma.gob.ar\/wp-content\/uploads\/2025\/02\/desfile-38-747x420.jpg 747w, https:\/\/prensa.sma.gob.ar\/wp-content\/uploads\/2025\/02\/desfile-38-696x392.jpg 696w, https:\/\/prensa.sma.gob.ar\/wp-content\/uploads\/2025\/02\/desfile-38-1068x601.jpg 1068w, https:\/\/prensa.sma.gob.ar\/wp-content\/uploads\/2025\/02\/desfile-38.jpg 1600w\" sizes=\"auto, (max-width: 1024px) 100vw, 1024px\" \/><\/figure>\n\n\n\n<figure class=\"wp-block-image size-large\"><img loading=\"lazy\" decoding=\"async\" width=\"1024\" height=\"650\" data-id=\"5490\" src=\"https:\/\/prensa.sma.gob.ar\/wp-content\/uploads\/2025\/02\/desfile-37-1024x650.jpg\" alt=\"\" class=\"wp-image-5490\" srcset=\"https:\/\/prensa.sma.gob.ar\/wp-content\/uploads\/2025\/02\/desfile-37-1024x650.jpg 1024w, https:\/\/prensa.sma.gob.ar\/wp-content\/uploads\/2025\/02\/desfile-37-300x190.jpg 300w, https:\/\/prensa.sma.gob.ar\/wp-content\/uploads\/2025\/02\/desfile-37-768x487.jpg 768w, https:\/\/prensa.sma.gob.ar\/wp-content\/uploads\/2025\/02\/desfile-37-1536x974.jpg 1536w, https:\/\/prensa.sma.gob.ar\/wp-content\/uploads\/2025\/02\/desfile-37-662x420.jpg 662w, https:\/\/prensa.sma.gob.ar\/wp-content\/uploads\/2025\/02\/desfile-37-696x442.jpg 696w, https:\/\/prensa.sma.gob.ar\/wp-content\/uploads\/2025\/02\/desfile-37-1068x678.jpg 1068w, https:\/\/prensa.sma.gob.ar\/wp-content\/uploads\/2025\/02\/desfile-37.jpg 1600w\" sizes=\"auto, (max-width: 1024px) 100vw, 1024px\" \/><\/figure>\n<\/figure>\n\n\n\n<p>La apertura del desfile estuvo a cargo del veh\u00edculo el\u00e9ctrico TITA, destinado a recolectar material reciclable y emblema del cuidado del medio ambiente, al mando de la trabajadora municipal Miriam Quiroga. Con orgullo, las trabajadoras y los trabajadores municipales tambi\u00e9n fueron parte del desfile del pueblo. Gracias a quienes colaboraron para que nuestra comunidad tuviera una celebraci\u00f3n en paz y con el orgullo de habitar esta tierra.<\/p>\n\n\n\n<p>Detr\u00e1s de ella se encolumnaron agrupaciones de a pie, luego los motorizados y, finalmente, los montados.<\/p>\n\n\n\n<figure class=\"wp-block-gallery has-nested-images columns-default is-cropped wp-block-gallery-3 is-layout-flex wp-block-gallery-is-layout-flex\">\n<figure class=\"wp-block-image size-large\"><img loading=\"lazy\" decoding=\"async\" width=\"1024\" height=\"576\" data-id=\"5489\" src=\"https:\/\/prensa.sma.gob.ar\/wp-content\/uploads\/2025\/02\/desfile-36-1024x576.jpg\" alt=\"\" class=\"wp-image-5489\" srcset=\"https:\/\/prensa.sma.gob.ar\/wp-content\/uploads\/2025\/02\/desfile-36-1024x576.jpg 1024w, https:\/\/prensa.sma.gob.ar\/wp-content\/uploads\/2025\/02\/desfile-36-300x169.jpg 300w, https:\/\/prensa.sma.gob.ar\/wp-content\/uploads\/2025\/02\/desfile-36-768x432.jpg 768w, https:\/\/prensa.sma.gob.ar\/wp-content\/uploads\/2025\/02\/desfile-36-1536x864.jpg 1536w, https:\/\/prensa.sma.gob.ar\/wp-content\/uploads\/2025\/02\/desfile-36-747x420.jpg 747w, https:\/\/prensa.sma.gob.ar\/wp-content\/uploads\/2025\/02\/desfile-36-696x392.jpg 696w, https:\/\/prensa.sma.gob.ar\/wp-content\/uploads\/2025\/02\/desfile-36-1068x601.jpg 1068w, https:\/\/prensa.sma.gob.ar\/wp-content\/uploads\/2025\/02\/desfile-36.jpg 1600w\" sizes=\"auto, (max-width: 1024px) 100vw, 1024px\" \/><\/figure>\n\n\n\n<figure class=\"wp-block-image size-large\"><img loading=\"lazy\" decoding=\"async\" width=\"1024\" height=\"576\" data-id=\"5488\" src=\"https:\/\/prensa.sma.gob.ar\/wp-content\/uploads\/2025\/02\/desfile-35-1024x576.jpg\" alt=\"\" class=\"wp-image-5488\" srcset=\"https:\/\/prensa.sma.gob.ar\/wp-content\/uploads\/2025\/02\/desfile-35-1024x576.jpg 1024w, https:\/\/prensa.sma.gob.ar\/wp-content\/uploads\/2025\/02\/desfile-35-300x169.jpg 300w, https:\/\/prensa.sma.gob.ar\/wp-content\/uploads\/2025\/02\/desfile-35-768x432.jpg 768w, https:\/\/prensa.sma.gob.ar\/wp-content\/uploads\/2025\/02\/desfile-35-1536x864.jpg 1536w, https:\/\/prensa.sma.gob.ar\/wp-content\/uploads\/2025\/02\/desfile-35-747x420.jpg 747w, https:\/\/prensa.sma.gob.ar\/wp-content\/uploads\/2025\/02\/desfile-35-696x392.jpg 696w, https:\/\/prensa.sma.gob.ar\/wp-content\/uploads\/2025\/02\/desfile-35-1068x601.jpg 1068w, https:\/\/prensa.sma.gob.ar\/wp-content\/uploads\/2025\/02\/desfile-35.jpg 1600w\" sizes=\"auto, (max-width: 1024px) 100vw, 1024px\" \/><\/figure>\n\n\n\n<figure class=\"wp-block-image size-large\"><img loading=\"lazy\" decoding=\"async\" width=\"1024\" height=\"576\" data-id=\"5487\" src=\"https:\/\/prensa.sma.gob.ar\/wp-content\/uploads\/2025\/02\/desfile-34-1024x576.jpg\" alt=\"\" class=\"wp-image-5487\" srcset=\"https:\/\/prensa.sma.gob.ar\/wp-content\/uploads\/2025\/02\/desfile-34-1024x576.jpg 1024w, https:\/\/prensa.sma.gob.ar\/wp-content\/uploads\/2025\/02\/desfile-34-300x169.jpg 300w, https:\/\/prensa.sma.gob.ar\/wp-content\/uploads\/2025\/02\/desfile-34-768x432.jpg 768w, https:\/\/prensa.sma.gob.ar\/wp-content\/uploads\/2025\/02\/desfile-34-1536x864.jpg 1536w, https:\/\/prensa.sma.gob.ar\/wp-content\/uploads\/2025\/02\/desfile-34-747x420.jpg 747w, https:\/\/prensa.sma.gob.ar\/wp-content\/uploads\/2025\/02\/desfile-34-696x392.jpg 696w, https:\/\/prensa.sma.gob.ar\/wp-content\/uploads\/2025\/02\/desfile-34-1068x601.jpg 1068w, https:\/\/prensa.sma.gob.ar\/wp-content\/uploads\/2025\/02\/desfile-34.jpg 1600w\" sizes=\"auto, (max-width: 1024px) 100vw, 1024px\" \/><\/figure>\n\n\n\n<figure class=\"wp-block-image size-large\"><img loading=\"lazy\" decoding=\"async\" width=\"1024\" height=\"576\" data-id=\"5486\" src=\"https:\/\/prensa.sma.gob.ar\/wp-content\/uploads\/2025\/02\/desfile-33-1024x576.jpg\" alt=\"\" class=\"wp-image-5486\" srcset=\"https:\/\/prensa.sma.gob.ar\/wp-content\/uploads\/2025\/02\/desfile-33-1024x576.jpg 1024w, https:\/\/prensa.sma.gob.ar\/wp-content\/uploads\/2025\/02\/desfile-33-300x169.jpg 300w, https:\/\/prensa.sma.gob.ar\/wp-content\/uploads\/2025\/02\/desfile-33-768x432.jpg 768w, https:\/\/prensa.sma.gob.ar\/wp-content\/uploads\/2025\/02\/desfile-33-1536x864.jpg 1536w, https:\/\/prensa.sma.gob.ar\/wp-content\/uploads\/2025\/02\/desfile-33-747x420.jpg 747w, https:\/\/prensa.sma.gob.ar\/wp-content\/uploads\/2025\/02\/desfile-33-696x392.jpg 696w, https:\/\/prensa.sma.gob.ar\/wp-content\/uploads\/2025\/02\/desfile-33-1068x601.jpg 1068w, https:\/\/prensa.sma.gob.ar\/wp-content\/uploads\/2025\/02\/desfile-33.jpg 1600w\" sizes=\"auto, (max-width: 1024px) 100vw, 1024px\" \/><\/figure>\n\n\n\n<figure class=\"wp-block-image size-large\"><img loading=\"lazy\" decoding=\"async\" width=\"1024\" height=\"571\" data-id=\"5485\" src=\"https:\/\/prensa.sma.gob.ar\/wp-content\/uploads\/2025\/02\/desfile-32-1024x571.jpg\" alt=\"\" class=\"wp-image-5485\" srcset=\"https:\/\/prensa.sma.gob.ar\/wp-content\/uploads\/2025\/02\/desfile-32-1024x571.jpg 1024w, https:\/\/prensa.sma.gob.ar\/wp-content\/uploads\/2025\/02\/desfile-32-300x167.jpg 300w, https:\/\/prensa.sma.gob.ar\/wp-content\/uploads\/2025\/02\/desfile-32-768x428.jpg 768w, https:\/\/prensa.sma.gob.ar\/wp-content\/uploads\/2025\/02\/desfile-32-1536x856.jpg 1536w, https:\/\/prensa.sma.gob.ar\/wp-content\/uploads\/2025\/02\/desfile-32-753x420.jpg 753w, https:\/\/prensa.sma.gob.ar\/wp-content\/uploads\/2025\/02\/desfile-32-696x388.jpg 696w, https:\/\/prensa.sma.gob.ar\/wp-content\/uploads\/2025\/02\/desfile-32-1068x595.jpg 1068w, https:\/\/prensa.sma.gob.ar\/wp-content\/uploads\/2025\/02\/desfile-32.jpg 1600w\" sizes=\"auto, (max-width: 1024px) 100vw, 1024px\" \/><\/figure>\n\n\n\n<figure class=\"wp-block-image size-large\"><img loading=\"lazy\" decoding=\"async\" width=\"1024\" height=\"627\" data-id=\"5484\" src=\"https:\/\/prensa.sma.gob.ar\/wp-content\/uploads\/2025\/02\/desfile-31-1024x627.jpg\" alt=\"\" class=\"wp-image-5484\" srcset=\"https:\/\/prensa.sma.gob.ar\/wp-content\/uploads\/2025\/02\/desfile-31-1024x627.jpg 1024w, https:\/\/prensa.sma.gob.ar\/wp-content\/uploads\/2025\/02\/desfile-31-300x184.jpg 300w, https:\/\/prensa.sma.gob.ar\/wp-content\/uploads\/2025\/02\/desfile-31-768x470.jpg 768w, https:\/\/prensa.sma.gob.ar\/wp-content\/uploads\/2025\/02\/desfile-31-1536x941.jpg 1536w, https:\/\/prensa.sma.gob.ar\/wp-content\/uploads\/2025\/02\/desfile-31-686x420.jpg 686w, https:\/\/prensa.sma.gob.ar\/wp-content\/uploads\/2025\/02\/desfile-31-696x426.jpg 696w, https:\/\/prensa.sma.gob.ar\/wp-content\/uploads\/2025\/02\/desfile-31-1068x654.jpg 1068w, https:\/\/prensa.sma.gob.ar\/wp-content\/uploads\/2025\/02\/desfile-31.jpg 1600w\" sizes=\"auto, (max-width: 1024px) 100vw, 1024px\" \/><\/figure>\n<\/figure>\n\n\n\n<p>Flavio Correa estuvo al frente de la locuci\u00f3n mientras que Nahuel Trujillo y N\u00e9stor Casanova animaron con la conducci\u00f3n y las payadas el segmento del desfile de las agrupaciones gauchas, con hombres, mujeres, adolescentes y ni\u00f1os que generaron otro de los momentos m\u00e1s celebrados de la tarde.<\/p>\n\n\n\n<p>Las interpretaciones del Himno Nacional Argentino y del Himno de la Provincia de Neuqu\u00e9n, de marchas militares y de m\u00fasica popular estuvieron a cargo de la Fanfarria El Hinojal y de la Banda de M\u00fasica de la Polic\u00eda del Neuqu\u00e9n.<\/p>\n\n\n\n<figure class=\"wp-block-gallery has-nested-images columns-default is-cropped wp-block-gallery-4 is-layout-flex wp-block-gallery-is-layout-flex\">\n<figure class=\"wp-block-image size-large\"><img loading=\"lazy\" decoding=\"async\" width=\"1024\" height=\"576\" data-id=\"5483\" src=\"https:\/\/prensa.sma.gob.ar\/wp-content\/uploads\/2025\/02\/desfile-30-1024x576.jpg\" alt=\"\" class=\"wp-image-5483\" srcset=\"https:\/\/prensa.sma.gob.ar\/wp-content\/uploads\/2025\/02\/desfile-30-1024x576.jpg 1024w, https:\/\/prensa.sma.gob.ar\/wp-content\/uploads\/2025\/02\/desfile-30-300x169.jpg 300w, https:\/\/prensa.sma.gob.ar\/wp-content\/uploads\/2025\/02\/desfile-30-768x432.jpg 768w, https:\/\/prensa.sma.gob.ar\/wp-content\/uploads\/2025\/02\/desfile-30-1536x864.jpg 1536w, https:\/\/prensa.sma.gob.ar\/wp-content\/uploads\/2025\/02\/desfile-30-747x420.jpg 747w, https:\/\/prensa.sma.gob.ar\/wp-content\/uploads\/2025\/02\/desfile-30-696x392.jpg 696w, https:\/\/prensa.sma.gob.ar\/wp-content\/uploads\/2025\/02\/desfile-30-1068x601.jpg 1068w, https:\/\/prensa.sma.gob.ar\/wp-content\/uploads\/2025\/02\/desfile-30.jpg 1600w\" sizes=\"auto, (max-width: 1024px) 100vw, 1024px\" \/><\/figure>\n\n\n\n<figure class=\"wp-block-image size-large\"><img loading=\"lazy\" decoding=\"async\" width=\"1024\" height=\"479\" data-id=\"5481\" src=\"https:\/\/prensa.sma.gob.ar\/wp-content\/uploads\/2025\/02\/desfile-28-1024x479.jpg\" alt=\"\" class=\"wp-image-5481\" srcset=\"https:\/\/prensa.sma.gob.ar\/wp-content\/uploads\/2025\/02\/desfile-28-1024x479.jpg 1024w, https:\/\/prensa.sma.gob.ar\/wp-content\/uploads\/2025\/02\/desfile-28-300x140.jpg 300w, https:\/\/prensa.sma.gob.ar\/wp-content\/uploads\/2025\/02\/desfile-28-768x359.jpg 768w, https:\/\/prensa.sma.gob.ar\/wp-content\/uploads\/2025\/02\/desfile-28-1536x718.jpg 1536w, https:\/\/prensa.sma.gob.ar\/wp-content\/uploads\/2025\/02\/desfile-28-898x420.jpg 898w, https:\/\/prensa.sma.gob.ar\/wp-content\/uploads\/2025\/02\/desfile-28-696x325.jpg 696w, https:\/\/prensa.sma.gob.ar\/wp-content\/uploads\/2025\/02\/desfile-28-1068x499.jpg 1068w, https:\/\/prensa.sma.gob.ar\/wp-content\/uploads\/2025\/02\/desfile-28.jpg 1600w\" sizes=\"auto, (max-width: 1024px) 100vw, 1024px\" \/><\/figure>\n\n\n\n<figure class=\"wp-block-image size-large\"><img loading=\"lazy\" decoding=\"async\" width=\"1024\" height=\"576\" data-id=\"5480\" src=\"https:\/\/prensa.sma.gob.ar\/wp-content\/uploads\/2025\/02\/desfile-27-1024x576.jpg\" alt=\"\" class=\"wp-image-5480\" srcset=\"https:\/\/prensa.sma.gob.ar\/wp-content\/uploads\/2025\/02\/desfile-27-1024x576.jpg 1024w, https:\/\/prensa.sma.gob.ar\/wp-content\/uploads\/2025\/02\/desfile-27-300x169.jpg 300w, https:\/\/prensa.sma.gob.ar\/wp-content\/uploads\/2025\/02\/desfile-27-768x432.jpg 768w, https:\/\/prensa.sma.gob.ar\/wp-content\/uploads\/2025\/02\/desfile-27-1536x864.jpg 1536w, https:\/\/prensa.sma.gob.ar\/wp-content\/uploads\/2025\/02\/desfile-27-747x420.jpg 747w, https:\/\/prensa.sma.gob.ar\/wp-content\/uploads\/2025\/02\/desfile-27-696x392.jpg 696w, https:\/\/prensa.sma.gob.ar\/wp-content\/uploads\/2025\/02\/desfile-27-1068x601.jpg 1068w, https:\/\/prensa.sma.gob.ar\/wp-content\/uploads\/2025\/02\/desfile-27.jpg 1600w\" sizes=\"auto, (max-width: 1024px) 100vw, 1024px\" \/><\/figure>\n\n\n\n<figure class=\"wp-block-image size-large\"><img loading=\"lazy\" decoding=\"async\" width=\"1024\" height=\"576\" data-id=\"5478\" src=\"https:\/\/prensa.sma.gob.ar\/wp-content\/uploads\/2025\/02\/desfile-25-1024x576.jpg\" alt=\"\" class=\"wp-image-5478\" srcset=\"https:\/\/prensa.sma.gob.ar\/wp-content\/uploads\/2025\/02\/desfile-25-1024x576.jpg 1024w, https:\/\/prensa.sma.gob.ar\/wp-content\/uploads\/2025\/02\/desfile-25-300x169.jpg 300w, https:\/\/prensa.sma.gob.ar\/wp-content\/uploads\/2025\/02\/desfile-25-768x432.jpg 768w, https:\/\/prensa.sma.gob.ar\/wp-content\/uploads\/2025\/02\/desfile-25-1536x864.jpg 1536w, https:\/\/prensa.sma.gob.ar\/wp-content\/uploads\/2025\/02\/desfile-25-747x420.jpg 747w, https:\/\/prensa.sma.gob.ar\/wp-content\/uploads\/2025\/02\/desfile-25-696x392.jpg 696w, https:\/\/prensa.sma.gob.ar\/wp-content\/uploads\/2025\/02\/desfile-25-1068x601.jpg 1068w, https:\/\/prensa.sma.gob.ar\/wp-content\/uploads\/2025\/02\/desfile-25.jpg 1600w\" sizes=\"auto, (max-width: 1024px) 100vw, 1024px\" \/><\/figure>\n\n\n\n<figure class=\"wp-block-image size-large\"><img loading=\"lazy\" decoding=\"async\" width=\"1024\" height=\"572\" data-id=\"5479\" src=\"https:\/\/prensa.sma.gob.ar\/wp-content\/uploads\/2025\/02\/desfile-26-1024x572.jpg\" alt=\"\" class=\"wp-image-5479\" srcset=\"https:\/\/prensa.sma.gob.ar\/wp-content\/uploads\/2025\/02\/desfile-26-1024x572.jpg 1024w, https:\/\/prensa.sma.gob.ar\/wp-content\/uploads\/2025\/02\/desfile-26-300x168.jpg 300w, https:\/\/prensa.sma.gob.ar\/wp-content\/uploads\/2025\/02\/desfile-26-768x429.jpg 768w, https:\/\/prensa.sma.gob.ar\/wp-content\/uploads\/2025\/02\/desfile-26-1536x858.jpg 1536w, https:\/\/prensa.sma.gob.ar\/wp-content\/uploads\/2025\/02\/desfile-26-752x420.jpg 752w, https:\/\/prensa.sma.gob.ar\/wp-content\/uploads\/2025\/02\/desfile-26-696x389.jpg 696w, https:\/\/prensa.sma.gob.ar\/wp-content\/uploads\/2025\/02\/desfile-26-1068x597.jpg 1068w, https:\/\/prensa.sma.gob.ar\/wp-content\/uploads\/2025\/02\/desfile-26.jpg 1600w\" sizes=\"auto, (max-width: 1024px) 100vw, 1024px\" \/><\/figure>\n\n\n\n<figure class=\"wp-block-image size-large\"><img loading=\"lazy\" decoding=\"async\" width=\"1024\" height=\"576\" data-id=\"5477\" src=\"https:\/\/prensa.sma.gob.ar\/wp-content\/uploads\/2025\/02\/desfile-24-1024x576.jpg\" alt=\"\" class=\"wp-image-5477\" srcset=\"https:\/\/prensa.sma.gob.ar\/wp-content\/uploads\/2025\/02\/desfile-24-1024x576.jpg 1024w, https:\/\/prensa.sma.gob.ar\/wp-content\/uploads\/2025\/02\/desfile-24-300x169.jpg 300w, https:\/\/prensa.sma.gob.ar\/wp-content\/uploads\/2025\/02\/desfile-24-768x432.jpg 768w, https:\/\/prensa.sma.gob.ar\/wp-content\/uploads\/2025\/02\/desfile-24-1536x864.jpg 1536w, https:\/\/prensa.sma.gob.ar\/wp-content\/uploads\/2025\/02\/desfile-24-747x420.jpg 747w, https:\/\/prensa.sma.gob.ar\/wp-content\/uploads\/2025\/02\/desfile-24-696x392.jpg 696w, https:\/\/prensa.sma.gob.ar\/wp-content\/uploads\/2025\/02\/desfile-24-1068x601.jpg 1068w, https:\/\/prensa.sma.gob.ar\/wp-content\/uploads\/2025\/02\/desfile-24.jpg 1600w\" sizes=\"auto, (max-width: 1024px) 100vw, 1024px\" \/><\/figure>\n<\/figure>\n\n\n\n<p>El acto fue precedido por la colocaci\u00f3n de ofrendas florales en el Monumento a los Pioneros, de la que participaron el gobernador Figueroa, el intendente Saloniti, la ministra de Desarrollo Humano, Gobiernos Locales y Mujeres de la provincia, Julieta Corroza; y el ministro Jefe de Gabinete, Juan Luis Ousset. Asistieron tambi\u00e9n el secretario de Transporte de la Naci\u00f3n, Franco Mogetta, y la directora de la Administraci\u00f3n Nacional de Aviaci\u00f3n Civil (ANAC), Mar\u00eda Julia Cordero, ambos presentes en nuestra ciudad para encabezar el acto de entrega de una autobomba en el aeropuerto Chapelco.<\/p>\n\n\n\n<p>Esta actividad y el posterior festival art\u00edstico El mundo danza al pie del Lanin marcaron el cierre de una jornada que tuvo, adem\u00e1s, una serie de actos oficiales con licitaciones, anuncios, firmas de convenios con vecinos y la inauguraci\u00f3n de la Escuela N\u00b0 48 de Lago Hermoso.<\/p>\n\n\n\n<figure class=\"wp-block-gallery has-nested-images columns-default is-cropped wp-block-gallery-5 is-layout-flex wp-block-gallery-is-layout-flex\">\n<figure class=\"wp-block-image size-large\"><img loading=\"lazy\" decoding=\"async\" width=\"1024\" height=\"576\" data-id=\"5482\" src=\"https:\/\/prensa.sma.gob.ar\/wp-content\/uploads\/2025\/02\/desfile-29-1024x576.jpg\" alt=\"\" class=\"wp-image-5482\" srcset=\"https:\/\/prensa.sma.gob.ar\/wp-content\/uploads\/2025\/02\/desfile-29-1024x576.jpg 1024w, https:\/\/prensa.sma.gob.ar\/wp-content\/uploads\/2025\/02\/desfile-29-300x169.jpg 300w, https:\/\/prensa.sma.gob.ar\/wp-content\/uploads\/2025\/02\/desfile-29-768x432.jpg 768w, https:\/\/prensa.sma.gob.ar\/wp-content\/uploads\/2025\/02\/desfile-29-1536x864.jpg 1536w, https:\/\/prensa.sma.gob.ar\/wp-content\/uploads\/2025\/02\/desfile-29-747x420.jpg 747w, https:\/\/prensa.sma.gob.ar\/wp-content\/uploads\/2025\/02\/desfile-29-696x392.jpg 696w, https:\/\/prensa.sma.gob.ar\/wp-content\/uploads\/2025\/02\/desfile-29-1068x601.jpg 1068w, https:\/\/prensa.sma.gob.ar\/wp-content\/uploads\/2025\/02\/desfile-29.jpg 1600w\" sizes=\"auto, (max-width: 1024px) 100vw, 1024px\" \/><\/figure>\n\n\n\n<figure class=\"wp-block-image size-large\"><img loading=\"lazy\" decoding=\"async\" width=\"1024\" height=\"576\" data-id=\"5475\" src=\"https:\/\/prensa.sma.gob.ar\/wp-content\/uploads\/2025\/02\/desfile-22-1024x576.jpg\" alt=\"\" class=\"wp-image-5475\" srcset=\"https:\/\/prensa.sma.gob.ar\/wp-content\/uploads\/2025\/02\/desfile-22-1024x576.jpg 1024w, https:\/\/prensa.sma.gob.ar\/wp-content\/uploads\/2025\/02\/desfile-22-300x169.jpg 300w, https:\/\/prensa.sma.gob.ar\/wp-content\/uploads\/2025\/02\/desfile-22-768x432.jpg 768w, https:\/\/prensa.sma.gob.ar\/wp-content\/uploads\/2025\/02\/desfile-22-1536x864.jpg 1536w, https:\/\/prensa.sma.gob.ar\/wp-content\/uploads\/2025\/02\/desfile-22-747x420.jpg 747w, https:\/\/prensa.sma.gob.ar\/wp-content\/uploads\/2025\/02\/desfile-22-696x392.jpg 696w, https:\/\/prensa.sma.gob.ar\/wp-content\/uploads\/2025\/02\/desfile-22-1068x601.jpg 1068w, https:\/\/prensa.sma.gob.ar\/wp-content\/uploads\/2025\/02\/desfile-22.jpg 1600w\" sizes=\"auto, (max-width: 1024px) 100vw, 1024px\" \/><\/figure>\n\n\n\n<figure class=\"wp-block-image size-large\"><img loading=\"lazy\" decoding=\"async\" width=\"1024\" height=\"576\" data-id=\"5476\" src=\"https:\/\/prensa.sma.gob.ar\/wp-content\/uploads\/2025\/02\/desfile-23-1024x576.jpg\" alt=\"\" class=\"wp-image-5476\" srcset=\"https:\/\/prensa.sma.gob.ar\/wp-content\/uploads\/2025\/02\/desfile-23-1024x576.jpg 1024w, https:\/\/prensa.sma.gob.ar\/wp-content\/uploads\/2025\/02\/desfile-23-300x169.jpg 300w, https:\/\/prensa.sma.gob.ar\/wp-content\/uploads\/2025\/02\/desfile-23-768x432.jpg 768w, https:\/\/prensa.sma.gob.ar\/wp-content\/uploads\/2025\/02\/desfile-23-1536x864.jpg 1536w, https:\/\/prensa.sma.gob.ar\/wp-content\/uploads\/2025\/02\/desfile-23-747x420.jpg 747w, https:\/\/prensa.sma.gob.ar\/wp-content\/uploads\/2025\/02\/desfile-23-696x392.jpg 696w, https:\/\/prensa.sma.gob.ar\/wp-content\/uploads\/2025\/02\/desfile-23-1068x601.jpg 1068w, https:\/\/prensa.sma.gob.ar\/wp-content\/uploads\/2025\/02\/desfile-23.jpg 1600w\" sizes=\"auto, (max-width: 1024px) 100vw, 1024px\" \/><\/figure>\n\n\n\n<figure class=\"wp-block-image size-large\"><img loading=\"lazy\" decoding=\"async\" width=\"1024\" height=\"576\" data-id=\"5474\" src=\"https:\/\/prensa.sma.gob.ar\/wp-content\/uploads\/2025\/02\/desfile-21-1024x576.jpg\" alt=\"\" class=\"wp-image-5474\" srcset=\"https:\/\/prensa.sma.gob.ar\/wp-content\/uploads\/2025\/02\/desfile-21-1024x576.jpg 1024w, https:\/\/prensa.sma.gob.ar\/wp-content\/uploads\/2025\/02\/desfile-21-300x169.jpg 300w, https:\/\/prensa.sma.gob.ar\/wp-content\/uploads\/2025\/02\/desfile-21-768x432.jpg 768w, https:\/\/prensa.sma.gob.ar\/wp-content\/uploads\/2025\/02\/desfile-21-1536x864.jpg 1536w, https:\/\/prensa.sma.gob.ar\/wp-content\/uploads\/2025\/02\/desfile-21-747x420.jpg 747w, https:\/\/prensa.sma.gob.ar\/wp-content\/uploads\/2025\/02\/desfile-21-696x392.jpg 696w, https:\/\/prensa.sma.gob.ar\/wp-content\/uploads\/2025\/02\/desfile-21-1068x601.jpg 1068w, https:\/\/prensa.sma.gob.ar\/wp-content\/uploads\/2025\/02\/desfile-21.jpg 1600w\" sizes=\"auto, (max-width: 1024px) 100vw, 1024px\" \/><\/figure>\n\n\n\n<figure class=\"wp-block-image size-large\"><img loading=\"lazy\" decoding=\"async\" width=\"1024\" height=\"576\" data-id=\"5473\" src=\"https:\/\/prensa.sma.gob.ar\/wp-content\/uploads\/2025\/02\/desfile-20-1024x576.jpg\" alt=\"\" class=\"wp-image-5473\" srcset=\"https:\/\/prensa.sma.gob.ar\/wp-content\/uploads\/2025\/02\/desfile-20-1024x576.jpg 1024w, https:\/\/prensa.sma.gob.ar\/wp-content\/uploads\/2025\/02\/desfile-20-300x169.jpg 300w, https:\/\/prensa.sma.gob.ar\/wp-content\/uploads\/2025\/02\/desfile-20-768x432.jpg 768w, https:\/\/prensa.sma.gob.ar\/wp-content\/uploads\/2025\/02\/desfile-20-1536x864.jpg 1536w, https:\/\/prensa.sma.gob.ar\/wp-content\/uploads\/2025\/02\/desfile-20-747x420.jpg 747w, https:\/\/prensa.sma.gob.ar\/wp-content\/uploads\/2025\/02\/desfile-20-696x392.jpg 696w, https:\/\/prensa.sma.gob.ar\/wp-content\/uploads\/2025\/02\/desfile-20-1068x601.jpg 1068w, https:\/\/prensa.sma.gob.ar\/wp-content\/uploads\/2025\/02\/desfile-20.jpg 1600w\" sizes=\"auto, (max-width: 1024px) 100vw, 1024px\" \/><\/figure>\n\n\n\n<figure class=\"wp-block-image size-large\"><img loading=\"lazy\" decoding=\"async\" width=\"1024\" height=\"576\" data-id=\"5472\" src=\"https:\/\/prensa.sma.gob.ar\/wp-content\/uploads\/2025\/02\/desfile-19-1024x576.jpg\" alt=\"\" class=\"wp-image-5472\" srcset=\"https:\/\/prensa.sma.gob.ar\/wp-content\/uploads\/2025\/02\/desfile-19-1024x576.jpg 1024w, https:\/\/prensa.sma.gob.ar\/wp-content\/uploads\/2025\/02\/desfile-19-300x169.jpg 300w, https:\/\/prensa.sma.gob.ar\/wp-content\/uploads\/2025\/02\/desfile-19-768x432.jpg 768w, https:\/\/prensa.sma.gob.ar\/wp-content\/uploads\/2025\/02\/desfile-19-1536x864.jpg 1536w, https:\/\/prensa.sma.gob.ar\/wp-content\/uploads\/2025\/02\/desfile-19-747x420.jpg 747w, https:\/\/prensa.sma.gob.ar\/wp-content\/uploads\/2025\/02\/desfile-19-696x392.jpg 696w, https:\/\/prensa.sma.gob.ar\/wp-content\/uploads\/2025\/02\/desfile-19-1068x601.jpg 1068w, https:\/\/prensa.sma.gob.ar\/wp-content\/uploads\/2025\/02\/desfile-19.jpg 1600w\" sizes=\"auto, (max-width: 1024px) 100vw, 1024px\" \/><\/figure>\n\n\n\n<figure class=\"wp-block-image size-large\"><img loading=\"lazy\" decoding=\"async\" width=\"1024\" height=\"580\" data-id=\"5471\" src=\"https:\/\/prensa.sma.gob.ar\/wp-content\/uploads\/2025\/02\/desfile-18-1024x580.jpg\" alt=\"\" class=\"wp-image-5471\" srcset=\"https:\/\/prensa.sma.gob.ar\/wp-content\/uploads\/2025\/02\/desfile-18-1024x580.jpg 1024w, https:\/\/prensa.sma.gob.ar\/wp-content\/uploads\/2025\/02\/desfile-18-300x170.jpg 300w, https:\/\/prensa.sma.gob.ar\/wp-content\/uploads\/2025\/02\/desfile-18-768x435.jpg 768w, https:\/\/prensa.sma.gob.ar\/wp-content\/uploads\/2025\/02\/desfile-18-1536x870.jpg 1536w, https:\/\/prensa.sma.gob.ar\/wp-content\/uploads\/2025\/02\/desfile-18-742x420.jpg 742w, https:\/\/prensa.sma.gob.ar\/wp-content\/uploads\/2025\/02\/desfile-18-696x394.jpg 696w, https:\/\/prensa.sma.gob.ar\/wp-content\/uploads\/2025\/02\/desfile-18-1068x605.jpg 1068w, https:\/\/prensa.sma.gob.ar\/wp-content\/uploads\/2025\/02\/desfile-18.jpg 1600w\" sizes=\"auto, (max-width: 1024px) 100vw, 1024px\" \/><\/figure>\n\n\n\n<figure class=\"wp-block-image size-large\"><img loading=\"lazy\" decoding=\"async\" width=\"1024\" height=\"576\" data-id=\"5470\" src=\"https:\/\/prensa.sma.gob.ar\/wp-content\/uploads\/2025\/02\/desfile-17-1024x576.jpg\" alt=\"\" class=\"wp-image-5470\" srcset=\"https:\/\/prensa.sma.gob.ar\/wp-content\/uploads\/2025\/02\/desfile-17-1024x576.jpg 1024w, https:\/\/prensa.sma.gob.ar\/wp-content\/uploads\/2025\/02\/desfile-17-300x169.jpg 300w, https:\/\/prensa.sma.gob.ar\/wp-content\/uploads\/2025\/02\/desfile-17-768x432.jpg 768w, https:\/\/prensa.sma.gob.ar\/wp-content\/uploads\/2025\/02\/desfile-17-1536x864.jpg 1536w, https:\/\/prensa.sma.gob.ar\/wp-content\/uploads\/2025\/02\/desfile-17-747x420.jpg 747w, https:\/\/prensa.sma.gob.ar\/wp-content\/uploads\/2025\/02\/desfile-17-696x392.jpg 696w, https:\/\/prensa.sma.gob.ar\/wp-content\/uploads\/2025\/02\/desfile-17-1068x601.jpg 1068w, https:\/\/prensa.sma.gob.ar\/wp-content\/uploads\/2025\/02\/desfile-17.jpg 1600w\" sizes=\"auto, (max-width: 1024px) 100vw, 1024px\" \/><\/figure>\n\n\n\n<figure class=\"wp-block-image size-large\"><img loading=\"lazy\" decoding=\"async\" width=\"1024\" height=\"589\" data-id=\"5469\" src=\"https:\/\/prensa.sma.gob.ar\/wp-content\/uploads\/2025\/02\/desfile-16-1024x589.jpg\" alt=\"\" class=\"wp-image-5469\" srcset=\"https:\/\/prensa.sma.gob.ar\/wp-content\/uploads\/2025\/02\/desfile-16-1024x589.jpg 1024w, https:\/\/prensa.sma.gob.ar\/wp-content\/uploads\/2025\/02\/desfile-16-300x173.jpg 300w, https:\/\/prensa.sma.gob.ar\/wp-content\/uploads\/2025\/02\/desfile-16-768x442.jpg 768w, https:\/\/prensa.sma.gob.ar\/wp-content\/uploads\/2025\/02\/desfile-16-1536x884.jpg 1536w, https:\/\/prensa.sma.gob.ar\/wp-content\/uploads\/2025\/02\/desfile-16-730x420.jpg 730w, https:\/\/prensa.sma.gob.ar\/wp-content\/uploads\/2025\/02\/desfile-16-696x401.jpg 696w, https:\/\/prensa.sma.gob.ar\/wp-content\/uploads\/2025\/02\/desfile-16-1068x615.jpg 1068w, https:\/\/prensa.sma.gob.ar\/wp-content\/uploads\/2025\/02\/desfile-16.jpg 1600w\" sizes=\"auto, (max-width: 1024px) 100vw, 1024px\" \/><\/figure>\n\n\n\n<figure class=\"wp-block-image size-large\"><img loading=\"lazy\" decoding=\"async\" width=\"1024\" height=\"627\" data-id=\"5468\" src=\"https:\/\/prensa.sma.gob.ar\/wp-content\/uploads\/2025\/02\/desfile-15-1024x627.jpg\" alt=\"\" class=\"wp-image-5468\" srcset=\"https:\/\/prensa.sma.gob.ar\/wp-content\/uploads\/2025\/02\/desfile-15-1024x627.jpg 1024w, https:\/\/prensa.sma.gob.ar\/wp-content\/uploads\/2025\/02\/desfile-15-300x184.jpg 300w, https:\/\/prensa.sma.gob.ar\/wp-content\/uploads\/2025\/02\/desfile-15-768x470.jpg 768w, https:\/\/prensa.sma.gob.ar\/wp-content\/uploads\/2025\/02\/desfile-15-1536x941.jpg 1536w, https:\/\/prensa.sma.gob.ar\/wp-content\/uploads\/2025\/02\/desfile-15-686x420.jpg 686w, https:\/\/prensa.sma.gob.ar\/wp-content\/uploads\/2025\/02\/desfile-15-696x426.jpg 696w, https:\/\/prensa.sma.gob.ar\/wp-content\/uploads\/2025\/02\/desfile-15-1068x654.jpg 1068w, https:\/\/prensa.sma.gob.ar\/wp-content\/uploads\/2025\/02\/desfile-15.jpg 1600w\" sizes=\"auto, (max-width: 1024px) 100vw, 1024px\" \/><\/figure>\n\n\n\n<figure class=\"wp-block-image size-large\"><img loading=\"lazy\" decoding=\"async\" width=\"1024\" height=\"576\" data-id=\"5467\" src=\"https:\/\/prensa.sma.gob.ar\/wp-content\/uploads\/2025\/02\/desfile-14-1024x576.jpg\" alt=\"\" class=\"wp-image-5467\" srcset=\"https:\/\/prensa.sma.gob.ar\/wp-content\/uploads\/2025\/02\/desfile-14-1024x576.jpg 1024w, https:\/\/prensa.sma.gob.ar\/wp-content\/uploads\/2025\/02\/desfile-14-300x169.jpg 300w, https:\/\/prensa.sma.gob.ar\/wp-content\/uploads\/2025\/02\/desfile-14-768x432.jpg 768w, https:\/\/prensa.sma.gob.ar\/wp-content\/uploads\/2025\/02\/desfile-14-1536x864.jpg 1536w, https:\/\/prensa.sma.gob.ar\/wp-content\/uploads\/2025\/02\/desfile-14-747x420.jpg 747w, https:\/\/prensa.sma.gob.ar\/wp-content\/uploads\/2025\/02\/desfile-14-696x392.jpg 696w, https:\/\/prensa.sma.gob.ar\/wp-content\/uploads\/2025\/02\/desfile-14-1068x601.jpg 1068w, https:\/\/prensa.sma.gob.ar\/wp-content\/uploads\/2025\/02\/desfile-14.jpg 1600w\" sizes=\"auto, (max-width: 1024px) 100vw, 1024px\" \/><\/figure>\n\n\n\n<figure class=\"wp-block-image size-large\"><img loading=\"lazy\" decoding=\"async\" width=\"1024\" height=\"576\" data-id=\"5466\" src=\"https:\/\/prensa.sma.gob.ar\/wp-content\/uploads\/2025\/02\/desfile-13-1024x576.jpg\" alt=\"\" class=\"wp-image-5466\" srcset=\"https:\/\/prensa.sma.gob.ar\/wp-content\/uploads\/2025\/02\/desfile-13-1024x576.jpg 1024w, https:\/\/prensa.sma.gob.ar\/wp-content\/uploads\/2025\/02\/desfile-13-300x169.jpg 300w, https:\/\/prensa.sma.gob.ar\/wp-content\/uploads\/2025\/02\/desfile-13-768x432.jpg 768w, https:\/\/prensa.sma.gob.ar\/wp-content\/uploads\/2025\/02\/desfile-13-1536x864.jpg 1536w, https:\/\/prensa.sma.gob.ar\/wp-content\/uploads\/2025\/02\/desfile-13-747x420.jpg 747w, https:\/\/prensa.sma.gob.ar\/wp-content\/uploads\/2025\/02\/desfile-13-696x392.jpg 696w, https:\/\/prensa.sma.gob.ar\/wp-content\/uploads\/2025\/02\/desfile-13-1068x601.jpg 1068w, https:\/\/prensa.sma.gob.ar\/wp-content\/uploads\/2025\/02\/desfile-13.jpg 1600w\" sizes=\"auto, (max-width: 1024px) 100vw, 1024px\" \/><\/figure>\n\n\n\n<figure class=\"wp-block-image size-large\"><img loading=\"lazy\" decoding=\"async\" width=\"1024\" height=\"576\" data-id=\"5465\" src=\"https:\/\/prensa.sma.gob.ar\/wp-content\/uploads\/2025\/02\/desfile-12-1024x576.jpg\" alt=\"\" class=\"wp-image-5465\" srcset=\"https:\/\/prensa.sma.gob.ar\/wp-content\/uploads\/2025\/02\/desfile-12-1024x576.jpg 1024w, https:\/\/prensa.sma.gob.ar\/wp-content\/uploads\/2025\/02\/desfile-12-300x169.jpg 300w, https:\/\/prensa.sma.gob.ar\/wp-content\/uploads\/2025\/02\/desfile-12-768x432.jpg 768w, https:\/\/prensa.sma.gob.ar\/wp-content\/uploads\/2025\/02\/desfile-12-1536x864.jpg 1536w, https:\/\/prensa.sma.gob.ar\/wp-content\/uploads\/2025\/02\/desfile-12-747x420.jpg 747w, https:\/\/prensa.sma.gob.ar\/wp-content\/uploads\/2025\/02\/desfile-12-696x392.jpg 696w, https:\/\/prensa.sma.gob.ar\/wp-content\/uploads\/2025\/02\/desfile-12-1068x601.jpg 1068w, https:\/\/prensa.sma.gob.ar\/wp-content\/uploads\/2025\/02\/desfile-12.jpg 1600w\" sizes=\"auto, (max-width: 1024px) 100vw, 1024px\" \/><\/figure>\n\n\n\n<figure class=\"wp-block-image size-large\"><img loading=\"lazy\" decoding=\"async\" width=\"1024\" height=\"576\" data-id=\"5464\" src=\"https:\/\/prensa.sma.gob.ar\/wp-content\/uploads\/2025\/02\/desfile-11-1024x576.jpg\" alt=\"\" class=\"wp-image-5464\" srcset=\"https:\/\/prensa.sma.gob.ar\/wp-content\/uploads\/2025\/02\/desfile-11-1024x576.jpg 1024w, https:\/\/prensa.sma.gob.ar\/wp-content\/uploads\/2025\/02\/desfile-11-300x169.jpg 300w, https:\/\/prensa.sma.gob.ar\/wp-content\/uploads\/2025\/02\/desfile-11-768x432.jpg 768w, https:\/\/prensa.sma.gob.ar\/wp-content\/uploads\/2025\/02\/desfile-11-1536x864.jpg 1536w, https:\/\/prensa.sma.gob.ar\/wp-content\/uploads\/2025\/02\/desfile-11-747x420.jpg 747w, https:\/\/prensa.sma.gob.ar\/wp-content\/uploads\/2025\/02\/desfile-11-696x392.jpg 696w, https:\/\/prensa.sma.gob.ar\/wp-content\/uploads\/2025\/02\/desfile-11-1068x601.jpg 1068w, https:\/\/prensa.sma.gob.ar\/wp-content\/uploads\/2025\/02\/desfile-11.jpg 1600w\" sizes=\"auto, (max-width: 1024px) 100vw, 1024px\" \/><\/figure>\n\n\n\n<figure class=\"wp-block-image size-large\"><img loading=\"lazy\" decoding=\"async\" width=\"1024\" height=\"576\" data-id=\"5463\" src=\"https:\/\/prensa.sma.gob.ar\/wp-content\/uploads\/2025\/02\/desfile-10-1024x576.jpg\" alt=\"\" class=\"wp-image-5463\" srcset=\"https:\/\/prensa.sma.gob.ar\/wp-content\/uploads\/2025\/02\/desfile-10-1024x576.jpg 1024w, https:\/\/prensa.sma.gob.ar\/wp-content\/uploads\/2025\/02\/desfile-10-300x169.jpg 300w, https:\/\/prensa.sma.gob.ar\/wp-content\/uploads\/2025\/02\/desfile-10-768x432.jpg 768w, https:\/\/prensa.sma.gob.ar\/wp-content\/uploads\/2025\/02\/desfile-10-1536x864.jpg 1536w, https:\/\/prensa.sma.gob.ar\/wp-content\/uploads\/2025\/02\/desfile-10-747x420.jpg 747w, https:\/\/prensa.sma.gob.ar\/wp-content\/uploads\/2025\/02\/desfile-10-696x392.jpg 696w, https:\/\/prensa.sma.gob.ar\/wp-content\/uploads\/2025\/02\/desfile-10-1068x601.jpg 1068w, https:\/\/prensa.sma.gob.ar\/wp-content\/uploads\/2025\/02\/desfile-10.jpg 1600w\" sizes=\"auto, (max-width: 1024px) 100vw, 1024px\" \/><\/figure>\n\n\n\n<figure class=\"wp-block-image size-large\"><img loading=\"lazy\" decoding=\"async\" width=\"1024\" height=\"576\" data-id=\"5462\" src=\"https:\/\/prensa.sma.gob.ar\/wp-content\/uploads\/2025\/02\/desfile-9-1024x576.jpg\" alt=\"\" class=\"wp-image-5462\" srcset=\"https:\/\/prensa.sma.gob.ar\/wp-content\/uploads\/2025\/02\/desfile-9-1024x576.jpg 1024w, https:\/\/prensa.sma.gob.ar\/wp-content\/uploads\/2025\/02\/desfile-9-300x169.jpg 300w, https:\/\/prensa.sma.gob.ar\/wp-content\/uploads\/2025\/02\/desfile-9-768x432.jpg 768w, https:\/\/prensa.sma.gob.ar\/wp-content\/uploads\/2025\/02\/desfile-9-1536x864.jpg 1536w, https:\/\/prensa.sma.gob.ar\/wp-content\/uploads\/2025\/02\/desfile-9-747x420.jpg 747w, https:\/\/prensa.sma.gob.ar\/wp-content\/uploads\/2025\/02\/desfile-9-696x392.jpg 696w, https:\/\/prensa.sma.gob.ar\/wp-content\/uploads\/2025\/02\/desfile-9-1068x601.jpg 1068w, https:\/\/prensa.sma.gob.ar\/wp-content\/uploads\/2025\/02\/desfile-9.jpg 1600w\" sizes=\"auto, (max-width: 1024px) 100vw, 1024px\" \/><\/figure>\n\n\n\n<figure class=\"wp-block-image size-large\"><img loading=\"lazy\" decoding=\"async\" width=\"1024\" height=\"576\" data-id=\"5461\" src=\"https:\/\/prensa.sma.gob.ar\/wp-content\/uploads\/2025\/02\/desfile-8-1024x576.jpg\" alt=\"\" class=\"wp-image-5461\" srcset=\"https:\/\/prensa.sma.gob.ar\/wp-content\/uploads\/2025\/02\/desfile-8-1024x576.jpg 1024w, https:\/\/prensa.sma.gob.ar\/wp-content\/uploads\/2025\/02\/desfile-8-300x169.jpg 300w, https:\/\/prensa.sma.gob.ar\/wp-content\/uploads\/2025\/02\/desfile-8-768x432.jpg 768w, https:\/\/prensa.sma.gob.ar\/wp-content\/uploads\/2025\/02\/desfile-8-1536x864.jpg 1536w, https:\/\/prensa.sma.gob.ar\/wp-content\/uploads\/2025\/02\/desfile-8-747x420.jpg 747w, https:\/\/prensa.sma.gob.ar\/wp-content\/uploads\/2025\/02\/desfile-8-696x392.jpg 696w, https:\/\/prensa.sma.gob.ar\/wp-content\/uploads\/2025\/02\/desfile-8-1068x601.jpg 1068w, https:\/\/prensa.sma.gob.ar\/wp-content\/uploads\/2025\/02\/desfile-8.jpg 1600w\" sizes=\"auto, (max-width: 1024px) 100vw, 1024px\" \/><\/figure>\n\n\n\n<figure class=\"wp-block-image size-large\"><img loading=\"lazy\" decoding=\"async\" width=\"1024\" height=\"576\" data-id=\"5460\" src=\"https:\/\/prensa.sma.gob.ar\/wp-content\/uploads\/2025\/02\/desfile-7-1024x576.jpg\" alt=\"\" class=\"wp-image-5460\" srcset=\"https:\/\/prensa.sma.gob.ar\/wp-content\/uploads\/2025\/02\/desfile-7-1024x576.jpg 1024w, https:\/\/prensa.sma.gob.ar\/wp-content\/uploads\/2025\/02\/desfile-7-300x169.jpg 300w, https:\/\/prensa.sma.gob.ar\/wp-content\/uploads\/2025\/02\/desfile-7-768x432.jpg 768w, https:\/\/prensa.sma.gob.ar\/wp-content\/uploads\/2025\/02\/desfile-7-1536x864.jpg 1536w, https:\/\/prensa.sma.gob.ar\/wp-content\/uploads\/2025\/02\/desfile-7-747x420.jpg 747w, https:\/\/prensa.sma.gob.ar\/wp-content\/uploads\/2025\/02\/desfile-7-696x392.jpg 696w, https:\/\/prensa.sma.gob.ar\/wp-content\/uploads\/2025\/02\/desfile-7-1068x601.jpg 1068w, https:\/\/prensa.sma.gob.ar\/wp-content\/uploads\/2025\/02\/desfile-7.jpg 1600w\" sizes=\"auto, (max-width: 1024px) 100vw, 1024px\" \/><\/figure>\n\n\n\n<figure class=\"wp-block-image size-large\"><img loading=\"lazy\" decoding=\"async\" width=\"1024\" height=\"576\" data-id=\"5459\" src=\"https:\/\/prensa.sma.gob.ar\/wp-content\/uploads\/2025\/02\/desfile-6-1024x576.jpg\" alt=\"\" class=\"wp-image-5459\" srcset=\"https:\/\/prensa.sma.gob.ar\/wp-content\/uploads\/2025\/02\/desfile-6-1024x576.jpg 1024w, https:\/\/prensa.sma.gob.ar\/wp-content\/uploads\/2025\/02\/desfile-6-300x169.jpg 300w, https:\/\/prensa.sma.gob.ar\/wp-content\/uploads\/2025\/02\/desfile-6-768x432.jpg 768w, https:\/\/prensa.sma.gob.ar\/wp-content\/uploads\/2025\/02\/desfile-6-1536x864.jpg 1536w, https:\/\/prensa.sma.gob.ar\/wp-content\/uploads\/2025\/02\/desfile-6-747x420.jpg 747w, https:\/\/prensa.sma.gob.ar\/wp-content\/uploads\/2025\/02\/desfile-6-696x392.jpg 696w, https:\/\/prensa.sma.gob.ar\/wp-content\/uploads\/2025\/02\/desfile-6-1068x601.jpg 1068w, https:\/\/prensa.sma.gob.ar\/wp-content\/uploads\/2025\/02\/desfile-6.jpg 1600w\" sizes=\"auto, (max-width: 1024px) 100vw, 1024px\" \/><\/figure>\n\n\n\n<figure class=\"wp-block-image size-large\"><img loading=\"lazy\" decoding=\"async\" width=\"1024\" height=\"576\" data-id=\"5458\" src=\"https:\/\/prensa.sma.gob.ar\/wp-content\/uploads\/2025\/02\/desfile-5-1024x576.jpg\" alt=\"\" class=\"wp-image-5458\" srcset=\"https:\/\/prensa.sma.gob.ar\/wp-content\/uploads\/2025\/02\/desfile-5-1024x576.jpg 1024w, https:\/\/prensa.sma.gob.ar\/wp-content\/uploads\/2025\/02\/desfile-5-300x169.jpg 300w, https:\/\/prensa.sma.gob.ar\/wp-content\/uploads\/2025\/02\/desfile-5-768x432.jpg 768w, https:\/\/prensa.sma.gob.ar\/wp-content\/uploads\/2025\/02\/desfile-5-1536x864.jpg 1536w, https:\/\/prensa.sma.gob.ar\/wp-content\/uploads\/2025\/02\/desfile-5-747x420.jpg 747w, https:\/\/prensa.sma.gob.ar\/wp-content\/uploads\/2025\/02\/desfile-5-696x392.jpg 696w, https:\/\/prensa.sma.gob.ar\/wp-content\/uploads\/2025\/02\/desfile-5-1068x601.jpg 1068w, https:\/\/prensa.sma.gob.ar\/wp-content\/uploads\/2025\/02\/desfile-5.jpg 1600w\" sizes=\"auto, (max-width: 1024px) 100vw, 1024px\" \/><\/figure>\n\n\n\n<figure class=\"wp-block-image size-large\"><img loading=\"lazy\" decoding=\"async\" width=\"1024\" height=\"576\" data-id=\"5457\" src=\"https:\/\/prensa.sma.gob.ar\/wp-content\/uploads\/2025\/02\/desfile-4-1024x576.jpg\" alt=\"\" class=\"wp-image-5457\" srcset=\"https:\/\/prensa.sma.gob.ar\/wp-content\/uploads\/2025\/02\/desfile-4-1024x576.jpg 1024w, https:\/\/prensa.sma.gob.ar\/wp-content\/uploads\/2025\/02\/desfile-4-300x169.jpg 300w, https:\/\/prensa.sma.gob.ar\/wp-content\/uploads\/2025\/02\/desfile-4-768x432.jpg 768w, https:\/\/prensa.sma.gob.ar\/wp-content\/uploads\/2025\/02\/desfile-4-1536x864.jpg 1536w, https:\/\/prensa.sma.gob.ar\/wp-content\/uploads\/2025\/02\/desfile-4-747x420.jpg 747w, https:\/\/prensa.sma.gob.ar\/wp-content\/uploads\/2025\/02\/desfile-4-696x392.jpg 696w, https:\/\/prensa.sma.gob.ar\/wp-content\/uploads\/2025\/02\/desfile-4-1068x601.jpg 1068w, https:\/\/prensa.sma.gob.ar\/wp-content\/uploads\/2025\/02\/desfile-4.jpg 1600w\" sizes=\"auto, (max-width: 1024px) 100vw, 1024px\" \/><\/figure>\n\n\n\n<figure class=\"wp-block-image size-large\"><img loading=\"lazy\" decoding=\"async\" width=\"1024\" height=\"576\" data-id=\"5456\" src=\"https:\/\/prensa.sma.gob.ar\/wp-content\/uploads\/2025\/02\/desfile-3-1024x576.jpg\" alt=\"\" class=\"wp-image-5456\" srcset=\"https:\/\/prensa.sma.gob.ar\/wp-content\/uploads\/2025\/02\/desfile-3-1024x576.jpg 1024w, https:\/\/prensa.sma.gob.ar\/wp-content\/uploads\/2025\/02\/desfile-3-300x169.jpg 300w, https:\/\/prensa.sma.gob.ar\/wp-content\/uploads\/2025\/02\/desfile-3-768x432.jpg 768w, https:\/\/prensa.sma.gob.ar\/wp-content\/uploads\/2025\/02\/desfile-3-1536x864.jpg 1536w, https:\/\/prensa.sma.gob.ar\/wp-content\/uploads\/2025\/02\/desfile-3-747x420.jpg 747w, https:\/\/prensa.sma.gob.ar\/wp-content\/uploads\/2025\/02\/desfile-3-696x392.jpg 696w, https:\/\/prensa.sma.gob.ar\/wp-content\/uploads\/2025\/02\/desfile-3-1068x601.jpg 1068w, https:\/\/prensa.sma.gob.ar\/wp-content\/uploads\/2025\/02\/desfile-3.jpg 1600w\" sizes=\"auto, (max-width: 1024px) 100vw, 1024px\" \/><\/figure>\n\n\n\n<figure class=\"wp-block-image size-large\"><img loading=\"lazy\" decoding=\"async\" width=\"1024\" height=\"576\" data-id=\"5455\" src=\"https:\/\/prensa.sma.gob.ar\/wp-content\/uploads\/2025\/02\/desfile-2-1024x576.jpg\" alt=\"\" class=\"wp-image-5455\" srcset=\"https:\/\/prensa.sma.gob.ar\/wp-content\/uploads\/2025\/02\/desfile-2-1024x576.jpg 1024w, https:\/\/prensa.sma.gob.ar\/wp-content\/uploads\/2025\/02\/desfile-2-300x169.jpg 300w, https:\/\/prensa.sma.gob.ar\/wp-content\/uploads\/2025\/02\/desfile-2-768x432.jpg 768w, https:\/\/prensa.sma.gob.ar\/wp-content\/uploads\/2025\/02\/desfile-2-1536x864.jpg 1536w, https:\/\/prensa.sma.gob.ar\/wp-content\/uploads\/2025\/02\/desfile-2-747x420.jpg 747w, https:\/\/prensa.sma.gob.ar\/wp-content\/uploads\/2025\/02\/desfile-2-696x392.jpg 696w, https:\/\/prensa.sma.gob.ar\/wp-content\/uploads\/2025\/02\/desfile-2-1068x601.jpg 1068w, https:\/\/prensa.sma.gob.ar\/wp-content\/uploads\/2025\/02\/desfile-2.jpg 1600w\" sizes=\"auto, (max-width: 1024px) 100vw, 1024px\" \/><\/figure>\n\n\n\n<figure class=\"wp-block-image size-large\"><img loading=\"lazy\" decoding=\"async\" width=\"1024\" height=\"576\" data-id=\"5454\" src=\"https:\/\/prensa.sma.gob.ar\/wp-content\/uploads\/2025\/02\/desfile-1-1024x576.jpg\" alt=\"\" class=\"wp-image-5454\" srcset=\"https:\/\/prensa.sma.gob.ar\/wp-content\/uploads\/2025\/02\/desfile-1-1024x576.jpg 1024w, https:\/\/prensa.sma.gob.ar\/wp-content\/uploads\/2025\/02\/desfile-1-300x169.jpg 300w, https:\/\/prensa.sma.gob.ar\/wp-content\/uploads\/2025\/02\/desfile-1-768x432.jpg 768w, https:\/\/prensa.sma.gob.ar\/wp-content\/uploads\/2025\/02\/desfile-1-1536x864.jpg 1536w, https:\/\/prensa.sma.gob.ar\/wp-content\/uploads\/2025\/02\/desfile-1-747x420.jpg 747w, https:\/\/prensa.sma.gob.ar\/wp-content\/uploads\/2025\/02\/desfile-1-696x392.jpg 696w, https:\/\/prensa.sma.gob.ar\/wp-content\/uploads\/2025\/02\/desfile-1-1068x601.jpg 1068w, https:\/\/prensa.sma.gob.ar\/wp-content\/uploads\/2025\/02\/desfile-1.jpg 1600w\" sizes=\"auto, (max-width: 1024px) 100vw, 1024px\" \/><\/figure>\n<\/figure>\n","protected":false},"excerpt":{"rendered":"<p>Organizaciones de nuestra comunidad, instituciones, fuerzas armadas y de seguridad, escuelas, agrupaciones gauchas, vecinas y vecinos y veteranos de la Guerra de Malvinas fueron parte del desfile c\u00edvico-militar que coron\u00f3 el aniversario 127 de nuestra ciudad. Tambi\u00e9n participaron escuelas y talleres de arte y deportes, colonias municipales, clubes sociales y deportivos, instituciones de adultos mayores [&hellip;]<\/p>\n","protected":false},"author":2,"featured_media":5504,"comment_status":"closed","ping_status":"open","sticky":false,"template":"","format":"standard","meta":{"footnotes":""},"categories":[16,14,17],"tags":[],"class_list":{"0":"post-5440","1":"post","2":"type-post","3":"status-publish","4":"format-standard","5":"has-post-thumbnail","7":"category-destacadas","8":"category-noticias","9":"category-portada"},"_links":{"self":[{"href":"https:\/\/prensa.sma.gob.ar\/index.php?rest_route=\/wp\/v2\/posts\/5440","targetHints":{"allow":["GET"]}}],"collection":[{"href":"https:\/\/prensa.sma.gob.ar\/index.php?rest_route=\/wp\/v2\/posts"}],"about":[{"href":"https:\/\/prensa.sma.gob.ar\/index.php?rest_route=\/wp\/v2\/types\/post"}],"author":[{"embeddable":true,"href":"https:\/\/prensa.sma.gob.ar\/index.php?rest_route=\/wp\/v2\/users\/2"}],"replies":[{"embeddable":true,"href":"https:\/\/prensa.sma.gob.ar\/index.php?rest_route=%2Fwp%2Fv2%2Fcomments&post=5440"}],"version-history":[{"count":2,"href":"https:\/\/prensa.sma.gob.ar\/index.php?rest_route=\/wp\/v2\/posts\/5440\/revisions"}],"predecessor-version":[{"id":5505,"href":"https:\/\/prensa.sma.gob.ar\/index.php?rest_route=\/wp\/v2\/posts\/5440\/revisions\/5505"}],"wp:featuredmedia":[{"embeddable":true,"href":"https:\/\/prensa.sma.gob.ar\/index.php?rest_route=\/wp\/v2\/media\/5504"}],"wp:attachment":[{"href":"https:\/\/prensa.sma.gob.ar\/index.php?rest_route=%2Fwp%2Fv2%2Fmedia&parent=5440"}],"wp:term":[{"taxonomy":"category","embeddable":true,"href":"https:\/\/prensa.sma.gob.ar\/index.php?rest_route=%2Fwp%2Fv2%2Fcategories&post=5440"},{"taxonomy":"post_tag","embeddable":true,"href":"https:\/\/prensa.sma.gob.ar\/index.php?rest_route=%2Fwp%2Fv2%2Ftags&post=5440"}],"curies":[{"name":"wp","href":"https:\/\/api.w.org\/{rel}","templated":true}]}}