{"id":5446,"date":"2025-02-06T22:37:19","date_gmt":"2025-02-06T22:37:19","guid":{"rendered":"https:\/\/prensa.sma.gob.ar\/?p=5446"},"modified":"2025-02-06T22:37:20","modified_gmt":"2025-02-06T22:37:20","slug":"el-taller-de-lengua-de-senas-tambien-estuvo-presente-en-el-aniversario-de-nuestra-ciudad","status":"publish","type":"post","link":"https:\/\/prensa.sma.gob.ar\/?p=5446","title":{"rendered":"El taller de Lengua de Se\u00f1as tambi\u00e9n estuvo presente en el aniversario de nuestra ciudad"},"content":{"rendered":"\n<p>Otra de las presencias destacadas en el desfile c\u00edvico militar del 127\u00b0 aniversario de San Mart\u00edn de los Andes fue la de los alumnos egresados del taller de Lengua de Se\u00f1as, que interpret\u00f3 el Himno Nacional Argentino.<\/p>\n\n\n\n<p>Esta actividad es impulsada por la delegaci\u00f3n local, seccional Bariloche, de la Uni\u00f3n de Trabajadores Hoteleros Gastron\u00f3micos de la Rep\u00fablica Argentina (UTHGRA), a cargo de Sandra Gonz\u00e1lez, y fue declarada de Inter\u00e9s Municipal por el Concejo Deliberante de nuestra ciudad.<\/p>\n\n\n\n<p>El taller tuvo una duraci\u00f3n de 3 meses y fue dictado por Mercedes Fabiana Gaikowsky, referente e instructora sorda avalada por la Confederaci\u00f3n Argentina de Sordos (CAS), acompa\u00f1ada por la interprete en Lengua de Se\u00f1as, recibida en la universidad Comahue, Celeste Rivero.<\/p>\n\n\n\n<p>Se trata del primer taller de estas caracter\u00edsticas impulsado por un gremio, con la finalidad de visibilizar la Comunidad Sorda de Neuqu\u00e9n, as\u00ed como tambi\u00e9n en otros lugares y \u00e1mbitos, para romper las barreras que impone la sociedad, pensando en los ciudadanos de nuestra localidad y tambi\u00e9n para recibir a quienes nos visitan.<\/p>\n\n\n\n<p>\u00a1Gracias al taller de Lengua de Se\u00f1as por ser parte de la celebraci\u00f3n m\u00e1s importante de nuestra ciudad!<\/p>\n\n\n\n<figure class=\"wp-block-gallery has-nested-images columns-default is-cropped wp-block-gallery-1 is-layout-flex wp-block-gallery-is-layout-flex\">\n<figure class=\"wp-block-image size-large\"><img loading=\"lazy\" decoding=\"async\" width=\"1024\" height=\"576\" data-id=\"5449\" src=\"https:\/\/prensa.sma.gob.ar\/wp-content\/uploads\/2025\/02\/LENGUAJE-3-1024x576.jpg\" alt=\"\" class=\"wp-image-5449\" srcset=\"https:\/\/prensa.sma.gob.ar\/wp-content\/uploads\/2025\/02\/LENGUAJE-3-1024x576.jpg 1024w, https:\/\/prensa.sma.gob.ar\/wp-content\/uploads\/2025\/02\/LENGUAJE-3-300x169.jpg 300w, https:\/\/prensa.sma.gob.ar\/wp-content\/uploads\/2025\/02\/LENGUAJE-3-768x432.jpg 768w, https:\/\/prensa.sma.gob.ar\/wp-content\/uploads\/2025\/02\/LENGUAJE-3-1536x864.jpg 1536w, https:\/\/prensa.sma.gob.ar\/wp-content\/uploads\/2025\/02\/LENGUAJE-3-747x420.jpg 747w, https:\/\/prensa.sma.gob.ar\/wp-content\/uploads\/2025\/02\/LENGUAJE-3-696x392.jpg 696w, https:\/\/prensa.sma.gob.ar\/wp-content\/uploads\/2025\/02\/LENGUAJE-3-1068x601.jpg 1068w, https:\/\/prensa.sma.gob.ar\/wp-content\/uploads\/2025\/02\/LENGUAJE-3.jpg 1600w\" sizes=\"auto, (max-width: 1024px) 100vw, 1024px\" \/><\/figure>\n\n\n\n<figure class=\"wp-block-image size-large\"><img loading=\"lazy\" decoding=\"async\" width=\"1024\" height=\"680\" data-id=\"5447\" src=\"https:\/\/prensa.sma.gob.ar\/wp-content\/uploads\/2025\/02\/LENGUAJE-1-1024x680.jpg\" alt=\"\" class=\"wp-image-5447\" srcset=\"https:\/\/prensa.sma.gob.ar\/wp-content\/uploads\/2025\/02\/LENGUAJE-1-1024x680.jpg 1024w, https:\/\/prensa.sma.gob.ar\/wp-content\/uploads\/2025\/02\/LENGUAJE-1-300x199.jpg 300w, https:\/\/prensa.sma.gob.ar\/wp-content\/uploads\/2025\/02\/LENGUAJE-1-768x510.jpg 768w, https:\/\/prensa.sma.gob.ar\/wp-content\/uploads\/2025\/02\/LENGUAJE-1-1536x1020.jpg 1536w, https:\/\/prensa.sma.gob.ar\/wp-content\/uploads\/2025\/02\/LENGUAJE-1-632x420.jpg 632w, https:\/\/prensa.sma.gob.ar\/wp-content\/uploads\/2025\/02\/LENGUAJE-1-696x462.jpg 696w, https:\/\/prensa.sma.gob.ar\/wp-content\/uploads\/2025\/02\/LENGUAJE-1-1068x710.jpg 1068w, https:\/\/prensa.sma.gob.ar\/wp-content\/uploads\/2025\/02\/LENGUAJE-1.jpg 1600w\" sizes=\"auto, (max-width: 1024px) 100vw, 1024px\" \/><\/figure>\n<\/figure>\n","protected":false},"excerpt":{"rendered":"<p>Otra de las presencias destacadas en el desfile c\u00edvico militar del 127\u00b0 aniversario de San Mart\u00edn de los Andes fue la de los alumnos egresados del taller de Lengua de Se\u00f1as, que interpret\u00f3 el Himno Nacional Argentino. Esta actividad es impulsada por la delegaci\u00f3n local, seccional Bariloche, de la Uni\u00f3n de Trabajadores Hoteleros Gastron\u00f3micos de [&hellip;]<\/p>\n","protected":false},"author":2,"featured_media":5448,"comment_status":"closed","ping_status":"open","sticky":false,"template":"","format":"standard","meta":{"footnotes":""},"categories":[16,2,14,17],"tags":[],"class_list":{"0":"post-5446","1":"post","2":"type-post","3":"status-publish","4":"format-standard","5":"has-post-thumbnail","7":"category-destacadas","8":"category-discapacidad","9":"category-noticias","10":"category-portada"},"_links":{"self":[{"href":"https:\/\/prensa.sma.gob.ar\/index.php?rest_route=\/wp\/v2\/posts\/5446","targetHints":{"allow":["GET"]}}],"collection":[{"href":"https:\/\/prensa.sma.gob.ar\/index.php?rest_route=\/wp\/v2\/posts"}],"about":[{"href":"https:\/\/prensa.sma.gob.ar\/index.php?rest_route=\/wp\/v2\/types\/post"}],"author":[{"embeddable":true,"href":"https:\/\/prensa.sma.gob.ar\/index.php?rest_route=\/wp\/v2\/users\/2"}],"replies":[{"embeddable":true,"href":"https:\/\/prensa.sma.gob.ar\/index.php?rest_route=%2Fwp%2Fv2%2Fcomments&post=5446"}],"version-history":[{"count":1,"href":"https:\/\/prensa.sma.gob.ar\/index.php?rest_route=\/wp\/v2\/posts\/5446\/revisions"}],"predecessor-version":[{"id":5450,"href":"https:\/\/prensa.sma.gob.ar\/index.php?rest_route=\/wp\/v2\/posts\/5446\/revisions\/5450"}],"wp:featuredmedia":[{"embeddable":true,"href":"https:\/\/prensa.sma.gob.ar\/index.php?rest_route=\/wp\/v2\/media\/5448"}],"wp:attachment":[{"href":"https:\/\/prensa.sma.gob.ar\/index.php?rest_route=%2Fwp%2Fv2%2Fmedia&parent=5446"}],"wp:term":[{"taxonomy":"category","embeddable":true,"href":"https:\/\/prensa.sma.gob.ar\/index.php?rest_route=%2Fwp%2Fv2%2Fcategories&post=5446"},{"taxonomy":"post_tag","embeddable":true,"href":"https:\/\/prensa.sma.gob.ar\/index.php?rest_route=%2Fwp%2Fv2%2Ftags&post=5446"}],"curies":[{"name":"wp","href":"https:\/\/api.w.org\/{rel}","templated":true}]}}