{"id":5451,"date":"2025-02-06T22:41:51","date_gmt":"2025-02-06T22:41:51","guid":{"rendered":"https:\/\/prensa.sma.gob.ar\/?p=5451"},"modified":"2025-02-06T22:41:52","modified_gmt":"2025-02-06T22:41:52","slug":"las-cintas-anaranjadas-presentes-en-el-aniversario-de-san-martin-de-los-andes","status":"publish","type":"post","link":"https:\/\/prensa.sma.gob.ar\/?p=5451","title":{"rendered":"Las cintas anaranjadas, presentes en el aniversario de San Mart\u00edn de los Andes"},"content":{"rendered":"\n<p>Autoridades provinciales y municipales y miembros de nuestra comunidad que participaron del desfile c\u00edvico-militar por los 127 a\u00f1os de San Mart\u00edn de los Andes portaron este martes cintas anaranjadas. El detalle no pas\u00f3 desapercibido y los asistentes que aceptaron portarlas, r\u00e1pidamente se sumaron a la campa\u00f1a de prevenci\u00f3n del suicidio.<\/p>\n\n\n\n<p>La docente Marina Ruiz D\u00edaz, madre y sobreviviente, estuvo en la avenida San Mart\u00edn, a pocos metros del palco oficial, junto con Vecinos Autoconvocados por la prevenci\u00f3n del suicidio, una organizaci\u00f3n no gubernamental que realiza diferentes actividades con el objetivo de que nunca m\u00e1s una persona se quite la vida.<\/p>\n\n\n\n<p>Luego de perder a su hija, Marina se capacit\u00f3 con la red de Jun\u00edn. A partir de all\u00ed, entendi\u00f3 que se necesitaban interventores comunitarios en esta tem\u00e1tica y viaj\u00f3 a Villa La Angostura a realizar la formaci\u00f3n de interventores, como estrategia para abrir el camino a la llegada a San Mart\u00edn de los Andes de la Fundaci\u00f3n Manos Unidas por la Paz y que, a su vez, pueda formar interventores sanmartinenses<\/p>\n\n\n\n<p>En 2014, San Mart\u00edn de los Andes fue declarado Municipio en Lucha por la aplicaci\u00f3n de la Ley Nacional 27130 y de la Ley Provincial 3089, que adhiere a esa normativa. La Ley Nacional de Prevenci\u00f3n del Suicidio, que declara de inter\u00e9s nacional en todo el territorio la atenci\u00f3n biopsicosocial, la investigaci\u00f3n cient\u00edfica y epidemiol\u00f3gica, la capacitaci\u00f3n profesional en la detecci\u00f3n y atenci\u00f3n de las personas en riesgo de suicidio y la asistencia a las familias de v\u00edctimas del suicidio.<\/p>\n\n\n\n<p>En este aniversario del pueblo, las cintas s\u00edmbolo de la prevenci\u00f3n del suicidio fueron portadas por muchas personas que asistieron como espectadores al desfile y por quienes estuvieron en el palco, incluyendo a los invitados especiales; desde el gobernador, Rolando Figueroa, hasta el intendente, Carlos Saloniti, y el secretario de Transporte de la Naci\u00f3n, Franco Mogetta; y los funcionarios que los acompa\u00f1aron. Marina y las vecinas y vecinos que la acompa\u00f1an dieron otro paso en gran desaf\u00edo.<\/p>\n","protected":false},"excerpt":{"rendered":"<p>Autoridades provinciales y municipales y miembros de nuestra comunidad que participaron del desfile c\u00edvico-militar por los 127 a\u00f1os de San Mart\u00edn de los Andes portaron este martes cintas anaranjadas. El detalle no pas\u00f3 desapercibido y los asistentes que aceptaron portarlas, r\u00e1pidamente se sumaron a la campa\u00f1a de prevenci\u00f3n del suicidio. La docente Marina Ruiz D\u00edaz, [&hellip;]<\/p>\n","protected":false},"author":2,"featured_media":5452,"comment_status":"closed","ping_status":"open","sticky":false,"template":"","format":"standard","meta":{"footnotes":""},"categories":[16,14,17],"tags":[],"class_list":{"0":"post-5451","1":"post","2":"type-post","3":"status-publish","4":"format-standard","5":"has-post-thumbnail","7":"category-destacadas","8":"category-noticias","9":"category-portada"},"_links":{"self":[{"href":"https:\/\/prensa.sma.gob.ar\/index.php?rest_route=\/wp\/v2\/posts\/5451","targetHints":{"allow":["GET"]}}],"collection":[{"href":"https:\/\/prensa.sma.gob.ar\/index.php?rest_route=\/wp\/v2\/posts"}],"about":[{"href":"https:\/\/prensa.sma.gob.ar\/index.php?rest_route=\/wp\/v2\/types\/post"}],"author":[{"embeddable":true,"href":"https:\/\/prensa.sma.gob.ar\/index.php?rest_route=\/wp\/v2\/users\/2"}],"replies":[{"embeddable":true,"href":"https:\/\/prensa.sma.gob.ar\/index.php?rest_route=%2Fwp%2Fv2%2Fcomments&post=5451"}],"version-history":[{"count":1,"href":"https:\/\/prensa.sma.gob.ar\/index.php?rest_route=\/wp\/v2\/posts\/5451\/revisions"}],"predecessor-version":[{"id":5453,"href":"https:\/\/prensa.sma.gob.ar\/index.php?rest_route=\/wp\/v2\/posts\/5451\/revisions\/5453"}],"wp:featuredmedia":[{"embeddable":true,"href":"https:\/\/prensa.sma.gob.ar\/index.php?rest_route=\/wp\/v2\/media\/5452"}],"wp:attachment":[{"href":"https:\/\/prensa.sma.gob.ar\/index.php?rest_route=%2Fwp%2Fv2%2Fmedia&parent=5451"}],"wp:term":[{"taxonomy":"category","embeddable":true,"href":"https:\/\/prensa.sma.gob.ar\/index.php?rest_route=%2Fwp%2Fv2%2Fcategories&post=5451"},{"taxonomy":"post_tag","embeddable":true,"href":"https:\/\/prensa.sma.gob.ar\/index.php?rest_route=%2Fwp%2Fv2%2Ftags&post=5451"}],"curies":[{"name":"wp","href":"https:\/\/api.w.org\/{rel}","templated":true}]}}