{"id":5506,"date":"2025-02-06T22:13:32","date_gmt":"2025-02-06T22:13:32","guid":{"rendered":"https:\/\/prensa.sma.gob.ar\/?p=5506"},"modified":"2025-02-07T02:28:06","modified_gmt":"2025-02-07T02:28:06","slug":"principales-obras-anunciadas-este-4-de-febrero-para-san-martin-de-los-andes","status":"publish","type":"post","link":"https:\/\/prensa.sma.gob.ar\/?p=5506","title":{"rendered":"Principales obras anunciadas este 4 de febrero para San Mart\u00edn de los Andes"},"content":{"rendered":"\n<p>Durante los actos oficiales por el aniversario de San Mart\u00edn de los Andes se realizaron licitaciones, adjudicaciones, anuncios, firmas de convenios y la inauguraci\u00f3n de la escuela N\u00ba 48 de Lago Hermoso.<\/p>\n\n\n\n<p>Pavimentaci\u00f3n de la Ruta Provincial N\u00ba 63. Se presentaron diez empresas para pavimentar el tramo de 19 kil\u00f3metros que va desde el empalme con la ruta nacional N\u00ba 40 hasta Villa Meliquina.<\/p>\n\n\n\n<p>Licitaci\u00f3n de la Escuela Integral de Adolescentes y J\u00f3venes con Discapacidad N\u00b0 3. Se realiz\u00f3 la apertura de sobres para la construcci\u00f3n del edificio, obra para la cual se presentaron dos empresas.<\/p>\n\n\n\n<p>Construcci\u00f3n del CPEM 96. Se firm\u00f3 el contrato de adjudicaci\u00f3n de la obra a la empresa ganadora de la licitaci\u00f3n para el edificio de la nueva escuela que se construir\u00e1 en Cordones del Chapelco.<\/p>\n\n\n\n<p>Convenios: se firmaron convenios para ampliaciones y refacciones del CPEM N\u00ba 13 y la Escuela N\u00ba 33 de Quila Quina. En el caso de CPEM 13, se ejecutar\u00e1n obras de ampliaci\u00f3n para sumar dos aulas, sanitarios, dep\u00f3sito y cambio de ventanas el edificio principal en 236 metros cuadrados.<\/p>\n\n\n\n<p>En la Escuela Primaria 33 de Quila Quina se realizar\u00e1 la ampliaci\u00f3n de la cocina, dep\u00f3sitos, cambio de calefactores, nueva instalaci\u00f3n de agua y gas y refacciones varias.<\/p>\n\n\n\n<p>Tambi\u00e9n se firmaron convenios mediante el cual la Agencia de Desarrollo Urbano Sustentable (ADUS) financiar\u00e1 la instalaci\u00f3n de la red de agua, red el\u00e9ctrica, iluminaci\u00f3n p\u00fablica y otras mejoras necesarias para los 64 lotes que conforman el loteo El Tr\u00e9bol.<\/p>\n\n\n\n<p>La Subsecretar\u00eda del Consejo de Planificaci\u00f3n y Acci\u00f3n para el Desarrollo (COPADE) firm\u00f3 con el Municipio un convenio de cooperaci\u00f3n t\u00e9cnica y financiera para la elaboraci\u00f3n del Plan de Ordenamiento Territorial y Plan de Desarrollo Econ\u00f3mico de San Mart\u00edn de Los Andes. El COPADE, a trav\u00e9s del Consejo Federal de Inversiones (CFI), gestionar\u00e1 la contrataci\u00f3n del equipo consultor.<\/p>\n\n\n\n<figure class=\"wp-block-gallery has-nested-images columns-default is-cropped wp-block-gallery-1 is-layout-flex wp-block-gallery-is-layout-flex\">\n<figure class=\"wp-block-image size-large\"><img loading=\"lazy\" decoding=\"async\" width=\"1024\" height=\"605\" data-id=\"5510\" src=\"https:\/\/prensa.sma.gob.ar\/wp-content\/uploads\/2025\/02\/ACTOS-4-1024x605.jpg\" alt=\"\" class=\"wp-image-5510\" srcset=\"https:\/\/prensa.sma.gob.ar\/wp-content\/uploads\/2025\/02\/ACTOS-4-1024x605.jpg 1024w, https:\/\/prensa.sma.gob.ar\/wp-content\/uploads\/2025\/02\/ACTOS-4-300x177.jpg 300w, https:\/\/prensa.sma.gob.ar\/wp-content\/uploads\/2025\/02\/ACTOS-4-768x454.jpg 768w, https:\/\/prensa.sma.gob.ar\/wp-content\/uploads\/2025\/02\/ACTOS-4-1536x907.jpg 1536w, https:\/\/prensa.sma.gob.ar\/wp-content\/uploads\/2025\/02\/ACTOS-4-711x420.jpg 711w, https:\/\/prensa.sma.gob.ar\/wp-content\/uploads\/2025\/02\/ACTOS-4-696x411.jpg 696w, https:\/\/prensa.sma.gob.ar\/wp-content\/uploads\/2025\/02\/ACTOS-4-1068x631.jpg 1068w, https:\/\/prensa.sma.gob.ar\/wp-content\/uploads\/2025\/02\/ACTOS-4.jpg 1600w\" sizes=\"auto, (max-width: 1024px) 100vw, 1024px\" \/><\/figure>\n\n\n\n<figure class=\"wp-block-image size-large\"><img loading=\"lazy\" decoding=\"async\" width=\"1024\" height=\"655\" data-id=\"5509\" src=\"https:\/\/prensa.sma.gob.ar\/wp-content\/uploads\/2025\/02\/ACTOS-3-1024x655.jpg\" alt=\"\" class=\"wp-image-5509\" srcset=\"https:\/\/prensa.sma.gob.ar\/wp-content\/uploads\/2025\/02\/ACTOS-3-1024x655.jpg 1024w, https:\/\/prensa.sma.gob.ar\/wp-content\/uploads\/2025\/02\/ACTOS-3-300x192.jpg 300w, https:\/\/prensa.sma.gob.ar\/wp-content\/uploads\/2025\/02\/ACTOS-3-768x491.jpg 768w, https:\/\/prensa.sma.gob.ar\/wp-content\/uploads\/2025\/02\/ACTOS-3-1536x982.jpg 1536w, https:\/\/prensa.sma.gob.ar\/wp-content\/uploads\/2025\/02\/ACTOS-3-657x420.jpg 657w, https:\/\/prensa.sma.gob.ar\/wp-content\/uploads\/2025\/02\/ACTOS-3-696x445.jpg 696w, https:\/\/prensa.sma.gob.ar\/wp-content\/uploads\/2025\/02\/ACTOS-3-1068x683.jpg 1068w, https:\/\/prensa.sma.gob.ar\/wp-content\/uploads\/2025\/02\/ACTOS-3.jpg 1600w\" sizes=\"auto, (max-width: 1024px) 100vw, 1024px\" \/><\/figure>\n\n\n\n<figure class=\"wp-block-image size-large\"><img loading=\"lazy\" decoding=\"async\" width=\"1024\" height=\"614\" data-id=\"5508\" src=\"https:\/\/prensa.sma.gob.ar\/wp-content\/uploads\/2025\/02\/ACTOS-2-1024x614.jpg\" alt=\"\" class=\"wp-image-5508\" srcset=\"https:\/\/prensa.sma.gob.ar\/wp-content\/uploads\/2025\/02\/ACTOS-2-1024x614.jpg 1024w, https:\/\/prensa.sma.gob.ar\/wp-content\/uploads\/2025\/02\/ACTOS-2-300x180.jpg 300w, https:\/\/prensa.sma.gob.ar\/wp-content\/uploads\/2025\/02\/ACTOS-2-768x460.jpg 768w, https:\/\/prensa.sma.gob.ar\/wp-content\/uploads\/2025\/02\/ACTOS-2-1536x921.jpg 1536w, https:\/\/prensa.sma.gob.ar\/wp-content\/uploads\/2025\/02\/ACTOS-2-701x420.jpg 701w, https:\/\/prensa.sma.gob.ar\/wp-content\/uploads\/2025\/02\/ACTOS-2-696x417.jpg 696w, https:\/\/prensa.sma.gob.ar\/wp-content\/uploads\/2025\/02\/ACTOS-2-1068x640.jpg 1068w, https:\/\/prensa.sma.gob.ar\/wp-content\/uploads\/2025\/02\/ACTOS-2.jpg 1600w\" sizes=\"auto, (max-width: 1024px) 100vw, 1024px\" \/><\/figure>\n<\/figure>\n","protected":false},"excerpt":{"rendered":"<p>Durante los actos oficiales por el aniversario de San Mart\u00edn de los Andes se realizaron licitaciones, adjudicaciones, anuncios, firmas de convenios y la inauguraci\u00f3n de la escuela N\u00ba 48 de Lago Hermoso. Pavimentaci\u00f3n de la Ruta Provincial N\u00ba 63. Se presentaron diez empresas para pavimentar el tramo de 19 kil\u00f3metros que va desde el empalme [&hellip;]<\/p>\n","protected":false},"author":2,"featured_media":5507,"comment_status":"closed","ping_status":"open","sticky":false,"template":"","format":"standard","meta":{"footnotes":""},"categories":[16,14,17],"tags":[],"class_list":{"0":"post-5506","1":"post","2":"type-post","3":"status-publish","4":"format-standard","5":"has-post-thumbnail","7":"category-destacadas","8":"category-noticias","9":"category-portada"},"_links":{"self":[{"href":"https:\/\/prensa.sma.gob.ar\/index.php?rest_route=\/wp\/v2\/posts\/5506","targetHints":{"allow":["GET"]}}],"collection":[{"href":"https:\/\/prensa.sma.gob.ar\/index.php?rest_route=\/wp\/v2\/posts"}],"about":[{"href":"https:\/\/prensa.sma.gob.ar\/index.php?rest_route=\/wp\/v2\/types\/post"}],"author":[{"embeddable":true,"href":"https:\/\/prensa.sma.gob.ar\/index.php?rest_route=\/wp\/v2\/users\/2"}],"replies":[{"embeddable":true,"href":"https:\/\/prensa.sma.gob.ar\/index.php?rest_route=%2Fwp%2Fv2%2Fcomments&post=5506"}],"version-history":[{"count":1,"href":"https:\/\/prensa.sma.gob.ar\/index.php?rest_route=\/wp\/v2\/posts\/5506\/revisions"}],"predecessor-version":[{"id":5511,"href":"https:\/\/prensa.sma.gob.ar\/index.php?rest_route=\/wp\/v2\/posts\/5506\/revisions\/5511"}],"wp:featuredmedia":[{"embeddable":true,"href":"https:\/\/prensa.sma.gob.ar\/index.php?rest_route=\/wp\/v2\/media\/5507"}],"wp:attachment":[{"href":"https:\/\/prensa.sma.gob.ar\/index.php?rest_route=%2Fwp%2Fv2%2Fmedia&parent=5506"}],"wp:term":[{"taxonomy":"category","embeddable":true,"href":"https:\/\/prensa.sma.gob.ar\/index.php?rest_route=%2Fwp%2Fv2%2Fcategories&post=5506"},{"taxonomy":"post_tag","embeddable":true,"href":"https:\/\/prensa.sma.gob.ar\/index.php?rest_route=%2Fwp%2Fv2%2Ftags&post=5506"}],"curies":[{"name":"wp","href":"https:\/\/api.w.org\/{rel}","templated":true}]}}