{"id":5512,"date":"2025-02-07T03:32:36","date_gmt":"2025-02-07T03:32:36","guid":{"rendered":"https:\/\/prensa.sma.gob.ar\/?p=5512"},"modified":"2025-02-07T03:32:37","modified_gmt":"2025-02-07T03:32:37","slug":"nueva-reunion-del-intendente-saloniti-con-el-consejo-de-juntas-vecinales","status":"publish","type":"post","link":"https:\/\/prensa.sma.gob.ar\/?p=5512","title":{"rendered":"Nueva reuni\u00f3n del intendente Saloniti con el Consejo de Juntas Vecinales"},"content":{"rendered":"\n<p>El plan de pavimentaci\u00f3n de calles para este a\u00f1o, las obras de la Provincia en nuestra ciudad y el mejoramiento de los canales de informaci\u00f3n con las comisiones barriales fueron algunos de los numerosos temas analizados durante la reuni\u00f3n del intendente Carlos Saloniti con el Grupo Coordinador del Consejo de Juntas Vecinales.<\/p>\n\n\n\n<p>El jefe comunal ratific\u00f3 que \u201cvamos a mantener reuniones como estas una vez al mes, m\u00e1s all\u00e1 del trabajo que realiza en lo cotidiano la Subsecretar\u00eda de Juntas Vecinales\u201d y reafirm\u00f3 que \u201cel Consejo de Juntas Vecinales tiene un rol determinante en el nexo con la comunidad\u201d.<\/p>\n\n\n\n<p>Adem\u00e1s, detall\u00f3 que, una vez que finalice la pavimentaci\u00f3n de Av. Los Lagos, las cuadrillas se trasladar\u00e1n a la calle Los Pinos, en El Arenal; y a Chacra 4, para pavimentar el circuito paralelo a Ruta Nacional 40 que conforman las calles Tromen (desde la rotonda de la ex Caminera), Las Coloradas, Pil Pil y Las Lajas, hasta la Ruta Provincial 62. &nbsp;Luego de eso -anunci\u00f3- se definir\u00e1n los pr\u00f3ximos pasos en reuniones con el Consejo de Juntas Vecinales, como \u00f3rgano leg\u00edtimo de representaci\u00f3n de las comisiones barriales.<\/p>\n\n\n\n<p>Durante la reuni\u00f3n, realizada este jueves en el edificio municipal de El Arenal, el Grupo Coordinador, que asumi\u00f3 sus funciones por el t\u00e9rmino de un a\u00f1o el 29 de junio pasado, plante\u00f3 una serie de temas vinculados con las necesidades de los barrios, que fueron tomados por el jefe comunal.<\/p>\n\n\n\n<p>Adem\u00e1s, el Grupo entreg\u00f3 al intendente una nota en la que detalla las actividades institucionales -reuniones y plenarios- adem\u00e1s de informar qui\u00e9nes integran las comisiones y subcomisiones constituidas.<\/p>\n\n\n\n<p>Luego del encuentro, Saloniti calific\u00f3 a la reuni\u00f3n como \u201cconstructiva, como siempre\u201d y ratific\u00f3 \u201cel compromiso del Municipio de que el puente para llevar adelante las necesidades de los vecinos es la Junta Vecinal y a trav\u00e9s del Consejo de Juntas Vecinales y ese ser\u00e1 nuestro norte para trabajar este a\u00f1o\u201d.<\/p>\n\n\n\n<figure class=\"wp-block-gallery has-nested-images columns-default is-cropped wp-block-gallery-1 is-layout-flex wp-block-gallery-is-layout-flex\">\n<figure class=\"wp-block-image size-large\"><img loading=\"lazy\" decoding=\"async\" width=\"1024\" height=\"576\" data-id=\"5516\" src=\"https:\/\/prensa.sma.gob.ar\/wp-content\/uploads\/2025\/02\/WhatsApp-Image-2025-02-06-at-10.59.38-1024x576.jpeg\" alt=\"\" class=\"wp-image-5516\" srcset=\"https:\/\/prensa.sma.gob.ar\/wp-content\/uploads\/2025\/02\/WhatsApp-Image-2025-02-06-at-10.59.38-1024x576.jpeg 1024w, https:\/\/prensa.sma.gob.ar\/wp-content\/uploads\/2025\/02\/WhatsApp-Image-2025-02-06-at-10.59.38-300x169.jpeg 300w, https:\/\/prensa.sma.gob.ar\/wp-content\/uploads\/2025\/02\/WhatsApp-Image-2025-02-06-at-10.59.38-768x432.jpeg 768w, https:\/\/prensa.sma.gob.ar\/wp-content\/uploads\/2025\/02\/WhatsApp-Image-2025-02-06-at-10.59.38-1536x864.jpeg 1536w, https:\/\/prensa.sma.gob.ar\/wp-content\/uploads\/2025\/02\/WhatsApp-Image-2025-02-06-at-10.59.38-747x420.jpeg 747w, https:\/\/prensa.sma.gob.ar\/wp-content\/uploads\/2025\/02\/WhatsApp-Image-2025-02-06-at-10.59.38-696x391.jpeg 696w, https:\/\/prensa.sma.gob.ar\/wp-content\/uploads\/2025\/02\/WhatsApp-Image-2025-02-06-at-10.59.38-1068x600.jpeg 1068w, https:\/\/prensa.sma.gob.ar\/wp-content\/uploads\/2025\/02\/WhatsApp-Image-2025-02-06-at-10.59.38.jpeg 1599w\" sizes=\"auto, (max-width: 1024px) 100vw, 1024px\" \/><\/figure>\n\n\n\n<figure class=\"wp-block-image size-large\"><img loading=\"lazy\" decoding=\"async\" width=\"1024\" height=\"576\" data-id=\"5515\" src=\"https:\/\/prensa.sma.gob.ar\/wp-content\/uploads\/2025\/02\/WhatsApp-Image-2025-02-06-at-11.00.38-1024x576.jpeg\" alt=\"\" class=\"wp-image-5515\" srcset=\"https:\/\/prensa.sma.gob.ar\/wp-content\/uploads\/2025\/02\/WhatsApp-Image-2025-02-06-at-11.00.38-1024x576.jpeg 1024w, https:\/\/prensa.sma.gob.ar\/wp-content\/uploads\/2025\/02\/WhatsApp-Image-2025-02-06-at-11.00.38-300x169.jpeg 300w, https:\/\/prensa.sma.gob.ar\/wp-content\/uploads\/2025\/02\/WhatsApp-Image-2025-02-06-at-11.00.38-768x432.jpeg 768w, https:\/\/prensa.sma.gob.ar\/wp-content\/uploads\/2025\/02\/WhatsApp-Image-2025-02-06-at-11.00.38-1536x864.jpeg 1536w, https:\/\/prensa.sma.gob.ar\/wp-content\/uploads\/2025\/02\/WhatsApp-Image-2025-02-06-at-11.00.38-747x420.jpeg 747w, https:\/\/prensa.sma.gob.ar\/wp-content\/uploads\/2025\/02\/WhatsApp-Image-2025-02-06-at-11.00.38-696x391.jpeg 696w, https:\/\/prensa.sma.gob.ar\/wp-content\/uploads\/2025\/02\/WhatsApp-Image-2025-02-06-at-11.00.38-1068x600.jpeg 1068w, https:\/\/prensa.sma.gob.ar\/wp-content\/uploads\/2025\/02\/WhatsApp-Image-2025-02-06-at-11.00.38.jpeg 1599w\" sizes=\"auto, (max-width: 1024px) 100vw, 1024px\" \/><\/figure>\n\n\n\n<figure class=\"wp-block-image size-large\"><img loading=\"lazy\" decoding=\"async\" width=\"1024\" height=\"576\" data-id=\"5513\" src=\"https:\/\/prensa.sma.gob.ar\/wp-content\/uploads\/2025\/02\/WhatsApp-Image-2025-02-06-at-11.02.00-1024x576.jpeg\" alt=\"\" class=\"wp-image-5513\" srcset=\"https:\/\/prensa.sma.gob.ar\/wp-content\/uploads\/2025\/02\/WhatsApp-Image-2025-02-06-at-11.02.00-1024x576.jpeg 1024w, https:\/\/prensa.sma.gob.ar\/wp-content\/uploads\/2025\/02\/WhatsApp-Image-2025-02-06-at-11.02.00-300x169.jpeg 300w, https:\/\/prensa.sma.gob.ar\/wp-content\/uploads\/2025\/02\/WhatsApp-Image-2025-02-06-at-11.02.00-768x432.jpeg 768w, https:\/\/prensa.sma.gob.ar\/wp-content\/uploads\/2025\/02\/WhatsApp-Image-2025-02-06-at-11.02.00-1536x864.jpeg 1536w, https:\/\/prensa.sma.gob.ar\/wp-content\/uploads\/2025\/02\/WhatsApp-Image-2025-02-06-at-11.02.00-747x420.jpeg 747w, https:\/\/prensa.sma.gob.ar\/wp-content\/uploads\/2025\/02\/WhatsApp-Image-2025-02-06-at-11.02.00-696x391.jpeg 696w, https:\/\/prensa.sma.gob.ar\/wp-content\/uploads\/2025\/02\/WhatsApp-Image-2025-02-06-at-11.02.00-1068x600.jpeg 1068w, https:\/\/prensa.sma.gob.ar\/wp-content\/uploads\/2025\/02\/WhatsApp-Image-2025-02-06-at-11.02.00.jpeg 1599w\" sizes=\"auto, (max-width: 1024px) 100vw, 1024px\" \/><\/figure>\n<\/figure>\n","protected":false},"excerpt":{"rendered":"<p>El plan de pavimentaci\u00f3n de calles para este a\u00f1o, las obras de la Provincia en nuestra ciudad y el mejoramiento de los canales de informaci\u00f3n con las comisiones barriales fueron algunos de los numerosos temas analizados durante la reuni\u00f3n del intendente Carlos Saloniti con el Grupo Coordinador del Consejo de Juntas Vecinales. El jefe comunal [&hellip;]<\/p>\n","protected":false},"author":2,"featured_media":5514,"comment_status":"closed","ping_status":"open","sticky":false,"template":"","format":"standard","meta":{"footnotes":""},"categories":[16,39,14],"tags":[],"class_list":{"0":"post-5512","1":"post","2":"type-post","3":"status-publish","4":"format-standard","5":"has-post-thumbnail","7":"category-destacadas","8":"category-subs-juntas-vecinales","9":"category-noticias"},"_links":{"self":[{"href":"https:\/\/prensa.sma.gob.ar\/index.php?rest_route=\/wp\/v2\/posts\/5512","targetHints":{"allow":["GET"]}}],"collection":[{"href":"https:\/\/prensa.sma.gob.ar\/index.php?rest_route=\/wp\/v2\/posts"}],"about":[{"href":"https:\/\/prensa.sma.gob.ar\/index.php?rest_route=\/wp\/v2\/types\/post"}],"author":[{"embeddable":true,"href":"https:\/\/prensa.sma.gob.ar\/index.php?rest_route=\/wp\/v2\/users\/2"}],"replies":[{"embeddable":true,"href":"https:\/\/prensa.sma.gob.ar\/index.php?rest_route=%2Fwp%2Fv2%2Fcomments&post=5512"}],"version-history":[{"count":1,"href":"https:\/\/prensa.sma.gob.ar\/index.php?rest_route=\/wp\/v2\/posts\/5512\/revisions"}],"predecessor-version":[{"id":5517,"href":"https:\/\/prensa.sma.gob.ar\/index.php?rest_route=\/wp\/v2\/posts\/5512\/revisions\/5517"}],"wp:featuredmedia":[{"embeddable":true,"href":"https:\/\/prensa.sma.gob.ar\/index.php?rest_route=\/wp\/v2\/media\/5514"}],"wp:attachment":[{"href":"https:\/\/prensa.sma.gob.ar\/index.php?rest_route=%2Fwp%2Fv2%2Fmedia&parent=5512"}],"wp:term":[{"taxonomy":"category","embeddable":true,"href":"https:\/\/prensa.sma.gob.ar\/index.php?rest_route=%2Fwp%2Fv2%2Fcategories&post=5512"},{"taxonomy":"post_tag","embeddable":true,"href":"https:\/\/prensa.sma.gob.ar\/index.php?rest_route=%2Fwp%2Fv2%2Ftags&post=5512"}],"curies":[{"name":"wp","href":"https:\/\/api.w.org\/{rel}","templated":true}]}}