{"id":5519,"date":"2025-02-07T14:53:44","date_gmt":"2025-02-07T14:53:44","guid":{"rendered":"https:\/\/prensa.sma.gob.ar\/?p=5519"},"modified":"2025-02-07T14:53:46","modified_gmt":"2025-02-07T14:53:46","slug":"avanzan-las-obras-de-la-segunda-etapa-del-parque-lineal-pocahullo","status":"publish","type":"post","link":"https:\/\/prensa.sma.gob.ar\/?p=5519","title":{"rendered":"Avanzan las obras de la segunda etapa del Parque Lineal Pocahullo"},"content":{"rendered":"\n<p>Con la pavimentaci\u00f3n de la calle Rudecindo Roca, entre Mariano Moreno y el arroyo, avanza la segunda etapa de obra del Parque Lineal Pocahullo, que incluye los senderos en esa zona y el mejoramiento de la Plaza G\u00fcemes, con la colocaci\u00f3n de juegos y espacios recreativos.<\/p>\n\n\n\n<p>Las tareas, incluidas en el Plan Estrat\u00e9gico 2030, est\u00e1n a cargo de la empresa RJ, con apoyo del Estado neuquino a trav\u00e9s de la Unidad Provincial de Enlace y Ejecuci\u00f3n de Proyectos con Financiamiento Externo (UPEFE), gestionado por el Municipio a trav\u00e9s de la Secretar\u00eda de Coordinaci\u00f3n del COPE.<\/p>\n\n\n\n<p>A finales de diciembre pasado, el intendente Carlos Saloniti firm\u00f3 el acta acuerdo con RJ por la recepci\u00f3n provisoria del Tramo I mientras se iniciaban las obras del Tramo II, que es la \u00faltima etapa y que ya cuenta con presupuesto provincial, hasta la calle Drury.<\/p>\n\n\n\n<figure class=\"wp-block-gallery has-nested-images columns-default is-cropped wp-block-gallery-1 is-layout-flex wp-block-gallery-is-layout-flex\">\n<figure class=\"wp-block-image size-large\"><img loading=\"lazy\" decoding=\"async\" width=\"1024\" height=\"576\" data-id=\"5521\" src=\"https:\/\/prensa.sma.gob.ar\/wp-content\/uploads\/2025\/02\/PARQUE-LINEAL-POCAHULLO--1024x576.jpg\" alt=\"\" class=\"wp-image-5521\" srcset=\"https:\/\/prensa.sma.gob.ar\/wp-content\/uploads\/2025\/02\/PARQUE-LINEAL-POCAHULLO--1024x576.jpg 1024w, https:\/\/prensa.sma.gob.ar\/wp-content\/uploads\/2025\/02\/PARQUE-LINEAL-POCAHULLO--300x169.jpg 300w, https:\/\/prensa.sma.gob.ar\/wp-content\/uploads\/2025\/02\/PARQUE-LINEAL-POCAHULLO--768x432.jpg 768w, https:\/\/prensa.sma.gob.ar\/wp-content\/uploads\/2025\/02\/PARQUE-LINEAL-POCAHULLO--1536x864.jpg 1536w, https:\/\/prensa.sma.gob.ar\/wp-content\/uploads\/2025\/02\/PARQUE-LINEAL-POCAHULLO--747x420.jpg 747w, https:\/\/prensa.sma.gob.ar\/wp-content\/uploads\/2025\/02\/PARQUE-LINEAL-POCAHULLO--696x392.jpg 696w, https:\/\/prensa.sma.gob.ar\/wp-content\/uploads\/2025\/02\/PARQUE-LINEAL-POCAHULLO--1068x601.jpg 1068w, https:\/\/prensa.sma.gob.ar\/wp-content\/uploads\/2025\/02\/PARQUE-LINEAL-POCAHULLO-.jpg 1600w\" sizes=\"auto, (max-width: 1024px) 100vw, 1024px\" \/><\/figure>\n\n\n\n<figure class=\"wp-block-image size-large\"><img loading=\"lazy\" decoding=\"async\" width=\"1024\" height=\"575\" data-id=\"5523\" src=\"https:\/\/prensa.sma.gob.ar\/wp-content\/uploads\/2025\/02\/PARQUE-LINEAL-POCAHULLO-1-1024x575.jpg\" alt=\"\" class=\"wp-image-5523\" srcset=\"https:\/\/prensa.sma.gob.ar\/wp-content\/uploads\/2025\/02\/PARQUE-LINEAL-POCAHULLO-1-1024x575.jpg 1024w, https:\/\/prensa.sma.gob.ar\/wp-content\/uploads\/2025\/02\/PARQUE-LINEAL-POCAHULLO-1-300x169.jpg 300w, https:\/\/prensa.sma.gob.ar\/wp-content\/uploads\/2025\/02\/PARQUE-LINEAL-POCAHULLO-1-768x432.jpg 768w, https:\/\/prensa.sma.gob.ar\/wp-content\/uploads\/2025\/02\/PARQUE-LINEAL-POCAHULLO-1-1536x863.jpg 1536w, https:\/\/prensa.sma.gob.ar\/wp-content\/uploads\/2025\/02\/PARQUE-LINEAL-POCAHULLO-1-747x420.jpg 747w, https:\/\/prensa.sma.gob.ar\/wp-content\/uploads\/2025\/02\/PARQUE-LINEAL-POCAHULLO-1-696x391.jpg 696w, https:\/\/prensa.sma.gob.ar\/wp-content\/uploads\/2025\/02\/PARQUE-LINEAL-POCAHULLO-1-1068x600.jpg 1068w, https:\/\/prensa.sma.gob.ar\/wp-content\/uploads\/2025\/02\/PARQUE-LINEAL-POCAHULLO-1.jpg 1600w\" sizes=\"auto, (max-width: 1024px) 100vw, 1024px\" \/><\/figure>\n\n\n\n<figure class=\"wp-block-image size-large\"><img loading=\"lazy\" decoding=\"async\" width=\"1024\" height=\"576\" data-id=\"5522\" src=\"https:\/\/prensa.sma.gob.ar\/wp-content\/uploads\/2025\/02\/PARQUE-LINEAL-POCAHULLO-2-1024x576.jpg\" alt=\"\" class=\"wp-image-5522\" srcset=\"https:\/\/prensa.sma.gob.ar\/wp-content\/uploads\/2025\/02\/PARQUE-LINEAL-POCAHULLO-2-1024x576.jpg 1024w, https:\/\/prensa.sma.gob.ar\/wp-content\/uploads\/2025\/02\/PARQUE-LINEAL-POCAHULLO-2-300x169.jpg 300w, https:\/\/prensa.sma.gob.ar\/wp-content\/uploads\/2025\/02\/PARQUE-LINEAL-POCAHULLO-2-768x432.jpg 768w, https:\/\/prensa.sma.gob.ar\/wp-content\/uploads\/2025\/02\/PARQUE-LINEAL-POCAHULLO-2-1536x864.jpg 1536w, https:\/\/prensa.sma.gob.ar\/wp-content\/uploads\/2025\/02\/PARQUE-LINEAL-POCAHULLO-2-747x420.jpg 747w, https:\/\/prensa.sma.gob.ar\/wp-content\/uploads\/2025\/02\/PARQUE-LINEAL-POCAHULLO-2-696x392.jpg 696w, https:\/\/prensa.sma.gob.ar\/wp-content\/uploads\/2025\/02\/PARQUE-LINEAL-POCAHULLO-2-1068x601.jpg 1068w, https:\/\/prensa.sma.gob.ar\/wp-content\/uploads\/2025\/02\/PARQUE-LINEAL-POCAHULLO-2.jpg 1600w\" sizes=\"auto, (max-width: 1024px) 100vw, 1024px\" \/><\/figure>\n<\/figure>\n","protected":false},"excerpt":{"rendered":"<p>Con la pavimentaci\u00f3n de la calle Rudecindo Roca, entre Mariano Moreno y el arroyo, avanza la segunda etapa de obra del Parque Lineal Pocahullo, que incluye los senderos en esa zona y el mejoramiento de la Plaza G\u00fcemes, con la colocaci\u00f3n de juegos y espacios recreativos. Las tareas, incluidas en el Plan Estrat\u00e9gico 2030, est\u00e1n [&hellip;]<\/p>\n","protected":false},"author":1,"featured_media":5520,"comment_status":"closed","ping_status":"open","sticky":false,"template":"","format":"standard","meta":{"footnotes":""},"categories":[16,14],"tags":[],"class_list":{"0":"post-5519","1":"post","2":"type-post","3":"status-publish","4":"format-standard","5":"has-post-thumbnail","7":"category-destacadas","8":"category-noticias"},"_links":{"self":[{"href":"https:\/\/prensa.sma.gob.ar\/index.php?rest_route=\/wp\/v2\/posts\/5519","targetHints":{"allow":["GET"]}}],"collection":[{"href":"https:\/\/prensa.sma.gob.ar\/index.php?rest_route=\/wp\/v2\/posts"}],"about":[{"href":"https:\/\/prensa.sma.gob.ar\/index.php?rest_route=\/wp\/v2\/types\/post"}],"author":[{"embeddable":true,"href":"https:\/\/prensa.sma.gob.ar\/index.php?rest_route=\/wp\/v2\/users\/1"}],"replies":[{"embeddable":true,"href":"https:\/\/prensa.sma.gob.ar\/index.php?rest_route=%2Fwp%2Fv2%2Fcomments&post=5519"}],"version-history":[{"count":1,"href":"https:\/\/prensa.sma.gob.ar\/index.php?rest_route=\/wp\/v2\/posts\/5519\/revisions"}],"predecessor-version":[{"id":5525,"href":"https:\/\/prensa.sma.gob.ar\/index.php?rest_route=\/wp\/v2\/posts\/5519\/revisions\/5525"}],"wp:featuredmedia":[{"embeddable":true,"href":"https:\/\/prensa.sma.gob.ar\/index.php?rest_route=\/wp\/v2\/media\/5520"}],"wp:attachment":[{"href":"https:\/\/prensa.sma.gob.ar\/index.php?rest_route=%2Fwp%2Fv2%2Fmedia&parent=5519"}],"wp:term":[{"taxonomy":"category","embeddable":true,"href":"https:\/\/prensa.sma.gob.ar\/index.php?rest_route=%2Fwp%2Fv2%2Fcategories&post=5519"},{"taxonomy":"post_tag","embeddable":true,"href":"https:\/\/prensa.sma.gob.ar\/index.php?rest_route=%2Fwp%2Fv2%2Ftags&post=5519"}],"curies":[{"name":"wp","href":"https:\/\/api.w.org\/{rel}","templated":true}]}}