{"id":5530,"date":"2025-02-07T19:10:17","date_gmt":"2025-02-07T19:10:17","guid":{"rendered":"https:\/\/prensa.sma.gob.ar\/?p=5530"},"modified":"2025-02-07T19:11:43","modified_gmt":"2025-02-07T19:11:43","slug":"familias-municipio-y-provincia-acuerdan-soluciones-con-politicas-publicas-innovadoras","status":"publish","type":"post","link":"https:\/\/prensa.sma.gob.ar\/?p=5530","title":{"rendered":"Familias, Municipio y Provincia acuerdan soluciones con pol\u00edticas p\u00fablicas innovadoras"},"content":{"rendered":"\n<p>En el cumplea\u00f1os n\u00famero 127 de nuestra ciudad, se firm\u00f3 un convenio con vecinas y vecinos del barrio autogestivo El Tr\u00e9bol que les permitir\u00e1 a los propietarios de lotes acceder a infraestructura de servicios con un plan de recupero.<\/p>\n\n\n\n<p>El convenio, que se firm\u00f3 con presencia del gobernador, Rolando Figueroa; del intendente, Carlos Saloniti; y la directora del Instituto de Vivienda y H\u00e1bitat del Municipio (IVH), Carolina Amaya, busca avanzar en un esquema de co-gesti\u00f3n con la Agencia de Desarrollo Urbano Sustentable (ADUS) para acceder a servicios esenciales.<\/p>\n\n\n\n<p>Este esquema articulado contempla una inversi\u00f3n inicial en infraestructura de servicios esenciales &#8211; agua potable, energ\u00eda el\u00e9ctrica y red vial- con un plan de recupero que permita la sustentabilidad del proyecto.<\/p>\n\n\n\n<p>Se espera que este modelo pueda replicarse en otros sectores de la ciudad, ampliando las posibilidades de acceso al suelo urbano con servicios a aquellas vecinas y vecinos que posean lote. El convenio se pudo realizar gracias a las gestiones que viene realizando el IVH, con ADUS y con los vecinos y vecinas del Tr\u00e9bol.<\/p>\n\n\n\n<p>En la misma l\u00ednea, se dio un paso fundamental en la provisi\u00f3n de agua y energ\u00eda el\u00e9ctrica en un sector que, a pesar de haberse loteado hace m\u00e1s de 40 a\u00f1os, no contaba con servicios b\u00e1sicos. Con una inversi\u00f3n de 667 millones de pesos y un plazo de ejecuci\u00f3n de aproximadamente 12 meses, se garantizar\u00e1 el acceso a servicios esenciales para 64 familias, al tiempo que se sientan las bases para la integraci\u00f3n urbana de este enclave postergado.<\/p>\n\n\n\n<p>Adem\u00e1s, en el marco del trabajo en conjunto con la comunidad, el 24 de enero pasado, el Instituto de Vivienda junto a distintas organizaciones locales, llev\u00f3 a cabo el tercer taller \u201cDe la tierra al barrio\u201d, que reuni\u00f3 a adjudicatarios de los 200 lotes de Chacra 30, sorteados en marzo del 2024.<\/p>\n\n\n\n<p>Para conocer m\u00e1s acerca del taller y el trabajo junto a las familias, pod\u00e9s ingresar al siguiente enlace.<\/p>\n\n\n\n<figure class=\"wp-block-embed is-type-wp-embed is-provider-san-mart-n-informa wp-block-embed-san-mart-n-informa\"><div class=\"wp-block-embed__wrapper\">\n<blockquote class=\"wp-embedded-content\" data-secret=\"yWB4r1m98b\"><a href=\"https:\/\/prensa.sma.gob.ar\/?p=4298\">Familias de los 200 lotes de Chacra 30 cerraron el a\u00f1o en su territorio<\/a><\/blockquote><iframe loading=\"lazy\" class=\"wp-embedded-content\" sandbox=\"allow-scripts\" security=\"restricted\" style=\"position: absolute; visibility: hidden;\" title=\"\u00abFamilias de los 200 lotes de Chacra 30 cerraron el a\u00f1o en su territorio\u00bb \u2014 San Mart\u00edn Informa\" src=\"https:\/\/prensa.sma.gob.ar\/?p=4298&#038;embed=true#?secret=fcg0YiMx4p#?secret=yWB4r1m98b\" data-secret=\"yWB4r1m98b\" width=\"600\" height=\"338\" frameborder=\"0\" marginwidth=\"0\" marginheight=\"0\" scrolling=\"no\"><\/iframe>\n<\/div><\/figure>\n\n\n\n<p>En este sentido, se realizaron tambi\u00e9n tareas de sondeo para captaci\u00f3n de agua subterr\u00e1nea en el terreno, en un relevamiento junto al ge\u00f3logo Lucas Fuentes, para evaluar fuentes de abastecimiento de agua complementarias a la provisi\u00f3n formal, que permita comenzar a resolver la infraestructura del lugar. Tambi\u00e9n se est\u00e1n evaluando los presupuestos para la encomienda de proyectos ejecutivos de caminer\u00eda y obras de mitigaci\u00f3n para las 12,2 hs correspondientes.<\/p>\n\n\n\n<p>Desde el Instituto de Vivienda, se realizan reuniones semanales para las planificaciones estrat\u00e9gicas tanto para la realizaci\u00f3n de talleres y la participaci\u00f3n de las familias, as\u00ed como de la gesti\u00f3n y avances para la infraestructura de este proyecto.<\/p>\n\n\n\n<figure class=\"wp-block-gallery has-nested-images columns-default is-cropped wp-block-gallery-1 is-layout-flex wp-block-gallery-is-layout-flex\">\n<figure class=\"wp-block-image size-large\"><img loading=\"lazy\" decoding=\"async\" width=\"1024\" height=\"682\" data-id=\"5533\" src=\"https:\/\/prensa.sma.gob.ar\/wp-content\/uploads\/2025\/02\/photo_4985786496523021618_y-1024x682.jpg\" alt=\"\" class=\"wp-image-5533\" srcset=\"https:\/\/prensa.sma.gob.ar\/wp-content\/uploads\/2025\/02\/photo_4985786496523021618_y-1024x682.jpg 1024w, https:\/\/prensa.sma.gob.ar\/wp-content\/uploads\/2025\/02\/photo_4985786496523021618_y-300x200.jpg 300w, https:\/\/prensa.sma.gob.ar\/wp-content\/uploads\/2025\/02\/photo_4985786496523021618_y-768x511.jpg 768w, https:\/\/prensa.sma.gob.ar\/wp-content\/uploads\/2025\/02\/photo_4985786496523021618_y-631x420.jpg 631w, https:\/\/prensa.sma.gob.ar\/wp-content\/uploads\/2025\/02\/photo_4985786496523021618_y-696x463.jpg 696w, https:\/\/prensa.sma.gob.ar\/wp-content\/uploads\/2025\/02\/photo_4985786496523021618_y-1068x711.jpg 1068w, https:\/\/prensa.sma.gob.ar\/wp-content\/uploads\/2025\/02\/photo_4985786496523021618_y.jpg 1280w\" sizes=\"auto, (max-width: 1024px) 100vw, 1024px\" \/><\/figure>\n\n\n\n<figure class=\"wp-block-image size-large\"><img loading=\"lazy\" decoding=\"async\" width=\"1024\" height=\"768\" data-id=\"5531\" src=\"https:\/\/prensa.sma.gob.ar\/wp-content\/uploads\/2025\/02\/photo_4985895545742667085_y-1024x768.jpg\" alt=\"\" class=\"wp-image-5531\" srcset=\"https:\/\/prensa.sma.gob.ar\/wp-content\/uploads\/2025\/02\/photo_4985895545742667085_y-1024x768.jpg 1024w, https:\/\/prensa.sma.gob.ar\/wp-content\/uploads\/2025\/02\/photo_4985895545742667085_y-300x225.jpg 300w, https:\/\/prensa.sma.gob.ar\/wp-content\/uploads\/2025\/02\/photo_4985895545742667085_y-768x576.jpg 768w, https:\/\/prensa.sma.gob.ar\/wp-content\/uploads\/2025\/02\/photo_4985895545742667085_y-560x420.jpg 560w, https:\/\/prensa.sma.gob.ar\/wp-content\/uploads\/2025\/02\/photo_4985895545742667085_y-80x60.jpg 80w, https:\/\/prensa.sma.gob.ar\/wp-content\/uploads\/2025\/02\/photo_4985895545742667085_y-696x522.jpg 696w, https:\/\/prensa.sma.gob.ar\/wp-content\/uploads\/2025\/02\/photo_4985895545742667085_y-1068x801.jpg 1068w, https:\/\/prensa.sma.gob.ar\/wp-content\/uploads\/2025\/02\/photo_4985895545742667085_y.jpg 1280w\" sizes=\"auto, (max-width: 1024px) 100vw, 1024px\" \/><\/figure>\n<\/figure>\n","protected":false},"excerpt":{"rendered":"<p>En el cumplea\u00f1os n\u00famero 127 de nuestra ciudad, se firm\u00f3 un convenio con vecinas y vecinos del barrio autogestivo El Tr\u00e9bol que les permitir\u00e1 a los propietarios de lotes acceder a infraestructura de servicios con un plan de recupero. El convenio, que se firm\u00f3 con presencia del gobernador, Rolando Figueroa; del intendente, Carlos Saloniti; y [&hellip;]<\/p>\n","protected":false},"author":2,"featured_media":5534,"comment_status":"closed","ping_status":"open","sticky":false,"template":"","format":"standard","meta":{"footnotes":""},"categories":[16,14,17,37],"tags":[],"class_list":{"0":"post-5530","1":"post","2":"type-post","3":"status-publish","4":"format-standard","5":"has-post-thumbnail","7":"category-destacadas","8":"category-noticias","9":"category-portada","10":"category-vivienda"},"_links":{"self":[{"href":"https:\/\/prensa.sma.gob.ar\/index.php?rest_route=\/wp\/v2\/posts\/5530","targetHints":{"allow":["GET"]}}],"collection":[{"href":"https:\/\/prensa.sma.gob.ar\/index.php?rest_route=\/wp\/v2\/posts"}],"about":[{"href":"https:\/\/prensa.sma.gob.ar\/index.php?rest_route=\/wp\/v2\/types\/post"}],"author":[{"embeddable":true,"href":"https:\/\/prensa.sma.gob.ar\/index.php?rest_route=\/wp\/v2\/users\/2"}],"replies":[{"embeddable":true,"href":"https:\/\/prensa.sma.gob.ar\/index.php?rest_route=%2Fwp%2Fv2%2Fcomments&post=5530"}],"version-history":[{"count":2,"href":"https:\/\/prensa.sma.gob.ar\/index.php?rest_route=\/wp\/v2\/posts\/5530\/revisions"}],"predecessor-version":[{"id":5536,"href":"https:\/\/prensa.sma.gob.ar\/index.php?rest_route=\/wp\/v2\/posts\/5530\/revisions\/5536"}],"wp:featuredmedia":[{"embeddable":true,"href":"https:\/\/prensa.sma.gob.ar\/index.php?rest_route=\/wp\/v2\/media\/5534"}],"wp:attachment":[{"href":"https:\/\/prensa.sma.gob.ar\/index.php?rest_route=%2Fwp%2Fv2%2Fmedia&parent=5530"}],"wp:term":[{"taxonomy":"category","embeddable":true,"href":"https:\/\/prensa.sma.gob.ar\/index.php?rest_route=%2Fwp%2Fv2%2Fcategories&post=5530"},{"taxonomy":"post_tag","embeddable":true,"href":"https:\/\/prensa.sma.gob.ar\/index.php?rest_route=%2Fwp%2Fv2%2Ftags&post=5530"}],"curies":[{"name":"wp","href":"https:\/\/api.w.org\/{rel}","templated":true}]}}