{"id":5541,"date":"2025-02-10T15:31:52","date_gmt":"2025-02-10T15:31:52","guid":{"rendered":"https:\/\/prensa.sma.gob.ar\/?p=5541"},"modified":"2025-02-10T15:31:54","modified_gmt":"2025-02-10T15:31:54","slug":"san-martin-de-los-andes-envio-camiones-cisterna-para-sumar-a-la-lucha-contra-el-fuego","status":"publish","type":"post","link":"https:\/\/prensa.sma.gob.ar\/?p=5541","title":{"rendered":"San Mart\u00edn de los Andes envi\u00f3 camiones cisterna para sumar a la lucha contra el fuego"},"content":{"rendered":"\n<p>El Municipio de San Mart\u00edn de los Andes envi\u00f3 cuatro camiones cisterna para sumar a la lucha contra el fuego en el incendio en Valle Magdalena, y se puso a disposici\u00f3n de las necesidades y requerimientos que considere el Comando Unificado entre el Parque Nacional Lan\u00edn y el Gobierno de la Provincia de Neuqu\u00e9n.<\/p>\n\n\n\n<p>La resoluci\u00f3n se basa en un pedido que surgi\u00f3 de la comunicaci\u00f3n permanente entre los dos Municipios y en base a las necesidades evaluadas por el Comando Unificado. Los intendentes de ambas comunas est\u00e1n en constante comunicaci\u00f3n y San Mart\u00edn de los Andes reiter\u00f3 su disposici\u00f3n ante el requerimiento de las autoridades que coordinan el trabajo.<\/p>\n\n\n\n<figure class=\"wp-block-gallery has-nested-images columns-default is-cropped wp-block-gallery-1 is-layout-flex wp-block-gallery-is-layout-flex\">\n<figure class=\"wp-block-image size-large\"><img loading=\"lazy\" decoding=\"async\" width=\"1024\" height=\"576\" data-id=\"5542\" src=\"https:\/\/prensa.sma.gob.ar\/wp-content\/uploads\/2025\/02\/WhatsApp-Image-2025-02-08-at-14.48.54-1024x576.jpeg\" alt=\"\" class=\"wp-image-5542\" srcset=\"https:\/\/prensa.sma.gob.ar\/wp-content\/uploads\/2025\/02\/WhatsApp-Image-2025-02-08-at-14.48.54-1024x576.jpeg 1024w, https:\/\/prensa.sma.gob.ar\/wp-content\/uploads\/2025\/02\/WhatsApp-Image-2025-02-08-at-14.48.54-300x169.jpeg 300w, https:\/\/prensa.sma.gob.ar\/wp-content\/uploads\/2025\/02\/WhatsApp-Image-2025-02-08-at-14.48.54-768x432.jpeg 768w, https:\/\/prensa.sma.gob.ar\/wp-content\/uploads\/2025\/02\/WhatsApp-Image-2025-02-08-at-14.48.54-1536x864.jpeg 1536w, https:\/\/prensa.sma.gob.ar\/wp-content\/uploads\/2025\/02\/WhatsApp-Image-2025-02-08-at-14.48.54-747x420.jpeg 747w, https:\/\/prensa.sma.gob.ar\/wp-content\/uploads\/2025\/02\/WhatsApp-Image-2025-02-08-at-14.48.54-696x391.jpeg 696w, https:\/\/prensa.sma.gob.ar\/wp-content\/uploads\/2025\/02\/WhatsApp-Image-2025-02-08-at-14.48.54-1068x600.jpeg 1068w, https:\/\/prensa.sma.gob.ar\/wp-content\/uploads\/2025\/02\/WhatsApp-Image-2025-02-08-at-14.48.54.jpeg 1599w\" sizes=\"auto, (max-width: 1024px) 100vw, 1024px\" \/><\/figure>\n\n\n\n<figure class=\"wp-block-image size-large\"><img loading=\"lazy\" decoding=\"async\" width=\"1024\" height=\"460\" data-id=\"5544\" src=\"https:\/\/prensa.sma.gob.ar\/wp-content\/uploads\/2025\/02\/WhatsApp-Image-2025-02-10-at-07.42.05-1024x460.jpeg\" alt=\"\" class=\"wp-image-5544\" srcset=\"https:\/\/prensa.sma.gob.ar\/wp-content\/uploads\/2025\/02\/WhatsApp-Image-2025-02-10-at-07.42.05-1024x460.jpeg 1024w, https:\/\/prensa.sma.gob.ar\/wp-content\/uploads\/2025\/02\/WhatsApp-Image-2025-02-10-at-07.42.05-300x135.jpeg 300w, https:\/\/prensa.sma.gob.ar\/wp-content\/uploads\/2025\/02\/WhatsApp-Image-2025-02-10-at-07.42.05-768x345.jpeg 768w, https:\/\/prensa.sma.gob.ar\/wp-content\/uploads\/2025\/02\/WhatsApp-Image-2025-02-10-at-07.42.05-935x420.jpeg 935w, https:\/\/prensa.sma.gob.ar\/wp-content\/uploads\/2025\/02\/WhatsApp-Image-2025-02-10-at-07.42.05-696x313.jpeg 696w, https:\/\/prensa.sma.gob.ar\/wp-content\/uploads\/2025\/02\/WhatsApp-Image-2025-02-10-at-07.42.05-1068x480.jpeg 1068w, https:\/\/prensa.sma.gob.ar\/wp-content\/uploads\/2025\/02\/WhatsApp-Image-2025-02-10-at-07.42.05.jpeg 1280w\" sizes=\"auto, (max-width: 1024px) 100vw, 1024px\" \/><\/figure>\n<\/figure>\n\n\n\n<p>En funci\u00f3n de eso, este fin de semana los camiones trabajaron hasta las 3.00 de este lunes y, luego de un descanso, retomar\u00e1n sus actividades durante la ma\u00f1ana. Las tareas se realizaron sobre flanco derecho en las zonas denominadas 5ta y 6ta, sobre la Ruta Provincial N\u00b0 60, abasteciendo equipos livianos y pesados, a demanda, siempre bajo las \u00f3rdenes del Comando Unificado.<\/p>\n\n\n\n<p>Se trata de veh\u00edculos contratados en San Mart\u00edn de los Andes y su disponibilidad fue instrumentada por personal de la Subsecretar\u00eda de Servicios P\u00fablicos y de la Direcci\u00f3n de Protecci\u00f3n Civil. En ciudad quedan seis camiones como reserva ante una emergencia.<\/p>\n\n\n\n<p>Las unidades tienen capacidad total de 50.000 mil litros -tres de 10.000 y una cuarta de 20.000- y fueron trasladadas por personal de Servicios P\u00fablicos y de Protecci\u00f3n Civil y se pudieron a disposici\u00f3n de las autoridades que coordinan el operativo.<\/p>\n\n\n\n<p>El Municipio se suma al pedido de las instituciones que intervienen en extremar los cuidados para evitar incendios, ya que el combate en Valle Magdalena concentra muchos recursos, esfuerzos de personal, equipamiento y maquinarias. Tambi\u00e9n se solicita informarse \u00fanicamente a trav\u00e9s de las v\u00edas de comunicaci\u00f3n oficiales.<\/p>\n\n\n\n<figure class=\"wp-block-gallery has-nested-images columns-default is-cropped wp-block-gallery-2 is-layout-flex wp-block-gallery-is-layout-flex\">\n<figure class=\"wp-block-image size-large\"><img loading=\"lazy\" decoding=\"async\" width=\"576\" height=\"1024\" data-id=\"5550\" src=\"https:\/\/prensa.sma.gob.ar\/wp-content\/uploads\/2025\/02\/WhatsApp-Image-2025-02-09-at-11.04.341-576x1024.jpeg\" alt=\"\" class=\"wp-image-5550\" srcset=\"https:\/\/prensa.sma.gob.ar\/wp-content\/uploads\/2025\/02\/WhatsApp-Image-2025-02-09-at-11.04.341-576x1024.jpeg 576w, https:\/\/prensa.sma.gob.ar\/wp-content\/uploads\/2025\/02\/WhatsApp-Image-2025-02-09-at-11.04.341-169x300.jpeg 169w, https:\/\/prensa.sma.gob.ar\/wp-content\/uploads\/2025\/02\/WhatsApp-Image-2025-02-09-at-11.04.341-236x420.jpeg 236w, https:\/\/prensa.sma.gob.ar\/wp-content\/uploads\/2025\/02\/WhatsApp-Image-2025-02-09-at-11.04.341-696x1237.jpeg 696w, https:\/\/prensa.sma.gob.ar\/wp-content\/uploads\/2025\/02\/WhatsApp-Image-2025-02-09-at-11.04.341.jpeg 720w\" sizes=\"auto, (max-width: 576px) 100vw, 576px\" \/><\/figure>\n\n\n\n<figure class=\"wp-block-image size-large\"><img loading=\"lazy\" decoding=\"async\" width=\"576\" height=\"1024\" data-id=\"5549\" src=\"https:\/\/prensa.sma.gob.ar\/wp-content\/uploads\/2025\/02\/WhatsApp-Image-2025-02-09-at-13.53.25-576x1024.jpeg\" alt=\"\" class=\"wp-image-5549\" srcset=\"https:\/\/prensa.sma.gob.ar\/wp-content\/uploads\/2025\/02\/WhatsApp-Image-2025-02-09-at-13.53.25-576x1024.jpeg 576w, https:\/\/prensa.sma.gob.ar\/wp-content\/uploads\/2025\/02\/WhatsApp-Image-2025-02-09-at-13.53.25-169x300.jpeg 169w, https:\/\/prensa.sma.gob.ar\/wp-content\/uploads\/2025\/02\/WhatsApp-Image-2025-02-09-at-13.53.25-236x420.jpeg 236w, https:\/\/prensa.sma.gob.ar\/wp-content\/uploads\/2025\/02\/WhatsApp-Image-2025-02-09-at-13.53.25-696x1237.jpeg 696w, https:\/\/prensa.sma.gob.ar\/wp-content\/uploads\/2025\/02\/WhatsApp-Image-2025-02-09-at-13.53.25.jpeg 720w\" sizes=\"auto, (max-width: 576px) 100vw, 576px\" \/><\/figure>\n\n\n\n<figure class=\"wp-block-image size-large\"><img loading=\"lazy\" decoding=\"async\" width=\"576\" height=\"1024\" data-id=\"5548\" src=\"https:\/\/prensa.sma.gob.ar\/wp-content\/uploads\/2025\/02\/WhatsApp-Image-2025-02-09-at-11.04.34-576x1024.jpeg\" alt=\"\" class=\"wp-image-5548\" srcset=\"https:\/\/prensa.sma.gob.ar\/wp-content\/uploads\/2025\/02\/WhatsApp-Image-2025-02-09-at-11.04.34-576x1024.jpeg 576w, https:\/\/prensa.sma.gob.ar\/wp-content\/uploads\/2025\/02\/WhatsApp-Image-2025-02-09-at-11.04.34-169x300.jpeg 169w, https:\/\/prensa.sma.gob.ar\/wp-content\/uploads\/2025\/02\/WhatsApp-Image-2025-02-09-at-11.04.34-236x420.jpeg 236w, https:\/\/prensa.sma.gob.ar\/wp-content\/uploads\/2025\/02\/WhatsApp-Image-2025-02-09-at-11.04.34-696x1237.jpeg 696w, https:\/\/prensa.sma.gob.ar\/wp-content\/uploads\/2025\/02\/WhatsApp-Image-2025-02-09-at-11.04.34.jpeg 720w\" sizes=\"auto, (max-width: 576px) 100vw, 576px\" \/><\/figure>\n\n\n\n<figure class=\"wp-block-image size-large\"><img loading=\"lazy\" decoding=\"async\" width=\"576\" height=\"1024\" data-id=\"5547\" src=\"https:\/\/prensa.sma.gob.ar\/wp-content\/uploads\/2025\/02\/WhatsApp-Image-2025-02-09-at-13.53.27-576x1024.jpeg\" alt=\"\" class=\"wp-image-5547\" srcset=\"https:\/\/prensa.sma.gob.ar\/wp-content\/uploads\/2025\/02\/WhatsApp-Image-2025-02-09-at-13.53.27-576x1024.jpeg 576w, https:\/\/prensa.sma.gob.ar\/wp-content\/uploads\/2025\/02\/WhatsApp-Image-2025-02-09-at-13.53.27-169x300.jpeg 169w, https:\/\/prensa.sma.gob.ar\/wp-content\/uploads\/2025\/02\/WhatsApp-Image-2025-02-09-at-13.53.27-236x420.jpeg 236w, https:\/\/prensa.sma.gob.ar\/wp-content\/uploads\/2025\/02\/WhatsApp-Image-2025-02-09-at-13.53.27-696x1237.jpeg 696w, https:\/\/prensa.sma.gob.ar\/wp-content\/uploads\/2025\/02\/WhatsApp-Image-2025-02-09-at-13.53.27.jpeg 720w\" sizes=\"auto, (max-width: 576px) 100vw, 576px\" \/><\/figure>\n\n\n\n<figure class=\"wp-block-image size-large\"><img loading=\"lazy\" decoding=\"async\" width=\"576\" height=\"1024\" data-id=\"5546\" src=\"https:\/\/prensa.sma.gob.ar\/wp-content\/uploads\/2025\/02\/WhatsApp-Image-2025-02-09-at-18.40.18-576x1024.jpeg\" alt=\"\" class=\"wp-image-5546\" srcset=\"https:\/\/prensa.sma.gob.ar\/wp-content\/uploads\/2025\/02\/WhatsApp-Image-2025-02-09-at-18.40.18-576x1024.jpeg 576w, https:\/\/prensa.sma.gob.ar\/wp-content\/uploads\/2025\/02\/WhatsApp-Image-2025-02-09-at-18.40.18-169x300.jpeg 169w, https:\/\/prensa.sma.gob.ar\/wp-content\/uploads\/2025\/02\/WhatsApp-Image-2025-02-09-at-18.40.18-236x420.jpeg 236w, https:\/\/prensa.sma.gob.ar\/wp-content\/uploads\/2025\/02\/WhatsApp-Image-2025-02-09-at-18.40.18-696x1237.jpeg 696w, https:\/\/prensa.sma.gob.ar\/wp-content\/uploads\/2025\/02\/WhatsApp-Image-2025-02-09-at-18.40.18.jpeg 720w\" sizes=\"auto, (max-width: 576px) 100vw, 576px\" \/><\/figure>\n\n\n\n<figure class=\"wp-block-image size-large\"><img loading=\"lazy\" decoding=\"async\" width=\"576\" height=\"1024\" data-id=\"5545\" src=\"https:\/\/prensa.sma.gob.ar\/wp-content\/uploads\/2025\/02\/WhatsApp-Image-2025-02-09-at-18.38.51-576x1024.jpeg\" alt=\"\" class=\"wp-image-5545\" srcset=\"https:\/\/prensa.sma.gob.ar\/wp-content\/uploads\/2025\/02\/WhatsApp-Image-2025-02-09-at-18.38.51-576x1024.jpeg 576w, https:\/\/prensa.sma.gob.ar\/wp-content\/uploads\/2025\/02\/WhatsApp-Image-2025-02-09-at-18.38.51-169x300.jpeg 169w, https:\/\/prensa.sma.gob.ar\/wp-content\/uploads\/2025\/02\/WhatsApp-Image-2025-02-09-at-18.38.51-236x420.jpeg 236w, https:\/\/prensa.sma.gob.ar\/wp-content\/uploads\/2025\/02\/WhatsApp-Image-2025-02-09-at-18.38.51-696x1237.jpeg 696w, https:\/\/prensa.sma.gob.ar\/wp-content\/uploads\/2025\/02\/WhatsApp-Image-2025-02-09-at-18.38.51.jpeg 720w\" sizes=\"auto, (max-width: 576px) 100vw, 576px\" \/><\/figure>\n<\/figure>\n","protected":false},"excerpt":{"rendered":"<p>El Municipio de San Mart\u00edn de los Andes envi\u00f3 cuatro camiones cisterna para sumar a la lucha contra el fuego en el incendio en Valle Magdalena, y se puso a disposici\u00f3n de las necesidades y requerimientos que considere el Comando Unificado entre el Parque Nacional Lan\u00edn y el Gobierno de la Provincia de Neuqu\u00e9n. La [&hellip;]<\/p>\n","protected":false},"author":2,"featured_media":5543,"comment_status":"closed","ping_status":"open","sticky":false,"template":"","format":"standard","meta":{"footnotes":""},"categories":[16,14,17,32],"tags":[],"class_list":{"0":"post-5541","1":"post","2":"type-post","3":"status-publish","4":"format-standard","5":"has-post-thumbnail","7":"category-destacadas","8":"category-noticias","9":"category-portada","10":"category-proteccion-civil"},"_links":{"self":[{"href":"https:\/\/prensa.sma.gob.ar\/index.php?rest_route=\/wp\/v2\/posts\/5541","targetHints":{"allow":["GET"]}}],"collection":[{"href":"https:\/\/prensa.sma.gob.ar\/index.php?rest_route=\/wp\/v2\/posts"}],"about":[{"href":"https:\/\/prensa.sma.gob.ar\/index.php?rest_route=\/wp\/v2\/types\/post"}],"author":[{"embeddable":true,"href":"https:\/\/prensa.sma.gob.ar\/index.php?rest_route=\/wp\/v2\/users\/2"}],"replies":[{"embeddable":true,"href":"https:\/\/prensa.sma.gob.ar\/index.php?rest_route=%2Fwp%2Fv2%2Fcomments&post=5541"}],"version-history":[{"count":1,"href":"https:\/\/prensa.sma.gob.ar\/index.php?rest_route=\/wp\/v2\/posts\/5541\/revisions"}],"predecessor-version":[{"id":5551,"href":"https:\/\/prensa.sma.gob.ar\/index.php?rest_route=\/wp\/v2\/posts\/5541\/revisions\/5551"}],"wp:featuredmedia":[{"embeddable":true,"href":"https:\/\/prensa.sma.gob.ar\/index.php?rest_route=\/wp\/v2\/media\/5543"}],"wp:attachment":[{"href":"https:\/\/prensa.sma.gob.ar\/index.php?rest_route=%2Fwp%2Fv2%2Fmedia&parent=5541"}],"wp:term":[{"taxonomy":"category","embeddable":true,"href":"https:\/\/prensa.sma.gob.ar\/index.php?rest_route=%2Fwp%2Fv2%2Fcategories&post=5541"},{"taxonomy":"post_tag","embeddable":true,"href":"https:\/\/prensa.sma.gob.ar\/index.php?rest_route=%2Fwp%2Fv2%2Ftags&post=5541"}],"curies":[{"name":"wp","href":"https:\/\/api.w.org\/{rel}","templated":true}]}}