{"id":5552,"date":"2025-02-10T15:55:48","date_gmt":"2025-02-10T15:55:48","guid":{"rendered":"https:\/\/prensa.sma.gob.ar\/?p=5552"},"modified":"2025-02-10T15:55:50","modified_gmt":"2025-02-10T15:55:50","slug":"se-labraron-16-infracciones-por-alcoholemia-y-por-documentacion-este-fin-de-semana","status":"publish","type":"post","link":"https:\/\/prensa.sma.gob.ar\/?p=5552","title":{"rendered":"Se labraron 16 infracciones por alcoholemia y por documentaci\u00f3n este fin de semana"},"content":{"rendered":"\n<p>Durante un operativo conjunto de organismos municipales, Polic\u00eda del Neuqu\u00e9n, Gendarmer\u00eda Nacional, Polic\u00eda Federal y Agencia de Seguridad Vial de Naci\u00f3n, se labraron 16 actas de infracci\u00f3n, de las cuales 13 correspondieron a controles de alcoholemia, incluyendo el secuestro de tres veh\u00edculos, y tres por falta de documentaci\u00f3n.<\/p>\n\n\n\n<p>Las acciones se realizaron desde las 21 del viernes hasta pasada la 1 del s\u00e1bado, con un puesto fijo en Ruta Nacional 40 y Cuesta de Quiroga y otro en Ruta 40 y corral\u00f3n Austral, con posterior desplazamiento a la zona de la Cancha de Polo.<\/p>\n\n\n\n<p>El operativo, que incluy\u00f3 control de alcoholemia, de documentaci\u00f3n de veh\u00edculos, y de autom\u00f3viles y motos con escape libre, requiri\u00f3 la coordinaci\u00f3n con varias fuerzas y, de manera paralela, se realiz\u00f3 un nuevo dispositivo contra la venta ambulante no autorizada.<\/p>\n\n\n\n<p>Por el Municipio participaron la Secretar\u00eda de Gobierno; la Direcci\u00f3n General de Seguridad Ciudadana y la Direcci\u00f3n de Protecci\u00f3n Civil. Fueron parte del dispositivo, personal y m\u00f3viles de la Agencia Nacional de Seguridad Vial, Gendarmer\u00eda Nacional, Polic\u00eda Federal y Polic\u00eda de la Provincia de Neuqu\u00e9n.<\/p>\n\n\n\n<p>Las tareas se dividieron en dos grupos. Uno integrado por Seguridad Vial de Naci\u00f3n, el Comando Radioel\u00e9ctrico de la Polic\u00eda del Neuqu\u00e9n, &nbsp;Cuerpo de Ordenadores de Tr\u00e1nsito y Transporte (COTT), Gendarmer\u00eda y Protecci\u00f3n Civil. El segundo grupo cont\u00f3 con apoyo de Polic\u00eda de Tr\u00e1nsito; COTT, Polic\u00eda Federal y Guardas Ambientales.<\/p>\n\n\n\n<p>En forma paralela, se realiz\u00f3 un nuevo control contra la venta ambulante no registrada, a cargo de Guardas Ambientales y del Comando Radioel\u00e9ctrico de la Polic\u00eda de Neuqu\u00e9n, en zona c\u00e9ntrica con el objetivo de detectar irregularidades y, eventualmente, labrar actas de notificaci\u00f3n y de infracci\u00f3n.<\/p>\n\n\n\n<p>Todo el dispositivo requiri\u00f3 reuniones previas con todas las \u00e1reas que intervinieron, que integran el Consejo de Seguridad Ciudadana, organismos internos del Municipio y fuerzas de seguridad. Esta modalidad se repetir\u00e1 peri\u00f3dicamente, con metodolog\u00eda similar y lugares aleatorios.<\/p>\n\n\n\n<p>El director general de Seguridad Ciudadana, Mauricio Troncoso, afirm\u00f3 que \u201cla experiencia fue muy positiva\u201d y que en los pr\u00f3ximos d\u00edas \u201cse realizar\u00e1n reuniones para evaluar en detalle y mejorar para los pr\u00f3ximos operativos\u201d.<\/p>\n\n\n\n<p>Troncoso agradeci\u00f3 a las fuerzas que acompa\u00f1aron, Polic\u00eda de Neuqu\u00e9n, Gendarmer\u00eda Nacional, Polic\u00eda Federal y Agencia Nacional de Seguridad Vial.<\/p>\n","protected":false},"excerpt":{"rendered":"<p>Durante un operativo conjunto de organismos municipales, Polic\u00eda del Neuqu\u00e9n, Gendarmer\u00eda Nacional, Polic\u00eda Federal y Agencia de Seguridad Vial de Naci\u00f3n, se labraron 16 actas de infracci\u00f3n, de las cuales 13 correspondieron a controles de alcoholemia, incluyendo el secuestro de tres veh\u00edculos, y tres por falta de documentaci\u00f3n. Las acciones se realizaron desde las 21 [&hellip;]<\/p>\n","protected":false},"author":2,"featured_media":5553,"comment_status":"closed","ping_status":"open","sticky":false,"template":"","format":"standard","meta":{"footnotes":""},"categories":[16,14],"tags":[],"class_list":{"0":"post-5552","1":"post","2":"type-post","3":"status-publish","4":"format-standard","5":"has-post-thumbnail","7":"category-destacadas","8":"category-noticias"},"_links":{"self":[{"href":"https:\/\/prensa.sma.gob.ar\/index.php?rest_route=\/wp\/v2\/posts\/5552","targetHints":{"allow":["GET"]}}],"collection":[{"href":"https:\/\/prensa.sma.gob.ar\/index.php?rest_route=\/wp\/v2\/posts"}],"about":[{"href":"https:\/\/prensa.sma.gob.ar\/index.php?rest_route=\/wp\/v2\/types\/post"}],"author":[{"embeddable":true,"href":"https:\/\/prensa.sma.gob.ar\/index.php?rest_route=\/wp\/v2\/users\/2"}],"replies":[{"embeddable":true,"href":"https:\/\/prensa.sma.gob.ar\/index.php?rest_route=%2Fwp%2Fv2%2Fcomments&post=5552"}],"version-history":[{"count":1,"href":"https:\/\/prensa.sma.gob.ar\/index.php?rest_route=\/wp\/v2\/posts\/5552\/revisions"}],"predecessor-version":[{"id":5559,"href":"https:\/\/prensa.sma.gob.ar\/index.php?rest_route=\/wp\/v2\/posts\/5552\/revisions\/5559"}],"wp:featuredmedia":[{"embeddable":true,"href":"https:\/\/prensa.sma.gob.ar\/index.php?rest_route=\/wp\/v2\/media\/5553"}],"wp:attachment":[{"href":"https:\/\/prensa.sma.gob.ar\/index.php?rest_route=%2Fwp%2Fv2%2Fmedia&parent=5552"}],"wp:term":[{"taxonomy":"category","embeddable":true,"href":"https:\/\/prensa.sma.gob.ar\/index.php?rest_route=%2Fwp%2Fv2%2Fcategories&post=5552"},{"taxonomy":"post_tag","embeddable":true,"href":"https:\/\/prensa.sma.gob.ar\/index.php?rest_route=%2Fwp%2Fv2%2Ftags&post=5552"}],"curies":[{"name":"wp","href":"https:\/\/api.w.org\/{rel}","templated":true}]}}