{"id":5562,"date":"2025-02-11T15:05:40","date_gmt":"2025-02-11T15:05:40","guid":{"rendered":"https:\/\/prensa.sma.gob.ar\/?p=5562"},"modified":"2025-02-12T14:04:43","modified_gmt":"2025-02-12T14:04:43","slug":"el-14-de-febrero-abren-las-inscripciones-para-las-becas-estudiantiles-gregorio-alvarez","status":"publish","type":"post","link":"https:\/\/prensa.sma.gob.ar\/?p=5562","title":{"rendered":"El 14 de febrero abren las inscripciones para las becas estudiantiles Gregorio \u00c1lvarez"},"content":{"rendered":"\n<p>Entre este viernes 14 y el jueves 27 de febrero estar\u00e1n abiertas las inscripciones de las becas estudiantiles Gregorio \u00c1lvarez, Plan Provincial Redistribuir Oportunidades. Durante esos d\u00edas, podr\u00e1n anotarse quienes lo hacen por primera vez. Quienes ya obtuvieron una beca y desean renovarla, podr\u00e1n hacerlo a partir del 28 febrero y hasta el 14 de marzo.<\/p>\n\n\n\n<p>Las becas Gregorio \u00c1lvarez son un programa del Gobierno neuquino, que aplica para estudiantes del Nivel Obligatorio (Inicial, Primario y Secundario); Nivel Superior (Terciario y Universitario); Formaci\u00f3n Profesional y para quienes aspiran a terminar la Escuela Secundaria.<\/p>\n\n\n\n<p>El objetivo del programa es reinsertar, retener y asegurar la permanencia de neuquinos y neuquinas entre 4 y 35 a\u00f1os, que est\u00e1n en riesgo de abandonar sus estudios o se encuentran fuera del sistema educativo. Tambi\u00e9n busca fomentar el desarrollo de oficios a trav\u00e9s de la educaci\u00f3n t\u00e9cnica terciaria superior y talleres de especializaci\u00f3n de r\u00e1pida salida laboral.<\/p>\n\n\n\n<p>Las inscripciones y consultas se pueden realizar a trav\u00e9s de la p\u00e1gina web del Ministerio de Educaci\u00f3n de la provincia de Neuqu\u00e9n: <\/p>\n\n\n\n<p><a href=\"https:\/\/www.neuquen.gob.ar\/educaneuquen\">https:\/\/www.neuquen.gob.ar\/educaneuquen<\/a><\/p>\n\n\n\n<p> o, de manera presencial, en San Mart\u00edn de los Andes, en los siguientes puntos y horarios:<\/p>\n\n\n\n<p>Secretar\u00eda de Desarrollo Social, calles Drury y Fosbery, de 8 a 13.<\/p>\n\n\n\n<p>Punto Digital, calle Cerro de la Virgen 1846, en Cordones del Chapelco, de lunes a viernes, de 9 a 12.<\/p>\n\n\n\n<p>Direcci\u00f3n General de Educaci\u00f3n, en el primer piso de Centro de Estudios Sol de los Andes, ex Hotel Sol, de lunes a viernes, de 9 a 12.<\/p>\n\n\n\n<p>Tel\u00e9fono de la Direcci\u00f3n General de educaci\u00f3n: 427315 interno 363.<\/p>\n","protected":false},"excerpt":{"rendered":"<p>Entre este viernes 14 y el jueves 27 de febrero estar\u00e1n abiertas las inscripciones de las becas estudiantiles Gregorio \u00c1lvarez, Plan Provincial Redistribuir Oportunidades. Durante esos d\u00edas, podr\u00e1n anotarse quienes lo hacen por primera vez. Quienes ya obtuvieron una beca y desean renovarla, podr\u00e1n hacerlo a partir del 28 febrero y hasta el 14 de [&hellip;]<\/p>\n","protected":false},"author":1,"featured_media":5563,"comment_status":"closed","ping_status":"open","sticky":false,"template":"","format":"standard","meta":{"footnotes":""},"categories":[16,9,14,17],"tags":[],"class_list":{"0":"post-5562","1":"post","2":"type-post","3":"status-publish","4":"format-standard","5":"has-post-thumbnail","7":"category-destacadas","8":"category-educacion","9":"category-noticias","10":"category-portada"},"_links":{"self":[{"href":"https:\/\/prensa.sma.gob.ar\/index.php?rest_route=\/wp\/v2\/posts\/5562","targetHints":{"allow":["GET"]}}],"collection":[{"href":"https:\/\/prensa.sma.gob.ar\/index.php?rest_route=\/wp\/v2\/posts"}],"about":[{"href":"https:\/\/prensa.sma.gob.ar\/index.php?rest_route=\/wp\/v2\/types\/post"}],"author":[{"embeddable":true,"href":"https:\/\/prensa.sma.gob.ar\/index.php?rest_route=\/wp\/v2\/users\/1"}],"replies":[{"embeddable":true,"href":"https:\/\/prensa.sma.gob.ar\/index.php?rest_route=%2Fwp%2Fv2%2Fcomments&post=5562"}],"version-history":[{"count":2,"href":"https:\/\/prensa.sma.gob.ar\/index.php?rest_route=\/wp\/v2\/posts\/5562\/revisions"}],"predecessor-version":[{"id":5586,"href":"https:\/\/prensa.sma.gob.ar\/index.php?rest_route=\/wp\/v2\/posts\/5562\/revisions\/5586"}],"wp:featuredmedia":[{"embeddable":true,"href":"https:\/\/prensa.sma.gob.ar\/index.php?rest_route=\/wp\/v2\/media\/5563"}],"wp:attachment":[{"href":"https:\/\/prensa.sma.gob.ar\/index.php?rest_route=%2Fwp%2Fv2%2Fmedia&parent=5562"}],"wp:term":[{"taxonomy":"category","embeddable":true,"href":"https:\/\/prensa.sma.gob.ar\/index.php?rest_route=%2Fwp%2Fv2%2Fcategories&post=5562"},{"taxonomy":"post_tag","embeddable":true,"href":"https:\/\/prensa.sma.gob.ar\/index.php?rest_route=%2Fwp%2Fv2%2Ftags&post=5562"}],"curies":[{"name":"wp","href":"https:\/\/api.w.org\/{rel}","templated":true}]}}