{"id":5565,"date":"2025-02-11T15:48:34","date_gmt":"2025-02-11T15:48:34","guid":{"rendered":"https:\/\/prensa.sma.gob.ar\/?p=5565"},"modified":"2025-02-11T15:48:35","modified_gmt":"2025-02-11T15:48:35","slug":"continua-la-colaboracion-con-camiones-cisternas-en-la-lucha-contra-el-fuego-en-valle-magdalena","status":"publish","type":"post","link":"https:\/\/prensa.sma.gob.ar\/?p=5565","title":{"rendered":"Contin\u00faa la colaboraci\u00f3n con camiones cisternas en la lucha contra el fuego en Valle Magdalena"},"content":{"rendered":"\n<p>Tras el relevo de veh\u00edculos y choferes, realizado este lunes, est\u00e1n operativos en Mamuil Malal cuatro camiones que prestan tareas de abastecimiento de agua a unidades que combaten el incendio en Valle Magdalena.<\/p>\n\n\n\n<p>Este operativo se mantendr\u00e1 de acuerdo a los requerimientos del Comando Unificado que conforman el Gobierno de la provincia de Neuqu\u00e9n y el Parque Nacional Lan\u00edn, junto al Municipio de Jun\u00edn de los Andes.<\/p>\n\n\n\n<p>Desde el pasado fin de semana, el Municipio de San Mart\u00edn de los Andes sum\u00f3 camiones cisterna tras un pedido que surgi\u00f3 de la comunicaci\u00f3n permanente entre los dos Municipios y en base a las necesidades evaluadas por las autoridades que coordinan las tareas.<\/p>\n\n\n\n<p>Se trata de veh\u00edculos contratados en San Mart\u00edn de los Andes y su disponibilidad fue instrumentada por personal de la Subsecretar\u00eda de Servicios P\u00fablicos y de la Direcci\u00f3n de Protecci\u00f3n Civil.<\/p>\n\n\n\n<p>El envi\u00f3 este lunes de las unidades de recambio, que puede resentir el servicio de riego de calles en nuestra ciudad, se funda en la necesidad de priorizar la emergencia y sumar a san Mart\u00edn de los Andes cada vez que exista un requerimiento de estas caracter\u00edsticas.<\/p>\n\n\n\n<p>Este lunes, el intendente Carlos Saloniti recibi\u00f3 en su despacho al subsecretario de Servicios P\u00fablicos, Antonio Torres, al jefe del Departamento de Mantenimiento de Calles y Acueductos, Mario Ram\u00edrez, y al director de Protecci\u00f3n Civil, Sebasti\u00e1n Torcivia, quienes acercaron informaci\u00f3n de primera mano sobre las tareas.<\/p>\n\n\n\n<p>Saloniti agradeci\u00f3 el trabajo, ratific\u00f3 que San Mart\u00edn de los Andes est\u00e1 a disposici\u00f3n de lo que demande el Comando Unificado y reafirm\u00f3 el rol del Estado municipal para sumarse a los requerimientos del Estado provincial y de Parques Nacionales.<\/p>\n\n\n\n<p>Los funcionarios destacaron la coordinaci\u00f3n con otros actores importantes en esta tarea, ratificaron la importancia del abastecimiento de agua como eslab\u00f3n fundamental en la cadena de lucha contra el fuego y reafirmaron que el objetivo encomendado se est\u00e1 cumpliendo.<\/p>\n\n\n\n<p>El Municipio se suma al pedido a la comunidad que hacen las instituciones que intervienen de extremar los cuidados para evitar incendios, ya que el combate en Valle Magdalena concentra muchos recursos, esfuerzos de personal, equipamiento y maquinarias. Tambi\u00e9n solicita a la poblaci\u00f3n informarse \u00fanicamente a trav\u00e9s de las v\u00edas de comunicaci\u00f3n oficiales.<\/p>\n\n\n\n<figure class=\"wp-block-gallery has-nested-images columns-default is-cropped wp-block-gallery-1 is-layout-flex wp-block-gallery-is-layout-flex\">\n<figure class=\"wp-block-image size-large\"><img loading=\"lazy\" decoding=\"async\" width=\"1024\" height=\"768\" data-id=\"5567\" src=\"https:\/\/prensa.sma.gob.ar\/wp-content\/uploads\/2025\/02\/INCENDIO--1024x768.jpg\" alt=\"\" class=\"wp-image-5567\" srcset=\"https:\/\/prensa.sma.gob.ar\/wp-content\/uploads\/2025\/02\/INCENDIO--1024x768.jpg 1024w, https:\/\/prensa.sma.gob.ar\/wp-content\/uploads\/2025\/02\/INCENDIO--300x225.jpg 300w, https:\/\/prensa.sma.gob.ar\/wp-content\/uploads\/2025\/02\/INCENDIO--768x576.jpg 768w, https:\/\/prensa.sma.gob.ar\/wp-content\/uploads\/2025\/02\/INCENDIO--560x420.jpg 560w, https:\/\/prensa.sma.gob.ar\/wp-content\/uploads\/2025\/02\/INCENDIO--80x60.jpg 80w, https:\/\/prensa.sma.gob.ar\/wp-content\/uploads\/2025\/02\/INCENDIO--696x522.jpg 696w, https:\/\/prensa.sma.gob.ar\/wp-content\/uploads\/2025\/02\/INCENDIO--1068x801.jpg 1068w, https:\/\/prensa.sma.gob.ar\/wp-content\/uploads\/2025\/02\/INCENDIO-.jpg 1280w\" sizes=\"auto, (max-width: 1024px) 100vw, 1024px\" \/><\/figure>\n\n\n\n<figure class=\"wp-block-image size-large\"><img loading=\"lazy\" decoding=\"async\" width=\"1024\" height=\"768\" data-id=\"5569\" src=\"https:\/\/prensa.sma.gob.ar\/wp-content\/uploads\/2025\/02\/INCENDIO-1-1024x768.jpg\" alt=\"\" class=\"wp-image-5569\" srcset=\"https:\/\/prensa.sma.gob.ar\/wp-content\/uploads\/2025\/02\/INCENDIO-1-1024x768.jpg 1024w, https:\/\/prensa.sma.gob.ar\/wp-content\/uploads\/2025\/02\/INCENDIO-1-300x225.jpg 300w, https:\/\/prensa.sma.gob.ar\/wp-content\/uploads\/2025\/02\/INCENDIO-1-768x576.jpg 768w, https:\/\/prensa.sma.gob.ar\/wp-content\/uploads\/2025\/02\/INCENDIO-1-560x420.jpg 560w, https:\/\/prensa.sma.gob.ar\/wp-content\/uploads\/2025\/02\/INCENDIO-1-80x60.jpg 80w, https:\/\/prensa.sma.gob.ar\/wp-content\/uploads\/2025\/02\/INCENDIO-1-696x522.jpg 696w, https:\/\/prensa.sma.gob.ar\/wp-content\/uploads\/2025\/02\/INCENDIO-1-1068x801.jpg 1068w, https:\/\/prensa.sma.gob.ar\/wp-content\/uploads\/2025\/02\/INCENDIO-1.jpg 1280w\" sizes=\"auto, (max-width: 1024px) 100vw, 1024px\" \/><\/figure>\n\n\n\n<figure class=\"wp-block-image size-large\"><img loading=\"lazy\" decoding=\"async\" width=\"1024\" height=\"461\" data-id=\"5568\" src=\"https:\/\/prensa.sma.gob.ar\/wp-content\/uploads\/2025\/02\/INCENDIO-2-1024x461.jpg\" alt=\"\" class=\"wp-image-5568\" srcset=\"https:\/\/prensa.sma.gob.ar\/wp-content\/uploads\/2025\/02\/INCENDIO-2-1024x461.jpg 1024w, https:\/\/prensa.sma.gob.ar\/wp-content\/uploads\/2025\/02\/INCENDIO-2-300x135.jpg 300w, https:\/\/prensa.sma.gob.ar\/wp-content\/uploads\/2025\/02\/INCENDIO-2-768x346.jpg 768w, https:\/\/prensa.sma.gob.ar\/wp-content\/uploads\/2025\/02\/INCENDIO-2-933x420.jpg 933w, https:\/\/prensa.sma.gob.ar\/wp-content\/uploads\/2025\/02\/INCENDIO-2-696x313.jpg 696w, https:\/\/prensa.sma.gob.ar\/wp-content\/uploads\/2025\/02\/INCENDIO-2-1068x481.jpg 1068w, https:\/\/prensa.sma.gob.ar\/wp-content\/uploads\/2025\/02\/INCENDIO-2.jpg 1280w\" sizes=\"auto, (max-width: 1024px) 100vw, 1024px\" \/><\/figure>\n<\/figure>\n","protected":false},"excerpt":{"rendered":"<p>Tras el relevo de veh\u00edculos y choferes, realizado este lunes, est\u00e1n operativos en Mamuil Malal cuatro camiones que prestan tareas de abastecimiento de agua a unidades que combaten el incendio en Valle Magdalena. Este operativo se mantendr\u00e1 de acuerdo a los requerimientos del Comando Unificado que conforman el Gobierno de la provincia de Neuqu\u00e9n y [&hellip;]<\/p>\n","protected":false},"author":1,"featured_media":5566,"comment_status":"closed","ping_status":"open","sticky":false,"template":"","format":"standard","meta":{"footnotes":""},"categories":[16,14,17],"tags":[],"class_list":{"0":"post-5565","1":"post","2":"type-post","3":"status-publish","4":"format-standard","5":"has-post-thumbnail","7":"category-destacadas","8":"category-noticias","9":"category-portada"},"_links":{"self":[{"href":"https:\/\/prensa.sma.gob.ar\/index.php?rest_route=\/wp\/v2\/posts\/5565","targetHints":{"allow":["GET"]}}],"collection":[{"href":"https:\/\/prensa.sma.gob.ar\/index.php?rest_route=\/wp\/v2\/posts"}],"about":[{"href":"https:\/\/prensa.sma.gob.ar\/index.php?rest_route=\/wp\/v2\/types\/post"}],"author":[{"embeddable":true,"href":"https:\/\/prensa.sma.gob.ar\/index.php?rest_route=\/wp\/v2\/users\/1"}],"replies":[{"embeddable":true,"href":"https:\/\/prensa.sma.gob.ar\/index.php?rest_route=%2Fwp%2Fv2%2Fcomments&post=5565"}],"version-history":[{"count":1,"href":"https:\/\/prensa.sma.gob.ar\/index.php?rest_route=\/wp\/v2\/posts\/5565\/revisions"}],"predecessor-version":[{"id":5570,"href":"https:\/\/prensa.sma.gob.ar\/index.php?rest_route=\/wp\/v2\/posts\/5565\/revisions\/5570"}],"wp:featuredmedia":[{"embeddable":true,"href":"https:\/\/prensa.sma.gob.ar\/index.php?rest_route=\/wp\/v2\/media\/5566"}],"wp:attachment":[{"href":"https:\/\/prensa.sma.gob.ar\/index.php?rest_route=%2Fwp%2Fv2%2Fmedia&parent=5565"}],"wp:term":[{"taxonomy":"category","embeddable":true,"href":"https:\/\/prensa.sma.gob.ar\/index.php?rest_route=%2Fwp%2Fv2%2Fcategories&post=5565"},{"taxonomy":"post_tag","embeddable":true,"href":"https:\/\/prensa.sma.gob.ar\/index.php?rest_route=%2Fwp%2Fv2%2Ftags&post=5565"}],"curies":[{"name":"wp","href":"https:\/\/api.w.org\/{rel}","templated":true}]}}