{"id":5574,"date":"2025-02-12T11:34:06","date_gmt":"2025-02-12T11:34:06","guid":{"rendered":"https:\/\/prensa.sma.gob.ar\/?p=5574"},"modified":"2025-02-12T11:34:07","modified_gmt":"2025-02-12T11:34:07","slug":"el-intendente-saloniti-recibio-a-vecinas-y-vecinos-del-barrio-autogestivo-el-trebol","status":"publish","type":"post","link":"https:\/\/prensa.sma.gob.ar\/?p=5574","title":{"rendered":"El intendente Saloniti recibi\u00f3 a vecinas y vecinos del barrio autogestivo El Tr\u00e9bol"},"content":{"rendered":"\n<p>Tras la reciente firma del convenio de asistencia financiera con el Gobierno neuquino y el Municipio, vecinas y vecinos del barrio autogestivo El Tr\u00e9bol visitaron al intendente Carlos Saloniti, con quien repasaron los pr\u00f3ximos pasos para materializar el acuerdo.<\/p>\n\n\n\n<p>Durante el encuentro, los vecinos explicaron las gestiones realizadas hasta el momento para que el barrio pueda acceder a los servicios de agua, caminer\u00eda y energ\u00eda el\u00e9ctrica, gracias al acuerdo de financiamiento firmado el pasado 4 de febrero.<\/p>\n\n\n\n<p>El intendente Saloniti confirm\u00f3 que en las pr\u00f3ximas horas remitir\u00e1 al Concejo Deliberante el proyecto de ordenanza que ratifica el convenio suscripto con la Agencia de Desarrollo Urbano Sustentable (ADUS), mediante el cual el organismo provincial aprob\u00f3 el financiamiento por 668 millones de pesos de la obra de \u201cInfraestructura b\u00e1sica para 64 lotes del Sector Kaleuche\u201d.<\/p>\n\n\n\n<p>Mediante ese convenio, el Municipio, como contrayente del financiamiento, asume la funci\u00f3n de organizador del proyecto, ejecutor de la obra por s\u00ed o a trav\u00e9s de contratistas y como garante del repago por parte de los vecinos.<\/p>\n\n\n\n<p>El jefe comunal ratific\u00f3 el compromiso del Municipio en este proyecto y comprometi\u00f3 a una nueva reuni\u00f3n con vecinas y vecinos una vez que el Concejo Deliberante apruebe la ratificaci\u00f3n del convenio de financiamiento.<\/p>\n\n\n\n<p>De la reuni\u00f3n con el intendente Saloniti participaron el concejal Santiago Fern\u00e1ndez, los funcionarios del Instituto de Vivienda y H\u00e1bitat del Municipio Alejandra De Bonis y Ramiro Morel y, por el barrio El Tr\u00e9bol, Mariana Rizzo; Patricio P\u00e9rez y Marcelo Fern\u00e1ndez.<\/p>\n\n\n\n<figure class=\"wp-block-gallery has-nested-images columns-default is-cropped wp-block-gallery-1 is-layout-flex wp-block-gallery-is-layout-flex\">\n<figure class=\"wp-block-image size-large\"><img loading=\"lazy\" decoding=\"async\" width=\"1024\" height=\"602\" data-id=\"5578\" src=\"https:\/\/prensa.sma.gob.ar\/wp-content\/uploads\/2025\/02\/WhatsApp-Image-2025-02-11-at-09.36.45-1024x602.jpeg\" alt=\"\" class=\"wp-image-5578\" srcset=\"https:\/\/prensa.sma.gob.ar\/wp-content\/uploads\/2025\/02\/WhatsApp-Image-2025-02-11-at-09.36.45-1024x602.jpeg 1024w, https:\/\/prensa.sma.gob.ar\/wp-content\/uploads\/2025\/02\/WhatsApp-Image-2025-02-11-at-09.36.45-300x176.jpeg 300w, https:\/\/prensa.sma.gob.ar\/wp-content\/uploads\/2025\/02\/WhatsApp-Image-2025-02-11-at-09.36.45-768x452.jpeg 768w, https:\/\/prensa.sma.gob.ar\/wp-content\/uploads\/2025\/02\/WhatsApp-Image-2025-02-11-at-09.36.45-1536x903.jpeg 1536w, https:\/\/prensa.sma.gob.ar\/wp-content\/uploads\/2025\/02\/WhatsApp-Image-2025-02-11-at-09.36.45-714x420.jpeg 714w, https:\/\/prensa.sma.gob.ar\/wp-content\/uploads\/2025\/02\/WhatsApp-Image-2025-02-11-at-09.36.45-696x409.jpeg 696w, https:\/\/prensa.sma.gob.ar\/wp-content\/uploads\/2025\/02\/WhatsApp-Image-2025-02-11-at-09.36.45-1068x628.jpeg 1068w, https:\/\/prensa.sma.gob.ar\/wp-content\/uploads\/2025\/02\/WhatsApp-Image-2025-02-11-at-09.36.45.jpeg 1600w\" sizes=\"auto, (max-width: 1024px) 100vw, 1024px\" \/><\/figure>\n\n\n\n<figure class=\"wp-block-image size-large\"><img loading=\"lazy\" decoding=\"async\" width=\"1024\" height=\"576\" data-id=\"5577\" src=\"https:\/\/prensa.sma.gob.ar\/wp-content\/uploads\/2025\/02\/WhatsApp-Image-2025-02-11-at-09.36.46-1024x576.jpeg\" alt=\"\" class=\"wp-image-5577\" srcset=\"https:\/\/prensa.sma.gob.ar\/wp-content\/uploads\/2025\/02\/WhatsApp-Image-2025-02-11-at-09.36.46-1024x576.jpeg 1024w, https:\/\/prensa.sma.gob.ar\/wp-content\/uploads\/2025\/02\/WhatsApp-Image-2025-02-11-at-09.36.46-300x169.jpeg 300w, https:\/\/prensa.sma.gob.ar\/wp-content\/uploads\/2025\/02\/WhatsApp-Image-2025-02-11-at-09.36.46-768x432.jpeg 768w, https:\/\/prensa.sma.gob.ar\/wp-content\/uploads\/2025\/02\/WhatsApp-Image-2025-02-11-at-09.36.46-1536x864.jpeg 1536w, https:\/\/prensa.sma.gob.ar\/wp-content\/uploads\/2025\/02\/WhatsApp-Image-2025-02-11-at-09.36.46-747x420.jpeg 747w, https:\/\/prensa.sma.gob.ar\/wp-content\/uploads\/2025\/02\/WhatsApp-Image-2025-02-11-at-09.36.46-696x392.jpeg 696w, https:\/\/prensa.sma.gob.ar\/wp-content\/uploads\/2025\/02\/WhatsApp-Image-2025-02-11-at-09.36.46-1068x601.jpeg 1068w, https:\/\/prensa.sma.gob.ar\/wp-content\/uploads\/2025\/02\/WhatsApp-Image-2025-02-11-at-09.36.46.jpeg 1600w\" sizes=\"auto, (max-width: 1024px) 100vw, 1024px\" \/><\/figure>\n\n\n\n<figure class=\"wp-block-image size-large\"><img loading=\"lazy\" decoding=\"async\" width=\"1024\" height=\"618\" data-id=\"5575\" src=\"https:\/\/prensa.sma.gob.ar\/wp-content\/uploads\/2025\/02\/WhatsApp-Image-2025-02-11-at-09.36.47-1024x618.jpeg\" alt=\"\" class=\"wp-image-5575\" srcset=\"https:\/\/prensa.sma.gob.ar\/wp-content\/uploads\/2025\/02\/WhatsApp-Image-2025-02-11-at-09.36.47-1024x618.jpeg 1024w, https:\/\/prensa.sma.gob.ar\/wp-content\/uploads\/2025\/02\/WhatsApp-Image-2025-02-11-at-09.36.47-300x181.jpeg 300w, https:\/\/prensa.sma.gob.ar\/wp-content\/uploads\/2025\/02\/WhatsApp-Image-2025-02-11-at-09.36.47-768x464.jpeg 768w, https:\/\/prensa.sma.gob.ar\/wp-content\/uploads\/2025\/02\/WhatsApp-Image-2025-02-11-at-09.36.47-1536x927.jpeg 1536w, https:\/\/prensa.sma.gob.ar\/wp-content\/uploads\/2025\/02\/WhatsApp-Image-2025-02-11-at-09.36.47-696x420.jpeg 696w, https:\/\/prensa.sma.gob.ar\/wp-content\/uploads\/2025\/02\/WhatsApp-Image-2025-02-11-at-09.36.47-1068x645.jpeg 1068w, https:\/\/prensa.sma.gob.ar\/wp-content\/uploads\/2025\/02\/WhatsApp-Image-2025-02-11-at-09.36.47.jpeg 1600w\" sizes=\"auto, (max-width: 1024px) 100vw, 1024px\" \/><\/figure>\n<\/figure>\n","protected":false},"excerpt":{"rendered":"<p>Tras la reciente firma del convenio de asistencia financiera con el Gobierno neuquino y el Municipio, vecinas y vecinos del barrio autogestivo El Tr\u00e9bol visitaron al intendente Carlos Saloniti, con quien repasaron los pr\u00f3ximos pasos para materializar el acuerdo. Durante el encuentro, los vecinos explicaron las gestiones realizadas hasta el momento para que el barrio [&hellip;]<\/p>\n","protected":false},"author":2,"featured_media":5576,"comment_status":"closed","ping_status":"open","sticky":false,"template":"","format":"standard","meta":{"footnotes":""},"categories":[16,14,37],"tags":[],"class_list":{"0":"post-5574","1":"post","2":"type-post","3":"status-publish","4":"format-standard","5":"has-post-thumbnail","7":"category-destacadas","8":"category-noticias","9":"category-vivienda"},"_links":{"self":[{"href":"https:\/\/prensa.sma.gob.ar\/index.php?rest_route=\/wp\/v2\/posts\/5574","targetHints":{"allow":["GET"]}}],"collection":[{"href":"https:\/\/prensa.sma.gob.ar\/index.php?rest_route=\/wp\/v2\/posts"}],"about":[{"href":"https:\/\/prensa.sma.gob.ar\/index.php?rest_route=\/wp\/v2\/types\/post"}],"author":[{"embeddable":true,"href":"https:\/\/prensa.sma.gob.ar\/index.php?rest_route=\/wp\/v2\/users\/2"}],"replies":[{"embeddable":true,"href":"https:\/\/prensa.sma.gob.ar\/index.php?rest_route=%2Fwp%2Fv2%2Fcomments&post=5574"}],"version-history":[{"count":1,"href":"https:\/\/prensa.sma.gob.ar\/index.php?rest_route=\/wp\/v2\/posts\/5574\/revisions"}],"predecessor-version":[{"id":5579,"href":"https:\/\/prensa.sma.gob.ar\/index.php?rest_route=\/wp\/v2\/posts\/5574\/revisions\/5579"}],"wp:featuredmedia":[{"embeddable":true,"href":"https:\/\/prensa.sma.gob.ar\/index.php?rest_route=\/wp\/v2\/media\/5576"}],"wp:attachment":[{"href":"https:\/\/prensa.sma.gob.ar\/index.php?rest_route=%2Fwp%2Fv2%2Fmedia&parent=5574"}],"wp:term":[{"taxonomy":"category","embeddable":true,"href":"https:\/\/prensa.sma.gob.ar\/index.php?rest_route=%2Fwp%2Fv2%2Fcategories&post=5574"},{"taxonomy":"post_tag","embeddable":true,"href":"https:\/\/prensa.sma.gob.ar\/index.php?rest_route=%2Fwp%2Fv2%2Ftags&post=5574"}],"curies":[{"name":"wp","href":"https:\/\/api.w.org\/{rel}","templated":true}]}}