{"id":5580,"date":"2025-02-12T11:20:31","date_gmt":"2025-02-12T11:20:31","guid":{"rendered":"https:\/\/prensa.sma.gob.ar\/?p=5580"},"modified":"2025-02-12T11:42:21","modified_gmt":"2025-02-12T11:42:21","slug":"vecinas-y-vecinos-del-barrio-parque-rosales-buscan-tener-su-primera-comision-vecinal","status":"publish","type":"post","link":"https:\/\/prensa.sma.gob.ar\/?p=5580","title":{"rendered":"Vecinas y vecinos del barrio Parque Rosales buscan tener su primera Comisi\u00f3n Vecinal"},"content":{"rendered":"\n<p>Vecinas y vecinos de Parque Rosales se reunieron con personal de la Subsecretar\u00eda de Juntas Vecinales para avanzar en su proyecto de conformar la nueva Comisi\u00f3n Vecinal del barrio.<\/p>\n\n\n\n<p>Durante el encuentro, el grupo recibi\u00f3 explicaciones del proceso eleccionario y detalles de los requisitos que se deben cumplir para poder ser parte de la Comisi\u00f3n Vecinal, seg\u00fan lo dictamina la ordenanza que regula las Juntas Vecinales.<\/p>\n\n\n\n<p>Las personas que asistieron a la reuni\u00f3n, llevada a cabo este lunes en la vivienda de una vecina del barrio, realizaron preguntas referidas al funcionamiento de las comisiones.<\/p>\n\n\n\n<p>Desde la Subsecretar\u00eda de Juntas Vecinales se incentiv\u00f3 la participaci\u00f3n comunitaria y se destac\u00f3 la importancia de tener representantes barriales que sean nexo con el Municipio.<\/p>\n","protected":false},"excerpt":{"rendered":"<p>Vecinas y vecinos de Parque Rosales se reunieron con personal de la Subsecretar\u00eda de Juntas Vecinales para avanzar en su proyecto de conformar la nueva Comisi\u00f3n Vecinal del barrio. Durante el encuentro, el grupo recibi\u00f3 explicaciones del proceso eleccionario y detalles de los requisitos que se deben cumplir para poder ser parte de la Comisi\u00f3n [&hellip;]<\/p>\n","protected":false},"author":1,"featured_media":5581,"comment_status":"closed","ping_status":"open","sticky":false,"template":"","format":"standard","meta":{"footnotes":""},"categories":[16,39,14],"tags":[],"class_list":{"0":"post-5580","1":"post","2":"type-post","3":"status-publish","4":"format-standard","5":"has-post-thumbnail","7":"category-destacadas","8":"category-subs-juntas-vecinales","9":"category-noticias"},"_links":{"self":[{"href":"https:\/\/prensa.sma.gob.ar\/index.php?rest_route=\/wp\/v2\/posts\/5580","targetHints":{"allow":["GET"]}}],"collection":[{"href":"https:\/\/prensa.sma.gob.ar\/index.php?rest_route=\/wp\/v2\/posts"}],"about":[{"href":"https:\/\/prensa.sma.gob.ar\/index.php?rest_route=\/wp\/v2\/types\/post"}],"author":[{"embeddable":true,"href":"https:\/\/prensa.sma.gob.ar\/index.php?rest_route=\/wp\/v2\/users\/1"}],"replies":[{"embeddable":true,"href":"https:\/\/prensa.sma.gob.ar\/index.php?rest_route=%2Fwp%2Fv2%2Fcomments&post=5580"}],"version-history":[{"count":1,"href":"https:\/\/prensa.sma.gob.ar\/index.php?rest_route=\/wp\/v2\/posts\/5580\/revisions"}],"predecessor-version":[{"id":5582,"href":"https:\/\/prensa.sma.gob.ar\/index.php?rest_route=\/wp\/v2\/posts\/5580\/revisions\/5582"}],"wp:featuredmedia":[{"embeddable":true,"href":"https:\/\/prensa.sma.gob.ar\/index.php?rest_route=\/wp\/v2\/media\/5581"}],"wp:attachment":[{"href":"https:\/\/prensa.sma.gob.ar\/index.php?rest_route=%2Fwp%2Fv2%2Fmedia&parent=5580"}],"wp:term":[{"taxonomy":"category","embeddable":true,"href":"https:\/\/prensa.sma.gob.ar\/index.php?rest_route=%2Fwp%2Fv2%2Fcategories&post=5580"},{"taxonomy":"post_tag","embeddable":true,"href":"https:\/\/prensa.sma.gob.ar\/index.php?rest_route=%2Fwp%2Fv2%2Ftags&post=5580"}],"curies":[{"name":"wp","href":"https:\/\/api.w.org\/{rel}","templated":true}]}}