{"id":5588,"date":"2025-02-12T14:46:04","date_gmt":"2025-02-12T14:46:04","guid":{"rendered":"https:\/\/prensa.sma.gob.ar\/?p=5588"},"modified":"2025-02-12T14:46:05","modified_gmt":"2025-02-12T14:46:05","slug":"renovacion-del-beneficio-del-boleto-estudiantil-gratuito","status":"publish","type":"post","link":"https:\/\/prensa.sma.gob.ar\/?p=5588","title":{"rendered":"Renovaci\u00f3n del beneficio del boleto estudiantil gratuito"},"content":{"rendered":"\n<p>La Unidad de Gesti\u00f3n SUBE de San Mart\u00edn de los Andes convoca a renovar el beneficio de boleto estudiantil gratuito, a partir del lunes 17 de febrero. El tr\u00e1mite es para todos los niveles escolares y se podr\u00e1 realizar en la oficina Sube (terminal de \u00f3mnibus), de 8 a 13.30hs.<\/p>\n\n\n\n<p>Requisitos sin excepci\u00f3n:<\/p>\n\n\n\n<p>DNI \u00daLTIMA VERSI\u00d3N EN MANO O EL DE MI ARGENTINA<\/p>\n\n\n\n<p>TARJETA SUBE CON FOTO ACTUALIZADA (si no tienen sube la pueden adquirir en la oficina)<\/p>\n\n\n\n<p>CERTIFICADO DE ALUMNO REGULAR DEL A\u00d1O EN CURSO 2025 EMITIDO POR LA INSTITUCION.<\/p>\n\n\n\n<p><\/p>\n","protected":false},"excerpt":{"rendered":"<p>La Unidad de Gesti\u00f3n SUBE de San Mart\u00edn de los Andes convoca a renovar el beneficio de boleto estudiantil gratuito, a partir del lunes 17 de febrero. El tr\u00e1mite es para todos los niveles escolares y se podr\u00e1 realizar en la oficina Sube (terminal de \u00f3mnibus), de 8 a 13.30hs. Requisitos sin excepci\u00f3n: DNI \u00daLTIMA [&hellip;]<\/p>\n","protected":false},"author":1,"featured_media":5589,"comment_status":"closed","ping_status":"open","sticky":false,"template":"","format":"standard","meta":{"footnotes":""},"categories":[16,14],"tags":[],"class_list":{"0":"post-5588","1":"post","2":"type-post","3":"status-publish","4":"format-standard","5":"has-post-thumbnail","7":"category-destacadas","8":"category-noticias"},"_links":{"self":[{"href":"https:\/\/prensa.sma.gob.ar\/index.php?rest_route=\/wp\/v2\/posts\/5588","targetHints":{"allow":["GET"]}}],"collection":[{"href":"https:\/\/prensa.sma.gob.ar\/index.php?rest_route=\/wp\/v2\/posts"}],"about":[{"href":"https:\/\/prensa.sma.gob.ar\/index.php?rest_route=\/wp\/v2\/types\/post"}],"author":[{"embeddable":true,"href":"https:\/\/prensa.sma.gob.ar\/index.php?rest_route=\/wp\/v2\/users\/1"}],"replies":[{"embeddable":true,"href":"https:\/\/prensa.sma.gob.ar\/index.php?rest_route=%2Fwp%2Fv2%2Fcomments&post=5588"}],"version-history":[{"count":1,"href":"https:\/\/prensa.sma.gob.ar\/index.php?rest_route=\/wp\/v2\/posts\/5588\/revisions"}],"predecessor-version":[{"id":5590,"href":"https:\/\/prensa.sma.gob.ar\/index.php?rest_route=\/wp\/v2\/posts\/5588\/revisions\/5590"}],"wp:featuredmedia":[{"embeddable":true,"href":"https:\/\/prensa.sma.gob.ar\/index.php?rest_route=\/wp\/v2\/media\/5589"}],"wp:attachment":[{"href":"https:\/\/prensa.sma.gob.ar\/index.php?rest_route=%2Fwp%2Fv2%2Fmedia&parent=5588"}],"wp:term":[{"taxonomy":"category","embeddable":true,"href":"https:\/\/prensa.sma.gob.ar\/index.php?rest_route=%2Fwp%2Fv2%2Fcategories&post=5588"},{"taxonomy":"post_tag","embeddable":true,"href":"https:\/\/prensa.sma.gob.ar\/index.php?rest_route=%2Fwp%2Fv2%2Ftags&post=5588"}],"curies":[{"name":"wp","href":"https:\/\/api.w.org\/{rel}","templated":true}]}}