{"id":5594,"date":"2025-02-13T14:56:13","date_gmt":"2025-02-13T14:56:13","guid":{"rendered":"https:\/\/prensa.sma.gob.ar\/?p=5594"},"modified":"2025-02-13T14:56:14","modified_gmt":"2025-02-13T14:56:14","slug":"visita-al-sitio-de-disposicion-de-barros-y-renovacion-de-compromisos-ambientales","status":"publish","type":"post","link":"https:\/\/prensa.sma.gob.ar\/?p=5594","title":{"rendered":"Visita al sitio de disposici\u00f3n de barros y renovaci\u00f3n de compromisos ambientales"},"content":{"rendered":"\n<p>El Intendente Carlos Saloniti realiz\u00f3 una visita al sitio destinado al tratamiento y disposici\u00f3n de barros provenientes de las Plantas de Tratamiento de Efluentes Cloacales de nuestra ciudad.<\/p>\n\n\n\n<p>Durante la recorrida estuvo acompa\u00f1ado por el Coordinador del Organismo de Control Municipal, Sa\u00fal Casta\u00f1eda, y por los concejales Roberto Sicilia y Pablo Padilla.<\/p>\n\n\n\n<p>Durante la inspecci\u00f3n, se evalu\u00f3 el estado actual de las instalaciones y se discutieron proyecciones a futuro para optimizar el proceso de saneamiento, especialmente en vista del acelerado desarrollo urbano y la expansi\u00f3n de barrios sociales en la regi\u00f3n.<\/p>\n\n\n\n<p>Este sitio, inaugurado en julio de 2024, cuenta con una superficie total de 5,5 hect\u00e1reas y se encuentra en una etapa inicial de operaci\u00f3n.<\/p>\n\n\n\n<p>Una de las alternativas consideradas es acelerar la activaci\u00f3n de los barros mediante un proceso ecol\u00f3gico m\u00e1s eficiente, lo que permitir\u00eda optimizar el uso del espacio disponible y mejorar la eficiencia del tratamiento.<\/p>\n\n\n\n<p>Adem\u00e1s, se destac\u00f3 la importancia de realizar inversiones en infraestructura que permitan otorgar factibilidad en \u00e1reas servidas, nuevos edificios y urbanizaciones en crecimiento.<\/p>\n\n\n\n<p>La visita subraya el compromiso de las autoridades locales en asegurar un proceso de saneamiento eficiente y sostenible, adaptado al crecimiento y desarrollo de San Mart\u00edn de los Andes y cumpliendo los requerimientos ambientales de la provincia de Neuqu\u00e9n.<\/p>\n\n\n\n<figure class=\"wp-block-gallery has-nested-images columns-default is-cropped wp-block-gallery-1 is-layout-flex wp-block-gallery-is-layout-flex\">\n<figure class=\"wp-block-image size-large\"><img loading=\"lazy\" decoding=\"async\" width=\"1024\" height=\"768\" data-id=\"5598\" src=\"https:\/\/prensa.sma.gob.ar\/wp-content\/uploads\/2025\/02\/WhatsApp-Image-2025-02-12-at-14.02.05-1024x768.jpeg\" alt=\"\" class=\"wp-image-5598\" srcset=\"https:\/\/prensa.sma.gob.ar\/wp-content\/uploads\/2025\/02\/WhatsApp-Image-2025-02-12-at-14.02.05-1024x768.jpeg 1024w, https:\/\/prensa.sma.gob.ar\/wp-content\/uploads\/2025\/02\/WhatsApp-Image-2025-02-12-at-14.02.05-300x225.jpeg 300w, https:\/\/prensa.sma.gob.ar\/wp-content\/uploads\/2025\/02\/WhatsApp-Image-2025-02-12-at-14.02.05-768x576.jpeg 768w, https:\/\/prensa.sma.gob.ar\/wp-content\/uploads\/2025\/02\/WhatsApp-Image-2025-02-12-at-14.02.05-1536x1152.jpeg 1536w, https:\/\/prensa.sma.gob.ar\/wp-content\/uploads\/2025\/02\/WhatsApp-Image-2025-02-12-at-14.02.05-560x420.jpeg 560w, https:\/\/prensa.sma.gob.ar\/wp-content\/uploads\/2025\/02\/WhatsApp-Image-2025-02-12-at-14.02.05-80x60.jpeg 80w, https:\/\/prensa.sma.gob.ar\/wp-content\/uploads\/2025\/02\/WhatsApp-Image-2025-02-12-at-14.02.05-696x522.jpeg 696w, https:\/\/prensa.sma.gob.ar\/wp-content\/uploads\/2025\/02\/WhatsApp-Image-2025-02-12-at-14.02.05-1068x801.jpeg 1068w, https:\/\/prensa.sma.gob.ar\/wp-content\/uploads\/2025\/02\/WhatsApp-Image-2025-02-12-at-14.02.05.jpeg 1600w\" sizes=\"auto, (max-width: 1024px) 100vw, 1024px\" \/><\/figure>\n\n\n\n<figure class=\"wp-block-image size-large\"><img loading=\"lazy\" decoding=\"async\" width=\"1024\" height=\"768\" data-id=\"5596\" src=\"https:\/\/prensa.sma.gob.ar\/wp-content\/uploads\/2025\/02\/WhatsApp-Image-2025-02-12-at-14.02.06-1-1024x768.jpeg\" alt=\"\" class=\"wp-image-5596\" srcset=\"https:\/\/prensa.sma.gob.ar\/wp-content\/uploads\/2025\/02\/WhatsApp-Image-2025-02-12-at-14.02.06-1-1024x768.jpeg 1024w, https:\/\/prensa.sma.gob.ar\/wp-content\/uploads\/2025\/02\/WhatsApp-Image-2025-02-12-at-14.02.06-1-300x225.jpeg 300w, https:\/\/prensa.sma.gob.ar\/wp-content\/uploads\/2025\/02\/WhatsApp-Image-2025-02-12-at-14.02.06-1-768x576.jpeg 768w, https:\/\/prensa.sma.gob.ar\/wp-content\/uploads\/2025\/02\/WhatsApp-Image-2025-02-12-at-14.02.06-1-1536x1152.jpeg 1536w, https:\/\/prensa.sma.gob.ar\/wp-content\/uploads\/2025\/02\/WhatsApp-Image-2025-02-12-at-14.02.06-1-560x420.jpeg 560w, https:\/\/prensa.sma.gob.ar\/wp-content\/uploads\/2025\/02\/WhatsApp-Image-2025-02-12-at-14.02.06-1-80x60.jpeg 80w, https:\/\/prensa.sma.gob.ar\/wp-content\/uploads\/2025\/02\/WhatsApp-Image-2025-02-12-at-14.02.06-1-696x522.jpeg 696w, https:\/\/prensa.sma.gob.ar\/wp-content\/uploads\/2025\/02\/WhatsApp-Image-2025-02-12-at-14.02.06-1-1068x801.jpeg 1068w, https:\/\/prensa.sma.gob.ar\/wp-content\/uploads\/2025\/02\/WhatsApp-Image-2025-02-12-at-14.02.06-1.jpeg 1600w\" sizes=\"auto, (max-width: 1024px) 100vw, 1024px\" \/><\/figure>\n\n\n\n<figure class=\"wp-block-image size-large\"><img loading=\"lazy\" decoding=\"async\" width=\"1024\" height=\"768\" data-id=\"5595\" src=\"https:\/\/prensa.sma.gob.ar\/wp-content\/uploads\/2025\/02\/WhatsApp-Image-2025-02-12-at-14.02.07-1024x768.jpeg\" alt=\"\" class=\"wp-image-5595\" srcset=\"https:\/\/prensa.sma.gob.ar\/wp-content\/uploads\/2025\/02\/WhatsApp-Image-2025-02-12-at-14.02.07-1024x768.jpeg 1024w, https:\/\/prensa.sma.gob.ar\/wp-content\/uploads\/2025\/02\/WhatsApp-Image-2025-02-12-at-14.02.07-300x225.jpeg 300w, https:\/\/prensa.sma.gob.ar\/wp-content\/uploads\/2025\/02\/WhatsApp-Image-2025-02-12-at-14.02.07-768x576.jpeg 768w, https:\/\/prensa.sma.gob.ar\/wp-content\/uploads\/2025\/02\/WhatsApp-Image-2025-02-12-at-14.02.07-1536x1152.jpeg 1536w, https:\/\/prensa.sma.gob.ar\/wp-content\/uploads\/2025\/02\/WhatsApp-Image-2025-02-12-at-14.02.07-560x420.jpeg 560w, https:\/\/prensa.sma.gob.ar\/wp-content\/uploads\/2025\/02\/WhatsApp-Image-2025-02-12-at-14.02.07-80x60.jpeg 80w, https:\/\/prensa.sma.gob.ar\/wp-content\/uploads\/2025\/02\/WhatsApp-Image-2025-02-12-at-14.02.07-696x522.jpeg 696w, https:\/\/prensa.sma.gob.ar\/wp-content\/uploads\/2025\/02\/WhatsApp-Image-2025-02-12-at-14.02.07-1068x801.jpeg 1068w, https:\/\/prensa.sma.gob.ar\/wp-content\/uploads\/2025\/02\/WhatsApp-Image-2025-02-12-at-14.02.07.jpeg 1600w\" sizes=\"auto, (max-width: 1024px) 100vw, 1024px\" \/><\/figure>\n<\/figure>\n","protected":false},"excerpt":{"rendered":"<p>El Intendente Carlos Saloniti realiz\u00f3 una visita al sitio destinado al tratamiento y disposici\u00f3n de barros provenientes de las Plantas de Tratamiento de Efluentes Cloacales de nuestra ciudad. Durante la recorrida estuvo acompa\u00f1ado por el Coordinador del Organismo de Control Municipal, Sa\u00fal Casta\u00f1eda, y por los concejales Roberto Sicilia y Pablo Padilla. Durante la inspecci\u00f3n, [&hellip;]<\/p>\n","protected":false},"author":2,"featured_media":5597,"comment_status":"closed","ping_status":"open","sticky":false,"template":"","format":"standard","meta":{"footnotes":""},"categories":[16,14,20,17],"tags":[],"class_list":{"0":"post-5594","1":"post","2":"type-post","3":"status-publish","4":"format-standard","5":"has-post-thumbnail","7":"category-destacadas","8":"category-noticias","9":"category-organismo-de-control-municipal","10":"category-portada"},"_links":{"self":[{"href":"https:\/\/prensa.sma.gob.ar\/index.php?rest_route=\/wp\/v2\/posts\/5594","targetHints":{"allow":["GET"]}}],"collection":[{"href":"https:\/\/prensa.sma.gob.ar\/index.php?rest_route=\/wp\/v2\/posts"}],"about":[{"href":"https:\/\/prensa.sma.gob.ar\/index.php?rest_route=\/wp\/v2\/types\/post"}],"author":[{"embeddable":true,"href":"https:\/\/prensa.sma.gob.ar\/index.php?rest_route=\/wp\/v2\/users\/2"}],"replies":[{"embeddable":true,"href":"https:\/\/prensa.sma.gob.ar\/index.php?rest_route=%2Fwp%2Fv2%2Fcomments&post=5594"}],"version-history":[{"count":1,"href":"https:\/\/prensa.sma.gob.ar\/index.php?rest_route=\/wp\/v2\/posts\/5594\/revisions"}],"predecessor-version":[{"id":5599,"href":"https:\/\/prensa.sma.gob.ar\/index.php?rest_route=\/wp\/v2\/posts\/5594\/revisions\/5599"}],"wp:featuredmedia":[{"embeddable":true,"href":"https:\/\/prensa.sma.gob.ar\/index.php?rest_route=\/wp\/v2\/media\/5597"}],"wp:attachment":[{"href":"https:\/\/prensa.sma.gob.ar\/index.php?rest_route=%2Fwp%2Fv2%2Fmedia&parent=5594"}],"wp:term":[{"taxonomy":"category","embeddable":true,"href":"https:\/\/prensa.sma.gob.ar\/index.php?rest_route=%2Fwp%2Fv2%2Fcategories&post=5594"},{"taxonomy":"post_tag","embeddable":true,"href":"https:\/\/prensa.sma.gob.ar\/index.php?rest_route=%2Fwp%2Fv2%2Ftags&post=5594"}],"curies":[{"name":"wp","href":"https:\/\/api.w.org\/{rel}","templated":true}]}}