{"id":5610,"date":"2025-02-13T15:13:19","date_gmt":"2025-02-13T15:13:19","guid":{"rendered":"https:\/\/prensa.sma.gob.ar\/?p=5610"},"modified":"2025-02-13T15:13:20","modified_gmt":"2025-02-13T15:13:20","slug":"actividades-del-municipio-desde-la-delegacion-de-cordones-del-chapelco","status":"publish","type":"post","link":"https:\/\/prensa.sma.gob.ar\/?p=5610","title":{"rendered":"Actividades del Municipio desde la Delegaci\u00f3n de Cordones del Chapelco"},"content":{"rendered":"\n<p>El Municipio realiz\u00f3 trabajos de limpieza de microbasurales y bolseo en Chacra 28 y en el barrio 110 Viviendas.<\/p>\n\n\n\n<p>Las tareas estuvieron a cargo de personal de la Delegaci\u00f3n Municipal de Cordones del Chapelco, dependiente de la Subsecretar\u00eda de Juntas Vecinales.<\/p>\n\n\n\n<p>Una vez m\u00e1s, la Municipalidad recuerda a vecinas y vecinos de todos los barrios la importancia de mantener limpios los lugares comunes.<\/p>\n\n\n\n<p>Adem\u00e1s, personal de la Delegaci\u00f3n colabora habitualmente con la Biciteca de Cordones del Chapelco, en la reparaci\u00f3n de las bicis del barrio.<\/p>\n\n\n\n<p>Las Bicitecas Populares son un programa que recibe donaciones de bicicletas, las repara y las presta a la comunidad barrial y a las escuelas.<\/p>\n\n\n\n<figure class=\"wp-block-gallery has-nested-images columns-default is-cropped wp-block-gallery-1 is-layout-flex wp-block-gallery-is-layout-flex\">\n<figure class=\"wp-block-image size-large\"><img loading=\"lazy\" decoding=\"async\" width=\"899\" height=\"711\" data-id=\"5614\" src=\"https:\/\/prensa.sma.gob.ar\/wp-content\/uploads\/2025\/02\/Bicitecas.jpg\" alt=\"\" class=\"wp-image-5614\" srcset=\"https:\/\/prensa.sma.gob.ar\/wp-content\/uploads\/2025\/02\/Bicitecas.jpg 899w, https:\/\/prensa.sma.gob.ar\/wp-content\/uploads\/2025\/02\/Bicitecas-300x237.jpg 300w, https:\/\/prensa.sma.gob.ar\/wp-content\/uploads\/2025\/02\/Bicitecas-768x607.jpg 768w, https:\/\/prensa.sma.gob.ar\/wp-content\/uploads\/2025\/02\/Bicitecas-531x420.jpg 531w, https:\/\/prensa.sma.gob.ar\/wp-content\/uploads\/2025\/02\/Bicitecas-696x550.jpg 696w\" sizes=\"auto, (max-width: 899px) 100vw, 899px\" \/><\/figure>\n\n\n\n<figure class=\"wp-block-image size-large\"><img loading=\"lazy\" decoding=\"async\" width=\"1024\" height=\"768\" data-id=\"5611\" src=\"https:\/\/prensa.sma.gob.ar\/wp-content\/uploads\/2025\/02\/WhatsApp-Image-2025-02-13-at-08.22.40-2-1024x768.jpeg\" alt=\"\" class=\"wp-image-5611\" srcset=\"https:\/\/prensa.sma.gob.ar\/wp-content\/uploads\/2025\/02\/WhatsApp-Image-2025-02-13-at-08.22.40-2-1024x768.jpeg 1024w, https:\/\/prensa.sma.gob.ar\/wp-content\/uploads\/2025\/02\/WhatsApp-Image-2025-02-13-at-08.22.40-2-300x225.jpeg 300w, https:\/\/prensa.sma.gob.ar\/wp-content\/uploads\/2025\/02\/WhatsApp-Image-2025-02-13-at-08.22.40-2-768x576.jpeg 768w, https:\/\/prensa.sma.gob.ar\/wp-content\/uploads\/2025\/02\/WhatsApp-Image-2025-02-13-at-08.22.40-2-1536x1152.jpeg 1536w, https:\/\/prensa.sma.gob.ar\/wp-content\/uploads\/2025\/02\/WhatsApp-Image-2025-02-13-at-08.22.40-2-560x420.jpeg 560w, https:\/\/prensa.sma.gob.ar\/wp-content\/uploads\/2025\/02\/WhatsApp-Image-2025-02-13-at-08.22.40-2-80x60.jpeg 80w, https:\/\/prensa.sma.gob.ar\/wp-content\/uploads\/2025\/02\/WhatsApp-Image-2025-02-13-at-08.22.40-2-696x522.jpeg 696w, https:\/\/prensa.sma.gob.ar\/wp-content\/uploads\/2025\/02\/WhatsApp-Image-2025-02-13-at-08.22.40-2-1068x801.jpeg 1068w, https:\/\/prensa.sma.gob.ar\/wp-content\/uploads\/2025\/02\/WhatsApp-Image-2025-02-13-at-08.22.40-2.jpeg 1600w\" sizes=\"auto, (max-width: 1024px) 100vw, 1024px\" \/><\/figure>\n<\/figure>\n","protected":false},"excerpt":{"rendered":"<p>El Municipio realiz\u00f3 trabajos de limpieza de microbasurales y bolseo en Chacra 28 y en el barrio 110 Viviendas. Las tareas estuvieron a cargo de personal de la Delegaci\u00f3n Municipal de Cordones del Chapelco, dependiente de la Subsecretar\u00eda de Juntas Vecinales. Una vez m\u00e1s, la Municipalidad recuerda a vecinas y vecinos de todos los barrios [&hellip;]<\/p>\n","protected":false},"author":2,"featured_media":5613,"comment_status":"closed","ping_status":"open","sticky":false,"template":"","format":"standard","meta":{"footnotes":""},"categories":[39,14],"tags":[],"class_list":{"0":"post-5610","1":"post","2":"type-post","3":"status-publish","4":"format-standard","5":"has-post-thumbnail","7":"category-subs-juntas-vecinales","8":"category-noticias"},"_links":{"self":[{"href":"https:\/\/prensa.sma.gob.ar\/index.php?rest_route=\/wp\/v2\/posts\/5610","targetHints":{"allow":["GET"]}}],"collection":[{"href":"https:\/\/prensa.sma.gob.ar\/index.php?rest_route=\/wp\/v2\/posts"}],"about":[{"href":"https:\/\/prensa.sma.gob.ar\/index.php?rest_route=\/wp\/v2\/types\/post"}],"author":[{"embeddable":true,"href":"https:\/\/prensa.sma.gob.ar\/index.php?rest_route=\/wp\/v2\/users\/2"}],"replies":[{"embeddable":true,"href":"https:\/\/prensa.sma.gob.ar\/index.php?rest_route=%2Fwp%2Fv2%2Fcomments&post=5610"}],"version-history":[{"count":1,"href":"https:\/\/prensa.sma.gob.ar\/index.php?rest_route=\/wp\/v2\/posts\/5610\/revisions"}],"predecessor-version":[{"id":5615,"href":"https:\/\/prensa.sma.gob.ar\/index.php?rest_route=\/wp\/v2\/posts\/5610\/revisions\/5615"}],"wp:featuredmedia":[{"embeddable":true,"href":"https:\/\/prensa.sma.gob.ar\/index.php?rest_route=\/wp\/v2\/media\/5613"}],"wp:attachment":[{"href":"https:\/\/prensa.sma.gob.ar\/index.php?rest_route=%2Fwp%2Fv2%2Fmedia&parent=5610"}],"wp:term":[{"taxonomy":"category","embeddable":true,"href":"https:\/\/prensa.sma.gob.ar\/index.php?rest_route=%2Fwp%2Fv2%2Fcategories&post=5610"},{"taxonomy":"post_tag","embeddable":true,"href":"https:\/\/prensa.sma.gob.ar\/index.php?rest_route=%2Fwp%2Fv2%2Ftags&post=5610"}],"curies":[{"name":"wp","href":"https:\/\/api.w.org\/{rel}","templated":true}]}}