{"id":5616,"date":"2025-02-13T15:54:44","date_gmt":"2025-02-13T15:54:44","guid":{"rendered":"https:\/\/prensa.sma.gob.ar\/?p=5616"},"modified":"2025-02-13T15:54:45","modified_gmt":"2025-02-13T15:54:45","slug":"el-municipio-continua-con-trabajos-de-pintura-en-sendas-peatonales","status":"publish","type":"post","link":"https:\/\/prensa.sma.gob.ar\/?p=5616","title":{"rendered":"El Municipio contin\u00faa con trabajos de pintura en sendas peatonales"},"content":{"rendered":"\n<p>La Municipalidad, a trav\u00e9s del personal de la Direcci\u00f3n General de Conservaci\u00f3n Urbana, realiz\u00f3 esta semana trabajos de pintura de sendas peatonales sobre Av. Koessler y sobre el callej\u00f3n de Gingins.<\/p>\n\n\n\n<figure class=\"wp-block-gallery has-nested-images columns-default is-cropped wp-block-gallery-1 is-layout-flex wp-block-gallery-is-layout-flex\">\n<figure class=\"wp-block-image size-large\"><img loading=\"lazy\" decoding=\"async\" width=\"963\" height=\"733\" data-id=\"5619\" src=\"https:\/\/prensa.sma.gob.ar\/wp-content\/uploads\/2025\/02\/Pintura-2.jpg\" alt=\"\" class=\"wp-image-5619\" srcset=\"https:\/\/prensa.sma.gob.ar\/wp-content\/uploads\/2025\/02\/Pintura-2.jpg 963w, https:\/\/prensa.sma.gob.ar\/wp-content\/uploads\/2025\/02\/Pintura-2-300x228.jpg 300w, https:\/\/prensa.sma.gob.ar\/wp-content\/uploads\/2025\/02\/Pintura-2-768x585.jpg 768w, https:\/\/prensa.sma.gob.ar\/wp-content\/uploads\/2025\/02\/Pintura-2-552x420.jpg 552w, https:\/\/prensa.sma.gob.ar\/wp-content\/uploads\/2025\/02\/Pintura-2-80x60.jpg 80w, https:\/\/prensa.sma.gob.ar\/wp-content\/uploads\/2025\/02\/Pintura-2-696x530.jpg 696w\" sizes=\"auto, (max-width: 963px) 100vw, 963px\" \/><\/figure>\n\n\n\n<figure class=\"wp-block-image size-large\"><img loading=\"lazy\" decoding=\"async\" width=\"1024\" height=\"687\" data-id=\"5618\" src=\"https:\/\/prensa.sma.gob.ar\/wp-content\/uploads\/2025\/02\/Pintura-3-1024x687.jpg\" alt=\"\" class=\"wp-image-5618\" srcset=\"https:\/\/prensa.sma.gob.ar\/wp-content\/uploads\/2025\/02\/Pintura-3-1024x687.jpg 1024w, https:\/\/prensa.sma.gob.ar\/wp-content\/uploads\/2025\/02\/Pintura-3-300x201.jpg 300w, https:\/\/prensa.sma.gob.ar\/wp-content\/uploads\/2025\/02\/Pintura-3-768x515.jpg 768w, https:\/\/prensa.sma.gob.ar\/wp-content\/uploads\/2025\/02\/Pintura-3-626x420.jpg 626w, https:\/\/prensa.sma.gob.ar\/wp-content\/uploads\/2025\/02\/Pintura-3-696x467.jpg 696w, https:\/\/prensa.sma.gob.ar\/wp-content\/uploads\/2025\/02\/Pintura-3-1068x717.jpg 1068w, https:\/\/prensa.sma.gob.ar\/wp-content\/uploads\/2025\/02\/Pintura-3.jpg 1280w\" sizes=\"auto, (max-width: 1024px) 100vw, 1024px\" \/><\/figure>\n\n\n\n<figure class=\"wp-block-image size-large\"><img loading=\"lazy\" decoding=\"async\" width=\"1024\" height=\"729\" data-id=\"5617\" src=\"https:\/\/prensa.sma.gob.ar\/wp-content\/uploads\/2025\/02\/Pintura-4.jpg\" alt=\"\" class=\"wp-image-5617\" srcset=\"https:\/\/prensa.sma.gob.ar\/wp-content\/uploads\/2025\/02\/Pintura-4.jpg 1024w, https:\/\/prensa.sma.gob.ar\/wp-content\/uploads\/2025\/02\/Pintura-4-300x214.jpg 300w, https:\/\/prensa.sma.gob.ar\/wp-content\/uploads\/2025\/02\/Pintura-4-768x547.jpg 768w, https:\/\/prensa.sma.gob.ar\/wp-content\/uploads\/2025\/02\/Pintura-4-590x420.jpg 590w, https:\/\/prensa.sma.gob.ar\/wp-content\/uploads\/2025\/02\/Pintura-4-696x495.jpg 696w\" sizes=\"auto, (max-width: 1024px) 100vw, 1024px\" \/><\/figure>\n<\/figure>\n","protected":false},"excerpt":{"rendered":"<p>La Municipalidad, a trav\u00e9s del personal de la Direcci\u00f3n General de Conservaci\u00f3n Urbana, realiz\u00f3 esta semana trabajos de pintura de sendas peatonales sobre Av. Koessler y sobre el callej\u00f3n de Gingins.<\/p>\n","protected":false},"author":2,"featured_media":5620,"comment_status":"closed","ping_status":"open","sticky":false,"template":"","format":"standard","meta":{"footnotes":""},"categories":[14,19],"tags":[],"class_list":{"0":"post-5616","1":"post","2":"type-post","3":"status-publish","4":"format-standard","5":"has-post-thumbnail","7":"category-noticias","8":"category-obras-y-servicios-publicos"},"_links":{"self":[{"href":"https:\/\/prensa.sma.gob.ar\/index.php?rest_route=\/wp\/v2\/posts\/5616","targetHints":{"allow":["GET"]}}],"collection":[{"href":"https:\/\/prensa.sma.gob.ar\/index.php?rest_route=\/wp\/v2\/posts"}],"about":[{"href":"https:\/\/prensa.sma.gob.ar\/index.php?rest_route=\/wp\/v2\/types\/post"}],"author":[{"embeddable":true,"href":"https:\/\/prensa.sma.gob.ar\/index.php?rest_route=\/wp\/v2\/users\/2"}],"replies":[{"embeddable":true,"href":"https:\/\/prensa.sma.gob.ar\/index.php?rest_route=%2Fwp%2Fv2%2Fcomments&post=5616"}],"version-history":[{"count":1,"href":"https:\/\/prensa.sma.gob.ar\/index.php?rest_route=\/wp\/v2\/posts\/5616\/revisions"}],"predecessor-version":[{"id":5621,"href":"https:\/\/prensa.sma.gob.ar\/index.php?rest_route=\/wp\/v2\/posts\/5616\/revisions\/5621"}],"wp:featuredmedia":[{"embeddable":true,"href":"https:\/\/prensa.sma.gob.ar\/index.php?rest_route=\/wp\/v2\/media\/5620"}],"wp:attachment":[{"href":"https:\/\/prensa.sma.gob.ar\/index.php?rest_route=%2Fwp%2Fv2%2Fmedia&parent=5616"}],"wp:term":[{"taxonomy":"category","embeddable":true,"href":"https:\/\/prensa.sma.gob.ar\/index.php?rest_route=%2Fwp%2Fv2%2Fcategories&post=5616"},{"taxonomy":"post_tag","embeddable":true,"href":"https:\/\/prensa.sma.gob.ar\/index.php?rest_route=%2Fwp%2Fv2%2Ftags&post=5616"}],"curies":[{"name":"wp","href":"https:\/\/api.w.org\/{rel}","templated":true}]}}