{"id":5628,"date":"2025-02-14T12:30:04","date_gmt":"2025-02-14T12:30:04","guid":{"rendered":"https:\/\/prensa.sma.gob.ar\/?p=5628"},"modified":"2025-02-14T12:30:05","modified_gmt":"2025-02-14T12:30:05","slug":"durante-2024-se-produjeron-62-bajas-de-personal-en-el-municipio","status":"publish","type":"post","link":"https:\/\/prensa.sma.gob.ar\/?p=5628","title":{"rendered":"Durante 2024 se produjeron 62 bajas de personal en el Municipio"},"content":{"rendered":"\n<p>La Secretar\u00eda de Gobierno de la Municipalidad de San Mart\u00edn de los Andes contin\u00faa trabajando en la optimizaci\u00f3n del recurso humano, con el objetivo de garantizar una administraci\u00f3n m\u00e1s eficiente y en el marco de la pol\u00edtica de austeridad y control de gesti\u00f3n implementada desde el 10 de diciembre de 2023.<\/p>\n\n\n\n<p>Como parte de este proceso, desde enero de 2024 hasta la fecha, se han registrado 62 bajas de personal, incluyendo 18 desvinculaciones por cesant\u00edas y bajas de contratos eventuales, como resultado de una etapa de evaluaci\u00f3n interna, llevada adelante en el marco de la Comisi\u00f3n de Interpretaci\u00f3n y Auto composici\u00f3n Paritaria (CIAP), integrada por el gremio ATE y el Ejecutivo, que permiti\u00f3 ordenar la estructura laboral del Municipio.<\/p>\n\n\n\n<p>Esta reorganizaci\u00f3n se lleva adelante en cumplimiento de los dos Pactos de Gobernanza firmados por el Municipio con el Gobierno de la Provincia del Neuqu\u00e9n, que establecen restricciones en la contrataci\u00f3n de nuevo personal.<\/p>\n\n\n\n<p>De acuerdo a esos convenios, celebrados en febrero de 2024 y en diciembre pasado, las incorporaciones de personal s\u00f3lo pueden realizarse en casos excepcionales, priorizando aquellas \u00e1reas consideradas esenciales para la prestaci\u00f3n de servicios a la comunidad.<\/p>\n\n\n\n<p>La Secretar\u00eda de Gobierno, a trav\u00e9s de la Direcci\u00f3n de Recursos Humanos, implement\u00f3 controles administrativos m\u00e1s estrictos sobre asistencia, desempe\u00f1o y cumplimiento de funciones, permitiendo mejorar la organizaci\u00f3n interna.<\/p>\n\n\n\n<p>Desde el inicio del a\u00f1o 2024 y hasta la actualidad, se han registrado las siguientes bajas de personal:<\/p>\n\n\n\n<p>18 desvinculaciones (7 cesant\u00edas y 11 bajas de contratos eventuales).<\/p>\n\n\n\n<p>18 renuncias.<\/p>\n\n\n\n<p>26 jubilaciones, como parte del recambio natural del personal.<\/p>\n","protected":false},"excerpt":{"rendered":"<p>La Secretar\u00eda de Gobierno de la Municipalidad de San Mart\u00edn de los Andes contin\u00faa trabajando en la optimizaci\u00f3n del recurso humano, con el objetivo de garantizar una administraci\u00f3n m\u00e1s eficiente y en el marco de la pol\u00edtica de austeridad y control de gesti\u00f3n implementada desde el 10 de diciembre de 2023. Como parte de este [&hellip;]<\/p>\n","protected":false},"author":2,"featured_media":5629,"comment_status":"closed","ping_status":"open","sticky":false,"template":"","format":"standard","meta":{"footnotes":""},"categories":[16,11,14,17],"tags":[],"class_list":{"0":"post-5628","1":"post","2":"type-post","3":"status-publish","4":"format-standard","5":"has-post-thumbnail","7":"category-destacadas","8":"category-gobierno","9":"category-noticias","10":"category-portada"},"_links":{"self":[{"href":"https:\/\/prensa.sma.gob.ar\/index.php?rest_route=\/wp\/v2\/posts\/5628","targetHints":{"allow":["GET"]}}],"collection":[{"href":"https:\/\/prensa.sma.gob.ar\/index.php?rest_route=\/wp\/v2\/posts"}],"about":[{"href":"https:\/\/prensa.sma.gob.ar\/index.php?rest_route=\/wp\/v2\/types\/post"}],"author":[{"embeddable":true,"href":"https:\/\/prensa.sma.gob.ar\/index.php?rest_route=\/wp\/v2\/users\/2"}],"replies":[{"embeddable":true,"href":"https:\/\/prensa.sma.gob.ar\/index.php?rest_route=%2Fwp%2Fv2%2Fcomments&post=5628"}],"version-history":[{"count":1,"href":"https:\/\/prensa.sma.gob.ar\/index.php?rest_route=\/wp\/v2\/posts\/5628\/revisions"}],"predecessor-version":[{"id":5630,"href":"https:\/\/prensa.sma.gob.ar\/index.php?rest_route=\/wp\/v2\/posts\/5628\/revisions\/5630"}],"wp:featuredmedia":[{"embeddable":true,"href":"https:\/\/prensa.sma.gob.ar\/index.php?rest_route=\/wp\/v2\/media\/5629"}],"wp:attachment":[{"href":"https:\/\/prensa.sma.gob.ar\/index.php?rest_route=%2Fwp%2Fv2%2Fmedia&parent=5628"}],"wp:term":[{"taxonomy":"category","embeddable":true,"href":"https:\/\/prensa.sma.gob.ar\/index.php?rest_route=%2Fwp%2Fv2%2Fcategories&post=5628"},{"taxonomy":"post_tag","embeddable":true,"href":"https:\/\/prensa.sma.gob.ar\/index.php?rest_route=%2Fwp%2Fv2%2Ftags&post=5628"}],"curies":[{"name":"wp","href":"https:\/\/api.w.org\/{rel}","templated":true}]}}