{"id":5636,"date":"2025-02-17T16:08:07","date_gmt":"2025-02-17T16:08:07","guid":{"rendered":"https:\/\/prensa.sma.gob.ar\/?p=5636"},"modified":"2025-02-17T16:08:09","modified_gmt":"2025-02-17T16:08:09","slug":"el-municipio-realizo-una-nueva-jornada-de-atencion-de-mascotas-y-cuidado-del-ambiente","status":"publish","type":"post","link":"https:\/\/prensa.sma.gob.ar\/?p=5636","title":{"rendered":"El Municipio realiz\u00f3 una nueva jornada de atenci\u00f3n de mascotas y cuidado del ambiente"},"content":{"rendered":"\n<p>El pasado viernes se realiz\u00f3 una jornada de castraci\u00f3n canina y de recolecci\u00f3n de pilas y bater\u00edas en el Centro Integrador Comunitario (CIC) de Cordones del Chapelco.<\/p>\n\n\n\n<p>La actividad se llev\u00f3 a cabo gracias al trabajo conjunto de las \u00e1reas de Zoonosis y Guardas Ambientales y de la Delegaci\u00f3n Municipal de Cordones del Chapelco, dependiente de la Subsecretar\u00eda de Juntas Vecinales.<\/p>\n\n\n\n<p>Ese mismo d\u00eda, se realiz\u00f3 una campa\u00f1a de recepci\u00f3n de residuos especiales como pilas y bater\u00eda de celulares; aceite usado de cocina y residuos electr\u00f3nicos de tama\u00f1o peque\u00f1os.<\/p>\n\n\n\n<p>\u00a1Gracias a las vecinas y vecinos que colaboraron con esta jornada de atenci\u00f3n de la salud de nuestras mascotas y de consciencia de cuidado del ambiente!<\/p>\n\n\n\n<figure class=\"wp-block-gallery has-nested-images columns-default is-cropped wp-block-gallery-1 is-layout-flex wp-block-gallery-is-layout-flex\">\n<figure class=\"wp-block-image size-large\"><img loading=\"lazy\" decoding=\"async\" width=\"1024\" height=\"768\" data-id=\"5640\" src=\"https:\/\/prensa.sma.gob.ar\/wp-content\/uploads\/2025\/02\/CASTRACION--1024x768.jpg\" alt=\"\" class=\"wp-image-5640\" srcset=\"https:\/\/prensa.sma.gob.ar\/wp-content\/uploads\/2025\/02\/CASTRACION--1024x768.jpg 1024w, https:\/\/prensa.sma.gob.ar\/wp-content\/uploads\/2025\/02\/CASTRACION--300x225.jpg 300w, https:\/\/prensa.sma.gob.ar\/wp-content\/uploads\/2025\/02\/CASTRACION--768x576.jpg 768w, https:\/\/prensa.sma.gob.ar\/wp-content\/uploads\/2025\/02\/CASTRACION--560x420.jpg 560w, https:\/\/prensa.sma.gob.ar\/wp-content\/uploads\/2025\/02\/CASTRACION--80x60.jpg 80w, https:\/\/prensa.sma.gob.ar\/wp-content\/uploads\/2025\/02\/CASTRACION--696x522.jpg 696w, https:\/\/prensa.sma.gob.ar\/wp-content\/uploads\/2025\/02\/CASTRACION--1068x801.jpg 1068w, https:\/\/prensa.sma.gob.ar\/wp-content\/uploads\/2025\/02\/CASTRACION-.jpg 1280w\" sizes=\"auto, (max-width: 1024px) 100vw, 1024px\" \/><\/figure>\n\n\n\n<figure class=\"wp-block-image size-large\"><img loading=\"lazy\" decoding=\"async\" width=\"1024\" height=\"768\" data-id=\"5642\" src=\"https:\/\/prensa.sma.gob.ar\/wp-content\/uploads\/2025\/02\/CASTRACION-1-1024x768.jpg\" alt=\"\" class=\"wp-image-5642\" srcset=\"https:\/\/prensa.sma.gob.ar\/wp-content\/uploads\/2025\/02\/CASTRACION-1-1024x768.jpg 1024w, https:\/\/prensa.sma.gob.ar\/wp-content\/uploads\/2025\/02\/CASTRACION-1-300x225.jpg 300w, https:\/\/prensa.sma.gob.ar\/wp-content\/uploads\/2025\/02\/CASTRACION-1-768x576.jpg 768w, https:\/\/prensa.sma.gob.ar\/wp-content\/uploads\/2025\/02\/CASTRACION-1-560x420.jpg 560w, https:\/\/prensa.sma.gob.ar\/wp-content\/uploads\/2025\/02\/CASTRACION-1-80x60.jpg 80w, https:\/\/prensa.sma.gob.ar\/wp-content\/uploads\/2025\/02\/CASTRACION-1-696x522.jpg 696w, https:\/\/prensa.sma.gob.ar\/wp-content\/uploads\/2025\/02\/CASTRACION-1-1068x801.jpg 1068w, https:\/\/prensa.sma.gob.ar\/wp-content\/uploads\/2025\/02\/CASTRACION-1.jpg 1280w\" sizes=\"auto, (max-width: 1024px) 100vw, 1024px\" \/><\/figure>\n\n\n\n<figure class=\"wp-block-image size-large\"><img loading=\"lazy\" decoding=\"async\" width=\"1024\" height=\"768\" data-id=\"5641\" src=\"https:\/\/prensa.sma.gob.ar\/wp-content\/uploads\/2025\/02\/CASTRACION-2-1024x768.jpg\" alt=\"\" class=\"wp-image-5641\" srcset=\"https:\/\/prensa.sma.gob.ar\/wp-content\/uploads\/2025\/02\/CASTRACION-2-1024x768.jpg 1024w, https:\/\/prensa.sma.gob.ar\/wp-content\/uploads\/2025\/02\/CASTRACION-2-300x225.jpg 300w, https:\/\/prensa.sma.gob.ar\/wp-content\/uploads\/2025\/02\/CASTRACION-2-768x576.jpg 768w, https:\/\/prensa.sma.gob.ar\/wp-content\/uploads\/2025\/02\/CASTRACION-2-560x420.jpg 560w, https:\/\/prensa.sma.gob.ar\/wp-content\/uploads\/2025\/02\/CASTRACION-2-80x60.jpg 80w, https:\/\/prensa.sma.gob.ar\/wp-content\/uploads\/2025\/02\/CASTRACION-2-696x522.jpg 696w, https:\/\/prensa.sma.gob.ar\/wp-content\/uploads\/2025\/02\/CASTRACION-2-1068x801.jpg 1068w, https:\/\/prensa.sma.gob.ar\/wp-content\/uploads\/2025\/02\/CASTRACION-2.jpg 1280w\" sizes=\"auto, (max-width: 1024px) 100vw, 1024px\" \/><\/figure>\n<\/figure>\n","protected":false},"excerpt":{"rendered":"<p>El pasado viernes se realiz\u00f3 una jornada de castraci\u00f3n canina y de recolecci\u00f3n de pilas y bater\u00edas en el Centro Integrador Comunitario (CIC) de Cordones del Chapelco. La actividad se llev\u00f3 a cabo gracias al trabajo conjunto de las \u00e1reas de Zoonosis y Guardas Ambientales y de la Delegaci\u00f3n Municipal de Cordones del Chapelco, dependiente [&hellip;]<\/p>\n","protected":false},"author":1,"featured_media":5639,"comment_status":"closed","ping_status":"open","sticky":false,"template":"","format":"standard","meta":{"footnotes":""},"categories":[45,3,16,14],"tags":[],"class_list":{"0":"post-5636","1":"post","2":"type-post","3":"status-publish","4":"format-standard","5":"has-post-thumbnail","7":"category-ambiente","8":"category-castraciones","9":"category-destacadas","10":"category-noticias"},"_links":{"self":[{"href":"https:\/\/prensa.sma.gob.ar\/index.php?rest_route=\/wp\/v2\/posts\/5636","targetHints":{"allow":["GET"]}}],"collection":[{"href":"https:\/\/prensa.sma.gob.ar\/index.php?rest_route=\/wp\/v2\/posts"}],"about":[{"href":"https:\/\/prensa.sma.gob.ar\/index.php?rest_route=\/wp\/v2\/types\/post"}],"author":[{"embeddable":true,"href":"https:\/\/prensa.sma.gob.ar\/index.php?rest_route=\/wp\/v2\/users\/1"}],"replies":[{"embeddable":true,"href":"https:\/\/prensa.sma.gob.ar\/index.php?rest_route=%2Fwp%2Fv2%2Fcomments&post=5636"}],"version-history":[{"count":1,"href":"https:\/\/prensa.sma.gob.ar\/index.php?rest_route=\/wp\/v2\/posts\/5636\/revisions"}],"predecessor-version":[{"id":5643,"href":"https:\/\/prensa.sma.gob.ar\/index.php?rest_route=\/wp\/v2\/posts\/5636\/revisions\/5643"}],"wp:featuredmedia":[{"embeddable":true,"href":"https:\/\/prensa.sma.gob.ar\/index.php?rest_route=\/wp\/v2\/media\/5639"}],"wp:attachment":[{"href":"https:\/\/prensa.sma.gob.ar\/index.php?rest_route=%2Fwp%2Fv2%2Fmedia&parent=5636"}],"wp:term":[{"taxonomy":"category","embeddable":true,"href":"https:\/\/prensa.sma.gob.ar\/index.php?rest_route=%2Fwp%2Fv2%2Fcategories&post=5636"},{"taxonomy":"post_tag","embeddable":true,"href":"https:\/\/prensa.sma.gob.ar\/index.php?rest_route=%2Fwp%2Fv2%2Ftags&post=5636"}],"curies":[{"name":"wp","href":"https:\/\/api.w.org\/{rel}","templated":true}]}}