{"id":5654,"date":"2025-02-18T13:41:30","date_gmt":"2025-02-18T13:41:30","guid":{"rendered":"https:\/\/prensa.sma.gob.ar\/?p=5654"},"modified":"2025-02-18T13:41:31","modified_gmt":"2025-02-18T13:41:31","slug":"municipio-y-epen-avanzan-en-la-concrecion-de-varios-proyectos-para-la-ciudad","status":"publish","type":"post","link":"https:\/\/prensa.sma.gob.ar\/?p=5654","title":{"rendered":"Municipio y Epen avanzan en la concreci\u00f3n de varios proyectos para la ciudad"},"content":{"rendered":"\n<p>El intendente Carlos Saloniti y jefes t\u00e9cnicos del Ente Provincial de energ\u00eda del Neuqu\u00e9n (EPEN) analizaron detalles de la agenda com\u00fan que incluye varias obras que est\u00e1n en marcha para mejorar el servicio en nuestra ciudad y otras que ser\u00e1n anunciadas pr\u00f3ximamente.<\/p>\n\n\n\n<p>El objetivo de la reuni\u00f3n fue continuar trabajando de manera rec\u00edproca y colaborativa en las necesidades del Municipio y de la empresa provincial, tanto en la poda, obras de envergadura y obras menores, donde cada instituci\u00f3n pueda seguir alcanzando la mayor eficiencia en la prestaci\u00f3n del servicio.<\/p>\n\n\n\n<p>Dos de las grandes obras que pr\u00f3ximamente comenzar\u00e1 a ejecutar el Epen, valuadas en el Presupuesto provincial 2025 en algo m\u00e1s de $5.000.000.000 (a valores de octubre pasado), servir\u00e1n para mejorar el suministro a la ciudad: cierre del anillo \u201cel nido\u201d para el suministro de energ\u00eda el\u00e9ctrica y la ampliaci\u00f3n de la Estaci\u00f3n de Transferencia P\u00edo Protto.<\/p>\n\n\n\n<p>La concreci\u00f3n del anillo el\u00e9ctrico demanda negociaciones con loteos de la zona del camino a Lolog que ser\u00e1n encaradas personalmente por el intendente Saloniti, tanto en nuestra ciudad como en un pr\u00f3ximo viaje a la ciudad de Neuqu\u00e9n.<\/p>\n\n\n\n<p>En el encuentro, realizado este lunes en el despacho del jefe comunal, tambi\u00e9n se realiz\u00f3 un repaso de obras que se est\u00e1n ejecutando actualmente para iluminar el acceso a avenida Los Lagos, en el cruce con Ruta Nacional 40, donde el Municipio trabaja en el hormigonado y la empresa de energ\u00eda estatal coloca las luminarias.<\/p>\n\n\n\n<p>Otra obra que comenzar\u00e1 a ejecutarse pr\u00f3ximamente es la relocalizaci\u00f3n del tendido el\u00e9ctrico en la zona donde estar\u00e1 ubicada la rotonda de avenida Los Lagos, en el final del pavimento terminado recientemente en Cordones del Chapelco. Las tareas incluyen la ubicaci\u00f3n de nuevas columnas que reemplazar\u00e1n a las existentes, actualmente ubicadas en el radio de giro de la rotonda proyectada.<\/p>\n\n\n\n<p>Epen tambi\u00e9n solicit\u00f3 al Municipio la apertura de un tramo de la calle Las Azaleas, en Chacra 32, para terminar la obra de iluminaci\u00f3n de las 38 viviendas, entregadas a sus propietarios a finales de diciembre pasado. En el encuentro se mencion\u00f3, adem\u00e1s, el plan provincial de recambio de luminarias LED cuyos detalles ser\u00e1n anunciados en poco tiempo.<\/p>\n\n\n\n<p>De la reuni\u00f3n participaron Ver\u00f3nica Quezada, jefa de la Unidad de Servicios Regional Sur; el jefe a cargo del Servicio El\u00e9ctrico San Mart\u00edn de Los Andes, Leandro Cooper; el jefe de Cuadrilla de Redes de San Mart\u00edn de los Andes, N\u00e9stor Araneda; el jefe de Cuadrilla de Obras de la Unidad de Servicios Regional Su, Juli\u00e1n Castillo; y el jefe a cargo del \u00c1rea T\u00e9cnica Unidad de Servicios Regional Sur, Genaro Riquelme.<\/p>\n","protected":false},"excerpt":{"rendered":"<p>El intendente Carlos Saloniti y jefes t\u00e9cnicos del Ente Provincial de energ\u00eda del Neuqu\u00e9n (EPEN) analizaron detalles de la agenda com\u00fan que incluye varias obras que est\u00e1n en marcha para mejorar el servicio en nuestra ciudad y otras que ser\u00e1n anunciadas pr\u00f3ximamente. El objetivo de la reuni\u00f3n fue continuar trabajando de manera rec\u00edproca y colaborativa [&hellip;]<\/p>\n","protected":false},"author":1,"featured_media":5655,"comment_status":"closed","ping_status":"open","sticky":false,"template":"","format":"standard","meta":{"footnotes":""},"categories":[16,14,17],"tags":[],"class_list":{"0":"post-5654","1":"post","2":"type-post","3":"status-publish","4":"format-standard","5":"has-post-thumbnail","7":"category-destacadas","8":"category-noticias","9":"category-portada"},"_links":{"self":[{"href":"https:\/\/prensa.sma.gob.ar\/index.php?rest_route=\/wp\/v2\/posts\/5654","targetHints":{"allow":["GET"]}}],"collection":[{"href":"https:\/\/prensa.sma.gob.ar\/index.php?rest_route=\/wp\/v2\/posts"}],"about":[{"href":"https:\/\/prensa.sma.gob.ar\/index.php?rest_route=\/wp\/v2\/types\/post"}],"author":[{"embeddable":true,"href":"https:\/\/prensa.sma.gob.ar\/index.php?rest_route=\/wp\/v2\/users\/1"}],"replies":[{"embeddable":true,"href":"https:\/\/prensa.sma.gob.ar\/index.php?rest_route=%2Fwp%2Fv2%2Fcomments&post=5654"}],"version-history":[{"count":1,"href":"https:\/\/prensa.sma.gob.ar\/index.php?rest_route=\/wp\/v2\/posts\/5654\/revisions"}],"predecessor-version":[{"id":5656,"href":"https:\/\/prensa.sma.gob.ar\/index.php?rest_route=\/wp\/v2\/posts\/5654\/revisions\/5656"}],"wp:featuredmedia":[{"embeddable":true,"href":"https:\/\/prensa.sma.gob.ar\/index.php?rest_route=\/wp\/v2\/media\/5655"}],"wp:attachment":[{"href":"https:\/\/prensa.sma.gob.ar\/index.php?rest_route=%2Fwp%2Fv2%2Fmedia&parent=5654"}],"wp:term":[{"taxonomy":"category","embeddable":true,"href":"https:\/\/prensa.sma.gob.ar\/index.php?rest_route=%2Fwp%2Fv2%2Fcategories&post=5654"},{"taxonomy":"post_tag","embeddable":true,"href":"https:\/\/prensa.sma.gob.ar\/index.php?rest_route=%2Fwp%2Fv2%2Ftags&post=5654"}],"curies":[{"name":"wp","href":"https:\/\/api.w.org\/{rel}","templated":true}]}}