{"id":5657,"date":"2025-02-18T14:09:15","date_gmt":"2025-02-18T14:09:15","guid":{"rendered":"https:\/\/prensa.sma.gob.ar\/?p=5657"},"modified":"2025-02-18T14:10:33","modified_gmt":"2025-02-18T14:10:33","slug":"con-la-segunda-edicion-la-noche-de-las-artes-se-despidio-con-exito-hasta-el-proximo-ano","status":"publish","type":"post","link":"https:\/\/prensa.sma.gob.ar\/?p=5657","title":{"rendered":"Con la segunda edici\u00f3n, La Noche de las Artes se despidi\u00f3 con \u00e9xito hasta el pr\u00f3ximo a\u00f1o"},"content":{"rendered":"\n<p>La avenida San Mart\u00edn volvi\u00f3 a vestirse de arte callejero para recibir a vecinas, vecinos y turistas, que recorrieron los m\u00e1s de 120 stands y disfrutaron de m\u00e1s de 55 espect\u00e1culos durante toda la noche, con la novedad de la apertura a cargo de la Fanfarria El Hinojal.<\/p>\n\n\n\n<p>Acompa\u00f1ados por un clima ventoso t\u00edpico de febrero en San Mart\u00edn de los Andes, la segunda edici\u00f3n del a\u00f1o de este importante evento cont\u00f3 con 5290 espectadores, con un pic\u00f3 importante de p\u00fablico cerca de las 22hs, seg\u00fan indic\u00f3 el informe estad\u00edstico elaborado por la Secretar\u00eda de Cultura.<\/p>\n\n\n\n<p>Adem\u00e1s, se pudo conocer a trav\u00e9s de este informe que el 73% de los espectadores de esta edici\u00f3n fueron p\u00fablico local, con un 51% de personas provenientes de los barrios y un 22% de residentes del centro de la ciudad.<\/p>\n\n\n\n<p>Agradecemos a todas las personas que participaron y trabajaron en este festival de arte callejero que ya es tradici\u00f3n en el verano sanmartinense.<\/p>\n\n\n\n<figure class=\"wp-block-gallery has-nested-images columns-default is-cropped wp-block-gallery-1 is-layout-flex wp-block-gallery-is-layout-flex\">\n<figure class=\"wp-block-image size-large\"><img loading=\"lazy\" decoding=\"async\" width=\"1024\" height=\"684\" data-id=\"5662\" src=\"https:\/\/prensa.sma.gob.ar\/wp-content\/uploads\/2025\/02\/NOCHE-DE-LAS-ARTES-1-1024x684.jpg\" alt=\"\" class=\"wp-image-5662\" srcset=\"https:\/\/prensa.sma.gob.ar\/wp-content\/uploads\/2025\/02\/NOCHE-DE-LAS-ARTES-1-1024x684.jpg 1024w, https:\/\/prensa.sma.gob.ar\/wp-content\/uploads\/2025\/02\/NOCHE-DE-LAS-ARTES-1-300x200.jpg 300w, https:\/\/prensa.sma.gob.ar\/wp-content\/uploads\/2025\/02\/NOCHE-DE-LAS-ARTES-1-768x513.jpg 768w, https:\/\/prensa.sma.gob.ar\/wp-content\/uploads\/2025\/02\/NOCHE-DE-LAS-ARTES-1-1536x1025.jpg 1536w, https:\/\/prensa.sma.gob.ar\/wp-content\/uploads\/2025\/02\/NOCHE-DE-LAS-ARTES-1-629x420.jpg 629w, https:\/\/prensa.sma.gob.ar\/wp-content\/uploads\/2025\/02\/NOCHE-DE-LAS-ARTES-1-696x465.jpg 696w, https:\/\/prensa.sma.gob.ar\/wp-content\/uploads\/2025\/02\/NOCHE-DE-LAS-ARTES-1-1068x713.jpg 1068w, https:\/\/prensa.sma.gob.ar\/wp-content\/uploads\/2025\/02\/NOCHE-DE-LAS-ARTES-1.jpg 1600w\" sizes=\"auto, (max-width: 1024px) 100vw, 1024px\" \/><\/figure>\n\n\n\n<figure class=\"wp-block-image size-large\"><img loading=\"lazy\" decoding=\"async\" width=\"1024\" height=\"684\" data-id=\"5660\" src=\"https:\/\/prensa.sma.gob.ar\/wp-content\/uploads\/2025\/02\/NOCHE-DE-LAS-ARTES-2-1024x684.jpg\" alt=\"\" class=\"wp-image-5660\" srcset=\"https:\/\/prensa.sma.gob.ar\/wp-content\/uploads\/2025\/02\/NOCHE-DE-LAS-ARTES-2-1024x684.jpg 1024w, https:\/\/prensa.sma.gob.ar\/wp-content\/uploads\/2025\/02\/NOCHE-DE-LAS-ARTES-2-300x200.jpg 300w, https:\/\/prensa.sma.gob.ar\/wp-content\/uploads\/2025\/02\/NOCHE-DE-LAS-ARTES-2-768x513.jpg 768w, https:\/\/prensa.sma.gob.ar\/wp-content\/uploads\/2025\/02\/NOCHE-DE-LAS-ARTES-2-1536x1025.jpg 1536w, https:\/\/prensa.sma.gob.ar\/wp-content\/uploads\/2025\/02\/NOCHE-DE-LAS-ARTES-2-629x420.jpg 629w, https:\/\/prensa.sma.gob.ar\/wp-content\/uploads\/2025\/02\/NOCHE-DE-LAS-ARTES-2-696x465.jpg 696w, https:\/\/prensa.sma.gob.ar\/wp-content\/uploads\/2025\/02\/NOCHE-DE-LAS-ARTES-2-1068x713.jpg 1068w, https:\/\/prensa.sma.gob.ar\/wp-content\/uploads\/2025\/02\/NOCHE-DE-LAS-ARTES-2.jpg 1600w\" sizes=\"auto, (max-width: 1024px) 100vw, 1024px\" \/><\/figure>\n\n\n\n<figure class=\"wp-block-image size-large\"><img loading=\"lazy\" decoding=\"async\" width=\"1024\" height=\"682\" data-id=\"5664\" src=\"https:\/\/prensa.sma.gob.ar\/wp-content\/uploads\/2025\/02\/NOCHE-DE-LAS-ARTES-3-1024x682.jpg\" alt=\"\" class=\"wp-image-5664\" srcset=\"https:\/\/prensa.sma.gob.ar\/wp-content\/uploads\/2025\/02\/NOCHE-DE-LAS-ARTES-3-1024x682.jpg 1024w, https:\/\/prensa.sma.gob.ar\/wp-content\/uploads\/2025\/02\/NOCHE-DE-LAS-ARTES-3-300x200.jpg 300w, https:\/\/prensa.sma.gob.ar\/wp-content\/uploads\/2025\/02\/NOCHE-DE-LAS-ARTES-3-768x512.jpg 768w, https:\/\/prensa.sma.gob.ar\/wp-content\/uploads\/2025\/02\/NOCHE-DE-LAS-ARTES-3-1536x1023.jpg 1536w, https:\/\/prensa.sma.gob.ar\/wp-content\/uploads\/2025\/02\/NOCHE-DE-LAS-ARTES-3-630x420.jpg 630w, https:\/\/prensa.sma.gob.ar\/wp-content\/uploads\/2025\/02\/NOCHE-DE-LAS-ARTES-3-696x464.jpg 696w, https:\/\/prensa.sma.gob.ar\/wp-content\/uploads\/2025\/02\/NOCHE-DE-LAS-ARTES-3-1068x712.jpg 1068w, https:\/\/prensa.sma.gob.ar\/wp-content\/uploads\/2025\/02\/NOCHE-DE-LAS-ARTES-3.jpg 1600w\" sizes=\"auto, (max-width: 1024px) 100vw, 1024px\" \/><\/figure>\n\n\n\n<figure class=\"wp-block-image size-large\"><img loading=\"lazy\" decoding=\"async\" width=\"1024\" height=\"682\" data-id=\"5661\" src=\"https:\/\/prensa.sma.gob.ar\/wp-content\/uploads\/2025\/02\/NOCHE-DE-LAS-ARTES-4-1024x682.jpg\" alt=\"\" class=\"wp-image-5661\" srcset=\"https:\/\/prensa.sma.gob.ar\/wp-content\/uploads\/2025\/02\/NOCHE-DE-LAS-ARTES-4-1024x682.jpg 1024w, https:\/\/prensa.sma.gob.ar\/wp-content\/uploads\/2025\/02\/NOCHE-DE-LAS-ARTES-4-300x200.jpg 300w, https:\/\/prensa.sma.gob.ar\/wp-content\/uploads\/2025\/02\/NOCHE-DE-LAS-ARTES-4-768x512.jpg 768w, https:\/\/prensa.sma.gob.ar\/wp-content\/uploads\/2025\/02\/NOCHE-DE-LAS-ARTES-4-1536x1023.jpg 1536w, https:\/\/prensa.sma.gob.ar\/wp-content\/uploads\/2025\/02\/NOCHE-DE-LAS-ARTES-4-630x420.jpg 630w, https:\/\/prensa.sma.gob.ar\/wp-content\/uploads\/2025\/02\/NOCHE-DE-LAS-ARTES-4-696x464.jpg 696w, https:\/\/prensa.sma.gob.ar\/wp-content\/uploads\/2025\/02\/NOCHE-DE-LAS-ARTES-4-1068x712.jpg 1068w, https:\/\/prensa.sma.gob.ar\/wp-content\/uploads\/2025\/02\/NOCHE-DE-LAS-ARTES-4.jpg 1600w\" sizes=\"auto, (max-width: 1024px) 100vw, 1024px\" \/><\/figure>\n\n\n\n<figure class=\"wp-block-image size-large\"><img loading=\"lazy\" decoding=\"async\" width=\"1024\" height=\"682\" data-id=\"5663\" src=\"https:\/\/prensa.sma.gob.ar\/wp-content\/uploads\/2025\/02\/NOCHE-DE-LAS-ARTES-5-1024x682.jpg\" alt=\"\" class=\"wp-image-5663\" srcset=\"https:\/\/prensa.sma.gob.ar\/wp-content\/uploads\/2025\/02\/NOCHE-DE-LAS-ARTES-5-1024x682.jpg 1024w, https:\/\/prensa.sma.gob.ar\/wp-content\/uploads\/2025\/02\/NOCHE-DE-LAS-ARTES-5-300x200.jpg 300w, https:\/\/prensa.sma.gob.ar\/wp-content\/uploads\/2025\/02\/NOCHE-DE-LAS-ARTES-5-768x512.jpg 768w, https:\/\/prensa.sma.gob.ar\/wp-content\/uploads\/2025\/02\/NOCHE-DE-LAS-ARTES-5-1536x1023.jpg 1536w, https:\/\/prensa.sma.gob.ar\/wp-content\/uploads\/2025\/02\/NOCHE-DE-LAS-ARTES-5-630x420.jpg 630w, https:\/\/prensa.sma.gob.ar\/wp-content\/uploads\/2025\/02\/NOCHE-DE-LAS-ARTES-5-696x464.jpg 696w, https:\/\/prensa.sma.gob.ar\/wp-content\/uploads\/2025\/02\/NOCHE-DE-LAS-ARTES-5-1068x712.jpg 1068w, https:\/\/prensa.sma.gob.ar\/wp-content\/uploads\/2025\/02\/NOCHE-DE-LAS-ARTES-5.jpg 1600w\" sizes=\"auto, (max-width: 1024px) 100vw, 1024px\" \/><\/figure>\n\n\n\n<figure class=\"wp-block-image size-large\"><img loading=\"lazy\" decoding=\"async\" width=\"1024\" height=\"682\" data-id=\"5665\" src=\"https:\/\/prensa.sma.gob.ar\/wp-content\/uploads\/2025\/02\/NOCHE-DE-LAS-ARTES-1024x682.jpg\" alt=\"\" class=\"wp-image-5665\" srcset=\"https:\/\/prensa.sma.gob.ar\/wp-content\/uploads\/2025\/02\/NOCHE-DE-LAS-ARTES-1024x682.jpg 1024w, https:\/\/prensa.sma.gob.ar\/wp-content\/uploads\/2025\/02\/NOCHE-DE-LAS-ARTES-300x200.jpg 300w, https:\/\/prensa.sma.gob.ar\/wp-content\/uploads\/2025\/02\/NOCHE-DE-LAS-ARTES-768x512.jpg 768w, https:\/\/prensa.sma.gob.ar\/wp-content\/uploads\/2025\/02\/NOCHE-DE-LAS-ARTES-1536x1023.jpg 1536w, https:\/\/prensa.sma.gob.ar\/wp-content\/uploads\/2025\/02\/NOCHE-DE-LAS-ARTES-630x420.jpg 630w, https:\/\/prensa.sma.gob.ar\/wp-content\/uploads\/2025\/02\/NOCHE-DE-LAS-ARTES-696x464.jpg 696w, https:\/\/prensa.sma.gob.ar\/wp-content\/uploads\/2025\/02\/NOCHE-DE-LAS-ARTES-1068x712.jpg 1068w, https:\/\/prensa.sma.gob.ar\/wp-content\/uploads\/2025\/02\/NOCHE-DE-LAS-ARTES.jpg 1600w\" sizes=\"auto, (max-width: 1024px) 100vw, 1024px\" \/><\/figure>\n<\/figure>\n","protected":false},"excerpt":{"rendered":"<p>La avenida San Mart\u00edn volvi\u00f3 a vestirse de arte callejero para recibir a vecinas, vecinos y turistas, que recorrieron los m\u00e1s de 120 stands y disfrutaron de m\u00e1s de 55 espect\u00e1culos durante toda la noche, con la novedad de la apertura a cargo de la Fanfarria El Hinojal. Acompa\u00f1ados por un clima ventoso t\u00edpico de [&hellip;]<\/p>\n","protected":false},"author":1,"featured_media":5658,"comment_status":"closed","ping_status":"open","sticky":false,"template":"","format":"standard","meta":{"footnotes":""},"categories":[5,16,14],"tags":[],"class_list":{"0":"post-5657","1":"post","2":"type-post","3":"status-publish","4":"format-standard","5":"has-post-thumbnail","7":"category-cultura","8":"category-destacadas","9":"category-noticias"},"_links":{"self":[{"href":"https:\/\/prensa.sma.gob.ar\/index.php?rest_route=\/wp\/v2\/posts\/5657","targetHints":{"allow":["GET"]}}],"collection":[{"href":"https:\/\/prensa.sma.gob.ar\/index.php?rest_route=\/wp\/v2\/posts"}],"about":[{"href":"https:\/\/prensa.sma.gob.ar\/index.php?rest_route=\/wp\/v2\/types\/post"}],"author":[{"embeddable":true,"href":"https:\/\/prensa.sma.gob.ar\/index.php?rest_route=\/wp\/v2\/users\/1"}],"replies":[{"embeddable":true,"href":"https:\/\/prensa.sma.gob.ar\/index.php?rest_route=%2Fwp%2Fv2%2Fcomments&post=5657"}],"version-history":[{"count":2,"href":"https:\/\/prensa.sma.gob.ar\/index.php?rest_route=\/wp\/v2\/posts\/5657\/revisions"}],"predecessor-version":[{"id":5666,"href":"https:\/\/prensa.sma.gob.ar\/index.php?rest_route=\/wp\/v2\/posts\/5657\/revisions\/5666"}],"wp:featuredmedia":[{"embeddable":true,"href":"https:\/\/prensa.sma.gob.ar\/index.php?rest_route=\/wp\/v2\/media\/5658"}],"wp:attachment":[{"href":"https:\/\/prensa.sma.gob.ar\/index.php?rest_route=%2Fwp%2Fv2%2Fmedia&parent=5657"}],"wp:term":[{"taxonomy":"category","embeddable":true,"href":"https:\/\/prensa.sma.gob.ar\/index.php?rest_route=%2Fwp%2Fv2%2Fcategories&post=5657"},{"taxonomy":"post_tag","embeddable":true,"href":"https:\/\/prensa.sma.gob.ar\/index.php?rest_route=%2Fwp%2Fv2%2Ftags&post=5657"}],"curies":[{"name":"wp","href":"https:\/\/api.w.org\/{rel}","templated":true}]}}