{"id":5667,"date":"2025-02-18T23:47:48","date_gmt":"2025-02-18T23:47:48","guid":{"rendered":"https:\/\/prensa.sma.gob.ar\/?p=5667"},"modified":"2025-02-18T23:48:58","modified_gmt":"2025-02-18T23:48:58","slug":"el-municipio-presento-a-vecinas-y-vecinos-de-kaleuche-bajo-el-nuevo-cronograma-de-distribucion-de-agua","status":"publish","type":"post","link":"https:\/\/prensa.sma.gob.ar\/?p=5667","title":{"rendered":"El Municipio present\u00f3 a vecinas y vecinos de Kaleuche Bajo el nuevo cronograma de distribuci\u00f3n de agua"},"content":{"rendered":"\n<p>El Municipio inform\u00f3 el nuevo cronograma de distribuci\u00f3n de agua en Kaleuche Bajo, que entr\u00f3 en vigencia este lunes, durante una reuni\u00f3n en la que se analizaron otros temas planteados por vecinas y vecinos.<\/p>\n\n\n\n<p>La coordinaci\u00f3n del operativo, a cargo de la Secretar\u00eda de Gobierno, permite una mayor disponibilidad del cami\u00f3n, de manera de garantizar dos recorridas por semana a cada una de las familias anotadas en el registro del barrio. A esto se suma la compra de una motobomba para instalar en el cami\u00f3n que tiene asignada la distribuci\u00f3n.<\/p>\n\n\n\n<p>Kaleuche Bajo es uno de los barrios a los cuales el Municipio presta servicio de distribuci\u00f3n de agua, junto a Kaleuche Alto, Potrero Alto y Los Robles. Para los cuatro barrios, el Municipio estim\u00f3 una inversi\u00f3n mensual de $12.740.000, incluyendo sueldos, combustible y mantenimiento del veh\u00edculo. El recurso humano dedicado a este tema est\u00e1 conformado por el ch\u00f3fer y dos trabajadores operativos.<\/p>\n\n\n\n<p>Durante la reuni\u00f3n, realizada este lunes en la sede de la Subsecretar\u00eda de Juntas Vecinales, se inform\u00f3 a los vecinos que, por cada uno de los d\u00edas que el cami\u00f3n recorre el barrio, se realizan entre 5 y 7 viajes, llevando 10.000 litros por viaje para distribuir entre las algo m\u00e1s de 30 familias registradas. Adem\u00e1s, se ratific\u00f3 la importancia de que las familias del barrio que necesitan agua se registren, para mejorar la distribuci\u00f3n del suministro.<\/p>\n\n\n\n<p>Asistieron a la reuni\u00f3n la jefa de \u00e1rea de la Subsecretar\u00eda de Juntas Vecinales, Lorena Gonz\u00e1lez; los vecinos Noelia Machiarullo, Patricia Valerio, Laura Rubio, Domingo Ferraro y Esteban Ramella; y Gonzalo Romay, del Concejo Deliberante.<\/p>\n\n\n\n<p>Las vecinas y vecinos tambi\u00e9n fueron informados de las tareas que se llevan adelante para habilitar el pozo de agua perforado el a\u00f1o pasado, del cual se logr\u00f3 extraer un caudal de 26.000 litros\/hora. En las pr\u00f3ximas horas, el Municipio realizar\u00e1 la compra de suministros mientras gestiona ante el Epen la instalaci\u00f3n de un punto de conexi\u00f3n de la bomba que se utilizar\u00e1 all\u00ed.<\/p>\n\n\n\n<p>Una vez operativo, el pozo permitir\u00e1 abastecer a los camiones que hacen la distribuci\u00f3n en el barrio, sin necesidad de trasladarla desde el cuartel de bomberos en el barrio El Arenal, permitiendo ahorrar tiempo y costos de cada viaje, mejor aprovechamiento de veh\u00edculos y evitar los caminos en tiempos de inclemencias clim\u00e1ticas.<\/p>\n\n\n\n<p>Relacionado con el mismo tema, se inform\u00f3 que est\u00e1 pr\u00f3ximo a ingresar al Concejo Deliberante el proyecto de ordenanza para el pago del servicio de agua que presta el Municipio por parte de los vecinos, incluyendo c\u00e1lculo de costos y criterios de facturaci\u00f3n.<\/p>\n\n\n\n<p>Entre otros temas conversados, el Municipio y los vecinos acordaron mejorar los canales de comunicaci\u00f3n interna con las familias del barrio. Tambi\u00e9n se tom\u00f3 nota de otros requerimientos como consolidaci\u00f3n de la calle Atahualpa Yupanqui, la construcci\u00f3n de badenes y otros trabajos.<\/p>\n\n\n\n<p>Adem\u00e1s, las vecinas y vecinos plantearon la necesidad de reforzar las luminarias y la carteler\u00eda en las \u00e1reas m\u00e1s transitadas del barrio; la colocaci\u00f3n de una garita en la zona de entrada a Laguna Rosales y la realizaci\u00f3n de cortafuegos en un pinar.<\/p>\n\n\n\n<p>La reuni\u00f3n se realiz\u00f3 en un clima distendido en el cual, tanto los representantes del barrio como&nbsp; del Municipio, coincidieron en la importancia de fortalecer este \u00e1mbito de discusi\u00f3n, incluyendo las asambleas barriales y la interacci\u00f3n entre diferentes \u00e1reas del Ejecutivo para escuchar, tomar nota y resolver las demandas de la comunidad.<\/p>\n\n\n\n<p>El viernes 14 de marzo se realizar\u00e1 una nueva reuni\u00f3n, para evaluar la marcha de los temas tratados en este encuentro.<\/p>\n","protected":false},"excerpt":{"rendered":"<p>El Municipio inform\u00f3 el nuevo cronograma de distribuci\u00f3n de agua en Kaleuche Bajo, que entr\u00f3 en vigencia este lunes, durante una reuni\u00f3n en la que se analizaron otros temas planteados por vecinas y vecinos. La coordinaci\u00f3n del operativo, a cargo de la Secretar\u00eda de Gobierno, permite una mayor disponibilidad del cami\u00f3n, de manera de garantizar [&hellip;]<\/p>\n","protected":false},"author":2,"featured_media":5668,"comment_status":"closed","ping_status":"open","sticky":false,"template":"","format":"standard","meta":{"footnotes":""},"categories":[16,11,39,14,17],"tags":[],"class_list":{"0":"post-5667","1":"post","2":"type-post","3":"status-publish","4":"format-standard","5":"has-post-thumbnail","7":"category-destacadas","8":"category-gobierno","9":"category-subs-juntas-vecinales","10":"category-noticias","11":"category-portada"},"_links":{"self":[{"href":"https:\/\/prensa.sma.gob.ar\/index.php?rest_route=\/wp\/v2\/posts\/5667","targetHints":{"allow":["GET"]}}],"collection":[{"href":"https:\/\/prensa.sma.gob.ar\/index.php?rest_route=\/wp\/v2\/posts"}],"about":[{"href":"https:\/\/prensa.sma.gob.ar\/index.php?rest_route=\/wp\/v2\/types\/post"}],"author":[{"embeddable":true,"href":"https:\/\/prensa.sma.gob.ar\/index.php?rest_route=\/wp\/v2\/users\/2"}],"replies":[{"embeddable":true,"href":"https:\/\/prensa.sma.gob.ar\/index.php?rest_route=%2Fwp%2Fv2%2Fcomments&post=5667"}],"version-history":[{"count":1,"href":"https:\/\/prensa.sma.gob.ar\/index.php?rest_route=\/wp\/v2\/posts\/5667\/revisions"}],"predecessor-version":[{"id":5669,"href":"https:\/\/prensa.sma.gob.ar\/index.php?rest_route=\/wp\/v2\/posts\/5667\/revisions\/5669"}],"wp:featuredmedia":[{"embeddable":true,"href":"https:\/\/prensa.sma.gob.ar\/index.php?rest_route=\/wp\/v2\/media\/5668"}],"wp:attachment":[{"href":"https:\/\/prensa.sma.gob.ar\/index.php?rest_route=%2Fwp%2Fv2%2Fmedia&parent=5667"}],"wp:term":[{"taxonomy":"category","embeddable":true,"href":"https:\/\/prensa.sma.gob.ar\/index.php?rest_route=%2Fwp%2Fv2%2Fcategories&post=5667"},{"taxonomy":"post_tag","embeddable":true,"href":"https:\/\/prensa.sma.gob.ar\/index.php?rest_route=%2Fwp%2Fv2%2Ftags&post=5667"}],"curies":[{"name":"wp","href":"https:\/\/api.w.org\/{rel}","templated":true}]}}