{"id":5675,"date":"2025-02-19T16:20:58","date_gmt":"2025-02-19T16:20:58","guid":{"rendered":"https:\/\/prensa.sma.gob.ar\/?p=5675"},"modified":"2025-02-19T16:21:00","modified_gmt":"2025-02-19T16:21:00","slug":"cronograma-de-mantenimiento-mejora-y-limpieza-de-calles-para-los-proximos-dias","status":"publish","type":"post","link":"https:\/\/prensa.sma.gob.ar\/?p=5675","title":{"rendered":"Cronograma de mantenimiento, mejora y limpieza de calles para los pr\u00f3ximos d\u00edas"},"content":{"rendered":"\n<p>La Subsecretar\u00eda de Servicios P\u00fablicos del Municipio informa a vecinas y vecinos el cronograma de mantenimiento, mejora y limpieza de calles para los pr\u00f3ximos d\u00edas, que se realizar\u00e1n con motoniveladora y veh\u00edculos del sistema de riego:<\/p>\n\n\n\n<p>Desde este lunes y hasta ma\u00f1ana, mi\u00e9rcoles, se realizan tareas en Kaleuche Bajo, mientras que jueves 20 y viernes 21 los equipos trabajar\u00e1n en la reparaci\u00f3n de las calles de mayor tr\u00e1nsito en Alihuen Bajo, en tareas coordinadas con vecinas y vecinos del barrio. El s\u00e1bado 22 se realizar\u00e1n trabajos en calle Los Robles, para lo cual el Municipio pedir\u00e1 la colaboraci\u00f3n de los vecinos para quitar los veh\u00edculos de la calzada estrecha.<\/p>\n\n\n\n<p>El lunes 24 y el martes 25 se realizar\u00e1n repasos en los sectores m\u00e1s transitados de las 85 Viviendas, en Chacra 30 y en Chacra 32, mientras que mi\u00e9rcoles 26 y jueves 27 habr\u00e1 trabajos de mantenimiento en algunas calles de Ruca Hue y en Potrero Alto.<\/p>\n\n\n\n<p>En cuanto a los trabajos de recolecci\u00f3n de ramas y limpieza de calles, el cronograma establece trabajos los barrios Villa vega San Mart\u00edn, Las Rosas y alrededores, que se realizar\u00e1n este mi\u00e9rcoles, jueves y viernes.<\/p>\n\n\n\n<p>El lunes se realizar\u00e1n tareas en Covisal\/Los Radales; y el martes en El Arenal y Kumelcayen. Adem\u00e1s, se est\u00e1 coordinando con vecinas, vecinos y otras \u00e1reas del Municipio un operativo de limpieza general en Chacra 4 para los \u00faltimos d\u00edas de la pr\u00f3xima semana.<\/p>\n\n\n\n<p>La Subsecretar\u00eda de Servicios P\u00fablicos inform\u00f3, adem\u00e1s, que este cronograma de trabajo ya est\u00e1 establecido aunque puede sufrir alteraciones e imprevistos de \u00faltima hora.<\/p>\n","protected":false},"excerpt":{"rendered":"<p>La Subsecretar\u00eda de Servicios P\u00fablicos del Municipio informa a vecinas y vecinos el cronograma de mantenimiento, mejora y limpieza de calles para los pr\u00f3ximos d\u00edas, que se realizar\u00e1n con motoniveladora y veh\u00edculos del sistema de riego: Desde este lunes y hasta ma\u00f1ana, mi\u00e9rcoles, se realizan tareas en Kaleuche Bajo, mientras que jueves 20 y viernes [&hellip;]<\/p>\n","protected":false},"author":1,"featured_media":5676,"comment_status":"closed","ping_status":"open","sticky":false,"template":"","format":"standard","meta":{"footnotes":""},"categories":[16,14],"tags":[],"class_list":{"0":"post-5675","1":"post","2":"type-post","3":"status-publish","4":"format-standard","5":"has-post-thumbnail","7":"category-destacadas","8":"category-noticias"},"_links":{"self":[{"href":"https:\/\/prensa.sma.gob.ar\/index.php?rest_route=\/wp\/v2\/posts\/5675","targetHints":{"allow":["GET"]}}],"collection":[{"href":"https:\/\/prensa.sma.gob.ar\/index.php?rest_route=\/wp\/v2\/posts"}],"about":[{"href":"https:\/\/prensa.sma.gob.ar\/index.php?rest_route=\/wp\/v2\/types\/post"}],"author":[{"embeddable":true,"href":"https:\/\/prensa.sma.gob.ar\/index.php?rest_route=\/wp\/v2\/users\/1"}],"replies":[{"embeddable":true,"href":"https:\/\/prensa.sma.gob.ar\/index.php?rest_route=%2Fwp%2Fv2%2Fcomments&post=5675"}],"version-history":[{"count":1,"href":"https:\/\/prensa.sma.gob.ar\/index.php?rest_route=\/wp\/v2\/posts\/5675\/revisions"}],"predecessor-version":[{"id":5677,"href":"https:\/\/prensa.sma.gob.ar\/index.php?rest_route=\/wp\/v2\/posts\/5675\/revisions\/5677"}],"wp:featuredmedia":[{"embeddable":true,"href":"https:\/\/prensa.sma.gob.ar\/index.php?rest_route=\/wp\/v2\/media\/5676"}],"wp:attachment":[{"href":"https:\/\/prensa.sma.gob.ar\/index.php?rest_route=%2Fwp%2Fv2%2Fmedia&parent=5675"}],"wp:term":[{"taxonomy":"category","embeddable":true,"href":"https:\/\/prensa.sma.gob.ar\/index.php?rest_route=%2Fwp%2Fv2%2Fcategories&post=5675"},{"taxonomy":"post_tag","embeddable":true,"href":"https:\/\/prensa.sma.gob.ar\/index.php?rest_route=%2Fwp%2Fv2%2Ftags&post=5675"}],"curies":[{"name":"wp","href":"https:\/\/api.w.org\/{rel}","templated":true}]}}