{"id":5715,"date":"2025-02-27T13:45:00","date_gmt":"2025-02-27T13:45:00","guid":{"rendered":"https:\/\/prensa.sma.gob.ar\/?p=5715"},"modified":"2025-02-27T13:45:01","modified_gmt":"2025-02-27T13:45:01","slug":"convocatoria-para-el-consejo-provincial-de-discapacidad-co-pro-dis","status":"publish","type":"post","link":"https:\/\/prensa.sma.gob.ar\/?p=5715","title":{"rendered":"Convocatoria para el Consejo Provincial de Discapacidad, Co.Pro.Dis"},"content":{"rendered":"\n<p>La Secretaria de Gobierno del Municipio, a trav\u00e9s del \u00e1rea de Discapacidad, convoca a las Organizaciones de las Sociedad Civil para representar a la comunidad en el Consejo Provincial de Discapacidad, Co.Pro.Dis, normado por la ley 3157.<\/p>\n\n\n\n<p>La convocatoria es para el viernes 7 de marzo pr\u00f3ximo, a las 10, en la Delegaci\u00f3n de El Arenal, en el sal\u00f3n de la Oficina de Empleo y est\u00e1 dirigida a todas las ONG, con personer\u00eda jur\u00eddica al d\u00eda, que deseen presentarse.<\/p>\n\n\n\n<p>En esta reuni\u00f3n se explicar\u00e1 la din\u00e1mica del Co.Pro.Dis, y su reglamentaci\u00f3n y significancia de la representaci\u00f3n. La elecci\u00f3n de dos miembros para participar de tan importante Consejo, uno titular y uno suplente, se realiza una vez al a\u00f1o y estar\u00e1 a cargo de las mismas instituciones y personas que hayan concurrido al encuentro.<\/p>\n","protected":false},"excerpt":{"rendered":"<p>La Secretaria de Gobierno del Municipio, a trav\u00e9s del \u00e1rea de Discapacidad, convoca a las Organizaciones de las Sociedad Civil para representar a la comunidad en el Consejo Provincial de Discapacidad, Co.Pro.Dis, normado por la ley 3157. La convocatoria es para el viernes 7 de marzo pr\u00f3ximo, a las 10, en la Delegaci\u00f3n de El [&hellip;]<\/p>\n","protected":false},"author":2,"featured_media":5716,"comment_status":"closed","ping_status":"open","sticky":false,"template":"","format":"standard","meta":{"footnotes":""},"categories":[16,2,14],"tags":[],"class_list":{"0":"post-5715","1":"post","2":"type-post","3":"status-publish","4":"format-standard","5":"has-post-thumbnail","7":"category-destacadas","8":"category-discapacidad","9":"category-noticias"},"_links":{"self":[{"href":"https:\/\/prensa.sma.gob.ar\/index.php?rest_route=\/wp\/v2\/posts\/5715","targetHints":{"allow":["GET"]}}],"collection":[{"href":"https:\/\/prensa.sma.gob.ar\/index.php?rest_route=\/wp\/v2\/posts"}],"about":[{"href":"https:\/\/prensa.sma.gob.ar\/index.php?rest_route=\/wp\/v2\/types\/post"}],"author":[{"embeddable":true,"href":"https:\/\/prensa.sma.gob.ar\/index.php?rest_route=\/wp\/v2\/users\/2"}],"replies":[{"embeddable":true,"href":"https:\/\/prensa.sma.gob.ar\/index.php?rest_route=%2Fwp%2Fv2%2Fcomments&post=5715"}],"version-history":[{"count":1,"href":"https:\/\/prensa.sma.gob.ar\/index.php?rest_route=\/wp\/v2\/posts\/5715\/revisions"}],"predecessor-version":[{"id":5717,"href":"https:\/\/prensa.sma.gob.ar\/index.php?rest_route=\/wp\/v2\/posts\/5715\/revisions\/5717"}],"wp:featuredmedia":[{"embeddable":true,"href":"https:\/\/prensa.sma.gob.ar\/index.php?rest_route=\/wp\/v2\/media\/5716"}],"wp:attachment":[{"href":"https:\/\/prensa.sma.gob.ar\/index.php?rest_route=%2Fwp%2Fv2%2Fmedia&parent=5715"}],"wp:term":[{"taxonomy":"category","embeddable":true,"href":"https:\/\/prensa.sma.gob.ar\/index.php?rest_route=%2Fwp%2Fv2%2Fcategories&post=5715"},{"taxonomy":"post_tag","embeddable":true,"href":"https:\/\/prensa.sma.gob.ar\/index.php?rest_route=%2Fwp%2Fv2%2Ftags&post=5715"}],"curies":[{"name":"wp","href":"https:\/\/api.w.org\/{rel}","templated":true}]}}