{"id":5718,"date":"2025-02-27T13:48:45","date_gmt":"2025-02-27T13:48:45","guid":{"rendered":"https:\/\/prensa.sma.gob.ar\/?p=5718"},"modified":"2025-02-27T13:48:46","modified_gmt":"2025-02-27T13:48:46","slug":"nueva-reunion-para-avanzar-con-el-proyecto-autogestivo-del-barrio-el-trebol","status":"publish","type":"post","link":"https:\/\/prensa.sma.gob.ar\/?p=5718","title":{"rendered":"Nueva reuni\u00f3n para avanzar con el proyecto autogestivo del barrio El Tr\u00e9bol"},"content":{"rendered":"\n<p>El proyecto autogestivo del barrio El Tr\u00e9bol, de Kaleuche, dio un nuevo paso durante una reuni\u00f3n de la que participaron concejales, funcionarios del Instituto de Vivienda y H\u00e1bitat y de Catastro del Municipio.<\/p>\n\n\n\n<p>Patricio P\u00e9rez, en representaci\u00f3n de vecinas y vecinos, acerc\u00f3 una serie de inquietudes vinculadas con las presentaciones que deber\u00e1n hacerse ante Catastro y los pr\u00f3ximos pasos para organizar el proyecto general y colectivo, con sus principios de ordenamiento.<\/p>\n\n\n\n<p>De la reuni\u00f3n participaron la concejal Mar\u00eda Laura Da Pieve, el concejal Carlos Men\u00e9ndez, los funcionarios del Instituto de Vivienda y H\u00e1bitat del Municipio Alejandra De Bonis y Ramiro Morel, y la directora de Catastro, Y\u00e9sica L\u00f2pez Orsi.<\/p>\n\n\n\n<p>El encuentro se inscribe en la continuidad del proyecto tras la reciente firma del convenio de asistencia financiera con el Gobierno neuquino y el Municipio para que el barrio pueda acceder a los servicios de agua, caminer\u00eda y energ\u00eda el\u00e9ctrica.<\/p>\n\n\n\n<p>Mediante ese convenio, el Municipio, como contrayente del financiamiento, asume la funci\u00f3n de organizador del proyecto, ejecutor de la obra por s\u00ed o a trav\u00e9s de contratistas y como garante del repago por parte de los vecinos.<\/p>\n\n\n\n<figure class=\"wp-block-gallery has-nested-images columns-default is-cropped wp-block-gallery-1 is-layout-flex wp-block-gallery-is-layout-flex\">\n<figure class=\"wp-block-image size-large\"><img loading=\"lazy\" decoding=\"async\" width=\"1024\" height=\"592\" data-id=\"5719\" src=\"https:\/\/prensa.sma.gob.ar\/wp-content\/uploads\/2025\/02\/WhatsApp-Image-2025-02-26-at-09.24.11-2-1024x592.jpeg\" alt=\"\" class=\"wp-image-5719\" srcset=\"https:\/\/prensa.sma.gob.ar\/wp-content\/uploads\/2025\/02\/WhatsApp-Image-2025-02-26-at-09.24.11-2-1024x592.jpeg 1024w, https:\/\/prensa.sma.gob.ar\/wp-content\/uploads\/2025\/02\/WhatsApp-Image-2025-02-26-at-09.24.11-2-300x173.jpeg 300w, https:\/\/prensa.sma.gob.ar\/wp-content\/uploads\/2025\/02\/WhatsApp-Image-2025-02-26-at-09.24.11-2-768x444.jpeg 768w, https:\/\/prensa.sma.gob.ar\/wp-content\/uploads\/2025\/02\/WhatsApp-Image-2025-02-26-at-09.24.11-2-1536x888.jpeg 1536w, https:\/\/prensa.sma.gob.ar\/wp-content\/uploads\/2025\/02\/WhatsApp-Image-2025-02-26-at-09.24.11-2-726x420.jpeg 726w, https:\/\/prensa.sma.gob.ar\/wp-content\/uploads\/2025\/02\/WhatsApp-Image-2025-02-26-at-09.24.11-2-696x402.jpeg 696w, https:\/\/prensa.sma.gob.ar\/wp-content\/uploads\/2025\/02\/WhatsApp-Image-2025-02-26-at-09.24.11-2-1068x617.jpeg 1068w, https:\/\/prensa.sma.gob.ar\/wp-content\/uploads\/2025\/02\/WhatsApp-Image-2025-02-26-at-09.24.11-2.jpeg 1600w\" sizes=\"auto, (max-width: 1024px) 100vw, 1024px\" \/><\/figure>\n\n\n\n<figure class=\"wp-block-image size-large\"><img loading=\"lazy\" decoding=\"async\" width=\"1024\" height=\"576\" data-id=\"5721\" src=\"https:\/\/prensa.sma.gob.ar\/wp-content\/uploads\/2025\/02\/WhatsApp-Image-2025-02-26-at-09.24.11-1024x576.jpeg\" alt=\"\" class=\"wp-image-5721\" srcset=\"https:\/\/prensa.sma.gob.ar\/wp-content\/uploads\/2025\/02\/WhatsApp-Image-2025-02-26-at-09.24.11-1024x576.jpeg 1024w, https:\/\/prensa.sma.gob.ar\/wp-content\/uploads\/2025\/02\/WhatsApp-Image-2025-02-26-at-09.24.11-300x169.jpeg 300w, https:\/\/prensa.sma.gob.ar\/wp-content\/uploads\/2025\/02\/WhatsApp-Image-2025-02-26-at-09.24.11-768x432.jpeg 768w, https:\/\/prensa.sma.gob.ar\/wp-content\/uploads\/2025\/02\/WhatsApp-Image-2025-02-26-at-09.24.11-1536x864.jpeg 1536w, https:\/\/prensa.sma.gob.ar\/wp-content\/uploads\/2025\/02\/WhatsApp-Image-2025-02-26-at-09.24.11-747x420.jpeg 747w, https:\/\/prensa.sma.gob.ar\/wp-content\/uploads\/2025\/02\/WhatsApp-Image-2025-02-26-at-09.24.11-696x392.jpeg 696w, https:\/\/prensa.sma.gob.ar\/wp-content\/uploads\/2025\/02\/WhatsApp-Image-2025-02-26-at-09.24.11-1068x601.jpeg 1068w, https:\/\/prensa.sma.gob.ar\/wp-content\/uploads\/2025\/02\/WhatsApp-Image-2025-02-26-at-09.24.11.jpeg 1600w\" sizes=\"auto, (max-width: 1024px) 100vw, 1024px\" \/><\/figure>\n\n\n\n<figure class=\"wp-block-image size-large\"><img loading=\"lazy\" decoding=\"async\" width=\"1024\" height=\"576\" data-id=\"5723\" src=\"https:\/\/prensa.sma.gob.ar\/wp-content\/uploads\/2025\/02\/WhatsApp-Image-2025-02-26-at-09.24.10-1-1024x576.jpeg\" alt=\"\" class=\"wp-image-5723\" srcset=\"https:\/\/prensa.sma.gob.ar\/wp-content\/uploads\/2025\/02\/WhatsApp-Image-2025-02-26-at-09.24.10-1-1024x576.jpeg 1024w, https:\/\/prensa.sma.gob.ar\/wp-content\/uploads\/2025\/02\/WhatsApp-Image-2025-02-26-at-09.24.10-1-300x169.jpeg 300w, https:\/\/prensa.sma.gob.ar\/wp-content\/uploads\/2025\/02\/WhatsApp-Image-2025-02-26-at-09.24.10-1-768x432.jpeg 768w, https:\/\/prensa.sma.gob.ar\/wp-content\/uploads\/2025\/02\/WhatsApp-Image-2025-02-26-at-09.24.10-1-1536x864.jpeg 1536w, https:\/\/prensa.sma.gob.ar\/wp-content\/uploads\/2025\/02\/WhatsApp-Image-2025-02-26-at-09.24.10-1-747x420.jpeg 747w, https:\/\/prensa.sma.gob.ar\/wp-content\/uploads\/2025\/02\/WhatsApp-Image-2025-02-26-at-09.24.10-1-696x392.jpeg 696w, https:\/\/prensa.sma.gob.ar\/wp-content\/uploads\/2025\/02\/WhatsApp-Image-2025-02-26-at-09.24.10-1-1068x601.jpeg 1068w, https:\/\/prensa.sma.gob.ar\/wp-content\/uploads\/2025\/02\/WhatsApp-Image-2025-02-26-at-09.24.10-1.jpeg 1600w\" sizes=\"auto, (max-width: 1024px) 100vw, 1024px\" \/><\/figure>\n<\/figure>\n","protected":false},"excerpt":{"rendered":"<p>El proyecto autogestivo del barrio El Tr\u00e9bol, de Kaleuche, dio un nuevo paso durante una reuni\u00f3n de la que participaron concejales, funcionarios del Instituto de Vivienda y H\u00e1bitat y de Catastro del Municipio. Patricio P\u00e9rez, en representaci\u00f3n de vecinas y vecinos, acerc\u00f3 una serie de inquietudes vinculadas con las presentaciones que deber\u00e1n hacerse ante Catastro [&hellip;]<\/p>\n","protected":false},"author":2,"featured_media":5720,"comment_status":"closed","ping_status":"open","sticky":false,"template":"","format":"standard","meta":{"footnotes":""},"categories":[6,16,14,37],"tags":[],"class_list":{"0":"post-5718","1":"post","2":"type-post","3":"status-publish","4":"format-standard","5":"has-post-thumbnail","7":"category-deliberante","8":"category-destacadas","9":"category-noticias","10":"category-vivienda"},"_links":{"self":[{"href":"https:\/\/prensa.sma.gob.ar\/index.php?rest_route=\/wp\/v2\/posts\/5718","targetHints":{"allow":["GET"]}}],"collection":[{"href":"https:\/\/prensa.sma.gob.ar\/index.php?rest_route=\/wp\/v2\/posts"}],"about":[{"href":"https:\/\/prensa.sma.gob.ar\/index.php?rest_route=\/wp\/v2\/types\/post"}],"author":[{"embeddable":true,"href":"https:\/\/prensa.sma.gob.ar\/index.php?rest_route=\/wp\/v2\/users\/2"}],"replies":[{"embeddable":true,"href":"https:\/\/prensa.sma.gob.ar\/index.php?rest_route=%2Fwp%2Fv2%2Fcomments&post=5718"}],"version-history":[{"count":1,"href":"https:\/\/prensa.sma.gob.ar\/index.php?rest_route=\/wp\/v2\/posts\/5718\/revisions"}],"predecessor-version":[{"id":5725,"href":"https:\/\/prensa.sma.gob.ar\/index.php?rest_route=\/wp\/v2\/posts\/5718\/revisions\/5725"}],"wp:featuredmedia":[{"embeddable":true,"href":"https:\/\/prensa.sma.gob.ar\/index.php?rest_route=\/wp\/v2\/media\/5720"}],"wp:attachment":[{"href":"https:\/\/prensa.sma.gob.ar\/index.php?rest_route=%2Fwp%2Fv2%2Fmedia&parent=5718"}],"wp:term":[{"taxonomy":"category","embeddable":true,"href":"https:\/\/prensa.sma.gob.ar\/index.php?rest_route=%2Fwp%2Fv2%2Fcategories&post=5718"},{"taxonomy":"post_tag","embeddable":true,"href":"https:\/\/prensa.sma.gob.ar\/index.php?rest_route=%2Fwp%2Fv2%2Ftags&post=5718"}],"curies":[{"name":"wp","href":"https:\/\/api.w.org\/{rel}","templated":true}]}}