{"id":5726,"date":"2025-03-06T13:51:48","date_gmt":"2025-03-06T13:51:48","guid":{"rendered":"https:\/\/prensa.sma.gob.ar\/?p=5726"},"modified":"2025-03-07T13:10:19","modified_gmt":"2025-03-07T13:10:19","slug":"se-realizara-la-jornada-de-lanzamiento-del-programa-impacta-neuquen-sobre-sostenibilidad","status":"publish","type":"post","link":"https:\/\/prensa.sma.gob.ar\/?p=5726","title":{"rendered":"Se realizar\u00e1 la Jornada de Lanzamiento del programa Impacta Neuqu\u00e9n sobre sostenibilidad"},"content":{"rendered":"\n<p>Entre el 10 y el 14 de marzo se realizar\u00e1 la Jornada Presencial de Lanzamiento Programa Impacta Neuqu\u00e9n y workshop (presencial), Impulsando el Desarrollo de Emprendimientos Sostenibles, que tendr\u00e1 lugar en San Mart\u00edn de los Andes, Zapala, Neuqu\u00e9n y Chos Malal.<\/p>\n\n\n\n<p>El Programa Impacta Neuqu\u00e9n es una iniciativa conjunta entre el Ministerio de Trabajo y Desarrollo Laboral y Pluspetrol Argentina que busca fomentar y fortalecer emprendimientos de triple impacto, es decir, aquellos que adem\u00e1s de generar r\u00e9dito econ\u00f3mico, tengan un impacto en el ambiente y las comunidades.<\/p>\n\n\n\n<p>Impacta Neuqu\u00e9n consta de distintas etapas de formaci\u00f3n, acompa\u00f1amiento y asistencia econ\u00f3mica a los proyectos seleccionados durante el programa, para alcanzar la sostenibilidad y cumplimiento de Objetivos de Desarrollo Sostenible. Para ello, contar\u00e1 con la asistencia t\u00e9cnica de la Fundaci\u00f3n Empretec.<\/p>\n\n\n\n<p>Los proyectos de triple impacto generan beneficios econ\u00f3micos mientras impactan positivamente en la sociedad y el ambiente. Identifican problemas globales y proponen soluciones locales, promoviendo procesos productivos sustentables y generando mejoras en la calidad de vida de la comunidad.<\/p>\n\n\n\n<p>Impacta Neuqu\u00e9n est\u00e1 dirigido a personas residentes de la provincia que buscan iniciar un emprendimiento o tienen un emprendimiento en marcha y tienen intenciones de reconvertir su modelo de negocio e innovar, teniendo en cuenta el modelo de triple impacto. No es necesario contar anticipadamente con una estrategia de triple impacto.<\/p>\n\n\n\n<p>El programa consta de 2 etapas, la primera es la Jornada Presencial de Lanzamiento Programa Impacta Neuqu\u00e9n del 10 al 14 de marzo en San Mart\u00edn de los Andes, Zapala, Neuqu\u00e9n y Chos Malal.<\/p>\n\n\n\n<p>La jornada tiene cupo limitado y las preinscripciones a las jornadas de lanzamiento presenciales estar\u00e1n abiertas hasta el viernes 7 de marzo inclusive. Podr\u00e1 participar s\u00f3lo un representante por cada emprendimiento\/ proyecto.<\/p>\n\n\n\n<p>Tras la primera etapa, los interesados podr\u00e1n inscribirte en Capacitaciones virtuales en Econom\u00eda Circular, Elevator Pitch y Modelado de negocios.<\/p>\n\n\n\n<p>Al t\u00e9rmino de estas instancias de formaci\u00f3n se seleccionar\u00e1n 25 proyectos para participar en la cohorte del Taller Presencial de Desarrollo del Comportamiento Emprendedor de la Fundaci\u00f3n Empretec, que tiene una duraci\u00f3n de 6 d\u00edas.<\/p>\n\n\n\n<p>El Ministerio de Trabajo y Desarrollo Laboral en convenio con Pluspetrol Argentina, brindar\u00e1 un aporte econ\u00f3mico para impulsar el desarrollo de los proyectos de triple impacto seleccionados una vez completadas todas las etapas. Tambi\u00e9n har\u00e1n acompa\u00f1amiento y seguimiento de los proyectos y capacitaciones en Plan de Negocios y Pitch.<\/p>\n\n\n\n<p>Requisitos: ser mayor de 18 a\u00f1os y residente en la Provincia del Neuqu\u00e9n. Registrarse en el Sistema P\u00fablico de Empleo. Desarrollar dentro de la Provincia del Neuqu\u00e9n un emprendimiento y desear potenciarlo y\/o transformarlo en un modelo de negocio de triple impacto. Tener una idea\/proyecto vinculado a una actividad productiva\/servicio y con inter\u00e9s en generar un modelo de negocio de triple impacto dentro de la Provincia del Neuqu\u00e9n.<\/p>\n\n\n\n<p>Las inscripciones se podr\u00e1n realizar en este link:<\/p>\n\n\n\n<p><br><a href=\"https:\/\/docs.google.com\/forms\/d\/e\/1FAIpQLSdG_6tWlej9ZO-M6oBfaOFdrAK6DuBUJN-LvF0DY0Gi_bACdw\/viewform\">https:\/\/docs.google.com\/forms\/d\/e\/1FAIpQLSdG_6tWlej9ZO-M6oBfaOFdrAK6DuBUJN-LvF0DY0Gi_bACdw\/viewform<\/a><\/p>\n\n\n\n<p><\/p>\n\n\n\n<p>M\u00e1s informaci\u00f3n:<\/p>\n\n\n\n<p><a href=\"https:\/\/mintrabajoydl.neuquen.gob.ar\/empleaneuquen\/impacta-neuquen.html\">https:\/\/mintrabajoydl.neuquen.gob.ar\/empleaneuquen\/impacta-neuquen.html<\/a><\/p>\n","protected":false},"excerpt":{"rendered":"<p>Entre el 10 y el 14 de marzo se realizar\u00e1 la Jornada Presencial de Lanzamiento Programa Impacta Neuqu\u00e9n y workshop (presencial), Impulsando el Desarrollo de Emprendimientos Sostenibles, que tendr\u00e1 lugar en San Mart\u00edn de los Andes, Zapala, Neuqu\u00e9n y Chos Malal. El Programa Impacta Neuqu\u00e9n es una iniciativa conjunta entre el Ministerio de Trabajo y [&hellip;]<\/p>\n","protected":false},"author":2,"featured_media":5811,"comment_status":"closed","ping_status":"open","sticky":false,"template":"","format":"standard","meta":{"footnotes":""},"categories":[16,14,31],"tags":[],"class_list":{"0":"post-5726","1":"post","2":"type-post","3":"status-publish","4":"format-standard","5":"has-post-thumbnail","7":"category-destacadas","8":"category-noticias","9":"category-produccion"},"_links":{"self":[{"href":"https:\/\/prensa.sma.gob.ar\/index.php?rest_route=\/wp\/v2\/posts\/5726","targetHints":{"allow":["GET"]}}],"collection":[{"href":"https:\/\/prensa.sma.gob.ar\/index.php?rest_route=\/wp\/v2\/posts"}],"about":[{"href":"https:\/\/prensa.sma.gob.ar\/index.php?rest_route=\/wp\/v2\/types\/post"}],"author":[{"embeddable":true,"href":"https:\/\/prensa.sma.gob.ar\/index.php?rest_route=\/wp\/v2\/users\/2"}],"replies":[{"embeddable":true,"href":"https:\/\/prensa.sma.gob.ar\/index.php?rest_route=%2Fwp%2Fv2%2Fcomments&post=5726"}],"version-history":[{"count":1,"href":"https:\/\/prensa.sma.gob.ar\/index.php?rest_route=\/wp\/v2\/posts\/5726\/revisions"}],"predecessor-version":[{"id":5728,"href":"https:\/\/prensa.sma.gob.ar\/index.php?rest_route=\/wp\/v2\/posts\/5726\/revisions\/5728"}],"wp:featuredmedia":[{"embeddable":true,"href":"https:\/\/prensa.sma.gob.ar\/index.php?rest_route=\/wp\/v2\/media\/5811"}],"wp:attachment":[{"href":"https:\/\/prensa.sma.gob.ar\/index.php?rest_route=%2Fwp%2Fv2%2Fmedia&parent=5726"}],"wp:term":[{"taxonomy":"category","embeddable":true,"href":"https:\/\/prensa.sma.gob.ar\/index.php?rest_route=%2Fwp%2Fv2%2Fcategories&post=5726"},{"taxonomy":"post_tag","embeddable":true,"href":"https:\/\/prensa.sma.gob.ar\/index.php?rest_route=%2Fwp%2Fv2%2Ftags&post=5726"}],"curies":[{"name":"wp","href":"https:\/\/api.w.org\/{rel}","templated":true}]}}