{"id":5742,"date":"2025-02-28T13:43:59","date_gmt":"2025-02-28T13:43:59","guid":{"rendered":"https:\/\/prensa.sma.gob.ar\/?p=5742"},"modified":"2025-02-28T13:44:33","modified_gmt":"2025-02-28T13:44:33","slug":"destacan-a-san-martin-de-los-andes-por-la-recuperacion-de-material-reciclable","status":"publish","type":"post","link":"https:\/\/prensa.sma.gob.ar\/?p=5742","title":{"rendered":"Destacan a San Mart\u00edn de los Andes por la recuperaci\u00f3n de material reciclable"},"content":{"rendered":"\n<p>El reciente encuentro de la Mesa Regional de Gesti\u00f3n Integral de Residuos S\u00f3lidos Urbanos (GIRSU) destac\u00f3 que San Mart\u00edn de los Andes lidera en la regi\u00f3n sur de la provincia de Neuqu\u00e9n la cantidad de materiales recuperados.<\/p>\n\n\n\n<p>\u201cSe destaca el crecimiento exponencial que ha logrado el municipio de San Mart\u00edn de los Andes en cantidad de materiales recuperados, liderando en cantidad en la regi\u00f3n\u201d, se\u00f1ala el comunicado final del encuentro, realizado el 13 de febrero en la ciudad de Alumin\u00e9.<\/p>\n\n\n\n<p>La reuni\u00f3n se centr\u00f3 en el intercambio de experiencias y en la proyecci\u00f3n de estrategias comunes para la Girsu en la regi\u00f3n. El Plan Girsu provincial aborda la gesti\u00f3n de residuos desde un enfoque ambiental, sanitario, social y econ\u00f3mico, promoviendo pr\u00e1cticas responsables que contribuyan a preservar el ambiente y mejorar la calidad de vida de las comunidades.<\/p>\n\n\n\n<p>Durante la reuni\u00f3n \u2013en la que San Mart\u00edn de los Andes estuvo representada por Mart\u00edn Betancour y Natalia Banega- cada municipio de la regi\u00f3n expuso su situaci\u00f3n general sobre el tratamiento de los residuos s\u00f3lidos urbanos.<\/p>\n\n\n\n<p>Adem\u00e1s de San Mart\u00edn de los Andes, asistieron representantes de Alumin\u00e9, Pehuenia, Villa Traful, Villa La Angostura, Jun\u00edn de los Andes, Piedra del \u00c1guila, Picun Leufu, Pilolil, Las Coloradas y funcionarios de la Subsecretar\u00eda de Gesti\u00f3n Integral de Residuos S\u00f3lidos urbanos de Neuqu\u00e9n.<\/p>\n\n\n\n<p>La secretaria de Ambiente de la provincia, Leticia Esteves, destac\u00f3 la importancia de estos espacios de di\u00e1logo y cooperaci\u00f3n. \u201cEl trabajo articulado entre municipios y provincia es clave para avanzar hacia una gesti\u00f3n de residuos m\u00e1s eficiente y sostenible\u201d, se\u00f1al\u00f3.<\/p>\n\n\n\n<p>Unos d\u00edas despu\u00e9s de este encuentro, funcionarios del Ejecutivo se presentaron ante la Comisi\u00f3n de Gobierno del Concejo Deliberante para dar detalles del convenio de intercambio para el SIRVE. Estuvieron presentes el secretario de Obras y Servicios P\u00fablicos, H\u00e9ctor Duran, y los referentes de la planta SIRVE, Lucrecia Trujillo y Mar\u00edn Betancourt.<\/p>\n\n\n\n<p>El Legislativo tiene para su tratamiento la ratificaci\u00f3n del convenio entre la Municipalidad y Omar Stern, para el intercambio de productos recuperados. La elaboraci\u00f3n de las propuestas de este intercambio fueron consensuadas en la mencionada Mesa Regional GIRSU de Alumin\u00e9.<\/p>\n\n\n\n<p>Los concejales discutieron la necesidad de desarrollar un programa local de educaci\u00f3n ambiental para incentivar la participaci\u00f3n ciudadana en la separaci\u00f3n en origen, reciclado y compostaje. De esta manera se busca mejorar la gesti\u00f3n operativa en los sitios de disposici\u00f3n final y minimizando el impacto ambiental y sanitario, seg\u00fan el compromiso ratificado por el Municipio ante las autoridades provinciales.<\/p>\n\n\n\n<p><\/p>\n","protected":false},"excerpt":{"rendered":"<p>El reciente encuentro de la Mesa Regional de Gesti\u00f3n Integral de Residuos S\u00f3lidos Urbanos (GIRSU) destac\u00f3 que San Mart\u00edn de los Andes lidera en la regi\u00f3n sur de la provincia de Neuqu\u00e9n la cantidad de materiales recuperados. \u201cSe destaca el crecimiento exponencial que ha logrado el municipio de San Mart\u00edn de los Andes en cantidad [&hellip;]<\/p>\n","protected":false},"author":1,"featured_media":5743,"comment_status":"closed","ping_status":"open","sticky":false,"template":"","format":"standard","meta":{"footnotes":""},"categories":[16,14,17],"tags":[],"class_list":{"0":"post-5742","1":"post","2":"type-post","3":"status-publish","4":"format-standard","5":"has-post-thumbnail","7":"category-destacadas","8":"category-noticias","9":"category-portada"},"_links":{"self":[{"href":"https:\/\/prensa.sma.gob.ar\/index.php?rest_route=\/wp\/v2\/posts\/5742","targetHints":{"allow":["GET"]}}],"collection":[{"href":"https:\/\/prensa.sma.gob.ar\/index.php?rest_route=\/wp\/v2\/posts"}],"about":[{"href":"https:\/\/prensa.sma.gob.ar\/index.php?rest_route=\/wp\/v2\/types\/post"}],"author":[{"embeddable":true,"href":"https:\/\/prensa.sma.gob.ar\/index.php?rest_route=\/wp\/v2\/users\/1"}],"replies":[{"embeddable":true,"href":"https:\/\/prensa.sma.gob.ar\/index.php?rest_route=%2Fwp%2Fv2%2Fcomments&post=5742"}],"version-history":[{"count":1,"href":"https:\/\/prensa.sma.gob.ar\/index.php?rest_route=\/wp\/v2\/posts\/5742\/revisions"}],"predecessor-version":[{"id":5744,"href":"https:\/\/prensa.sma.gob.ar\/index.php?rest_route=\/wp\/v2\/posts\/5742\/revisions\/5744"}],"wp:featuredmedia":[{"embeddable":true,"href":"https:\/\/prensa.sma.gob.ar\/index.php?rest_route=\/wp\/v2\/media\/5743"}],"wp:attachment":[{"href":"https:\/\/prensa.sma.gob.ar\/index.php?rest_route=%2Fwp%2Fv2%2Fmedia&parent=5742"}],"wp:term":[{"taxonomy":"category","embeddable":true,"href":"https:\/\/prensa.sma.gob.ar\/index.php?rest_route=%2Fwp%2Fv2%2Fcategories&post=5742"},{"taxonomy":"post_tag","embeddable":true,"href":"https:\/\/prensa.sma.gob.ar\/index.php?rest_route=%2Fwp%2Fv2%2Ftags&post=5742"}],"curies":[{"name":"wp","href":"https:\/\/api.w.org\/{rel}","templated":true}]}}