{"id":5774,"date":"2025-03-06T13:18:13","date_gmt":"2025-03-06T13:18:13","guid":{"rendered":"https:\/\/prensa.sma.gob.ar\/?p=5774"},"modified":"2025-03-07T03:56:35","modified_gmt":"2025-03-07T03:56:35","slug":"reunion-de-obras-y-servicios-publicos-con-el-consejo-de-juntas-y-representantes-de-comisiones-vecinales","status":"publish","type":"post","link":"https:\/\/prensa.sma.gob.ar\/?p=5774","title":{"rendered":"Reuni\u00f3n de Obras y Servicios P\u00fablicos con el Consejo de Juntas y representantes de comisiones vecinales"},"content":{"rendered":"\n<p>El secretario de Obras y Servicios P\u00fablicos, H\u00e9ctor Dur\u00e1n, present\u00f3 a los subsecretarios que lo acompa\u00f1ar\u00e1n en la nueva etapa de la gesti\u00f3n, durante una reuni\u00f3n de la que participaron representantes de las Comisiones Vecinales de diferentes barrios y del Consejo de Juntas Vecinales.<\/p>\n\n\n\n<p>Tras la presentaci\u00f3n de Mart\u00edn Betancur como subsecretario de Servicios P\u00fablicos y Leonardo Manr\u00edquez como subsecretario de Obras P\u00fablicas, Dur\u00e1n explic\u00f3 a los representantes de vecinas y vecinos que los cambios en el \u00e1rea buscan mejorar el tiempo de respuesta a las necesidades barriales y hacer m\u00e1s eficiente el cumplimiento del cronograma de trabajo.<\/p>\n\n\n\n<p>Estos cambios \u2013se\u00f1al\u00f3- incluyen direcciones y jefaturas y mejoramiento del \u00e1rea administrativa para agilizar la capacidad de respuestas a las notas y reclamos presentados por la comunidad a trav\u00e9s de los canales institucionales como las comisiones barriales, el Consejo de Juntas Vecinales y la Subsecretar\u00eda de Juntas Vecinales.<\/p>\n\n\n\n<p>De la reuni\u00f3n, que se realiz\u00f3 este mi\u00e9rcoles en el Sal\u00f3n Municipal, participaron representantes del Consejo de Juntas Vecinales (con integrantes de diferentes barrios) y de las comisiones barriales de El Molino, Chacra 4, Cantera, Callejones, Kaleuche Alto, Los Radales, Altos del Sol, Los Robles, Chacra 32, Centro, Valle del Chapelco y Jardines de la Estepa, entre otros. Tambi\u00e9n asisti\u00f3 Lorena Gonz\u00e1lez, de la Subsecretar\u00eda de Juntas Vecinales.<\/p>\n\n\n\n<p>Dur\u00e1n adelant\u00f3 que se sumaron dos ingenieros para profundizar los trabajos con residuos urbanos, incluyendo campa\u00f1as escolares y la colocaci\u00f3n de nuevos canastos. Destac\u00f3 el mejoramiento en el reciclado que permiti\u00f3 poner a San Mart\u00edn de los Andes en el primer lugar dentro de la Regi\u00f3n Sur de la provincia.<\/p>\n\n\n\n<p><strong>M\u00e1quinas y equipos<\/strong><\/p>\n\n\n\n<p>Explic\u00f3 que, para atender los 290 kil\u00f3metros lineales de calles de tierra y ripio de San Mart\u00edn de los Andes, el \u00e1rea de Obras y Servicios P\u00fablicos tiene operativos una motoniveladora, una minicargadora y dos camiones, adem\u00e1s de los veh\u00edculos asignados a la recolecci\u00f3n de residuos.<\/p>\n\n\n\n<p>Se\u00f1al\u00f3 que una segunda motoniveladora est\u00e1 en reparaci\u00f3n y que pr\u00f3ximamente se incorporar\u00e1n nuevos veh\u00edculos, gracias a gestiones personales que realiza el intendente Carlos Saloniti. Tambi\u00e9n confirm\u00f3 que en los pr\u00f3ximos d\u00edas se incorporar\u00e1 la barredora IVECO 1722 que est\u00e1 siendo reparada a nuevo en los talleres de la firma LUIS J.D. SCORZA y C\u00cdA S.A. de C\u00f3rdoba.<\/p>\n\n\n\n<p>Ante preguntas de los vecinos, Dur\u00e1n explic\u00f3 que el Municipio est\u00e1 equipando el galp\u00f3n de Chacra 30 para que funcione la base de veh\u00edculos de recolecci\u00f3n, choferes y servicio de mantenimiento, tarea que facilitar\u00e1 la operatividad y los tiempos de trabajo.<\/p>\n\n\n\n<p>Otros temas planteados por los representantes vecinales fueron la difusi\u00f3n de cronogramas de limpieza y cortes de pasto, y mantenimiento de calles, incluyendo Kaleuche Alto. Dur\u00e1n explic\u00f3 que los cambios en el \u00e1rea tambi\u00e9n apuntan a ejecutar el programa de trabajo establecido.<\/p>\n\n\n\n<p><strong>Zonas cr\u00edticas y mecanismos de di\u00e1logo <\/strong><\/p>\n\n\n\n<p>Durante la reuni\u00f3n, se identificaron las zonas m\u00e1s cr\u00edticas de basura, pozos, microbasurales y otras necesidades de cada uno de los barrios. En cuanto al mantenimiento de rutas y calles pavimentadas, Dur\u00e1n especific\u00f3 las que pertenecen a la \u00f3rbita nacional, provincial y municipal y pidi\u00f3 a las comisiones que sumen sus reclamos para el mejoramiento de la traza urbana de la Ruta Nacional 40.<\/p>\n\n\n\n<p>Tambi\u00e9n se analiz\u00f3 y se intercambiaron opiniones sobre la colocaci\u00f3n de volquetes, las acciones de las comisiones para evitar la formaci\u00f3n de microbasurales, el mantenimiento de plazas y otros espacios comunes, limpieza de canales y acequias y nuevas campa\u00f1as de reciclado.<\/p>\n\n\n\n<p>Al final de la reuni\u00f3n, que demand\u00f3 m\u00e1s de dos horas, funcionarios y representantes barriales acordaron nuevos encuentros para este mes y reafirmaron los mecanismos de di\u00e1logo a trav\u00e9s de los canales institucionales para la resoluci\u00f3n de los problemas comunitarios.<\/p>\n\n\n\n<figure class=\"wp-block-gallery has-nested-images columns-default is-cropped wp-block-gallery-1 is-layout-flex wp-block-gallery-is-layout-flex\">\n<figure class=\"wp-block-image size-large\"><img loading=\"lazy\" decoding=\"async\" width=\"1024\" height=\"771\" data-id=\"5776\" src=\"https:\/\/prensa.sma.gob.ar\/wp-content\/uploads\/2025\/03\/WhatsApp-Image-2025-03-06-at-09.50.55-1024x771.jpeg\" alt=\"\" class=\"wp-image-5776\" srcset=\"https:\/\/prensa.sma.gob.ar\/wp-content\/uploads\/2025\/03\/WhatsApp-Image-2025-03-06-at-09.50.55-1024x771.jpeg 1024w, https:\/\/prensa.sma.gob.ar\/wp-content\/uploads\/2025\/03\/WhatsApp-Image-2025-03-06-at-09.50.55-300x226.jpeg 300w, https:\/\/prensa.sma.gob.ar\/wp-content\/uploads\/2025\/03\/WhatsApp-Image-2025-03-06-at-09.50.55-768x578.jpeg 768w, https:\/\/prensa.sma.gob.ar\/wp-content\/uploads\/2025\/03\/WhatsApp-Image-2025-03-06-at-09.50.55-1536x1157.jpeg 1536w, https:\/\/prensa.sma.gob.ar\/wp-content\/uploads\/2025\/03\/WhatsApp-Image-2025-03-06-at-09.50.55-2048x1542.jpeg 2048w, https:\/\/prensa.sma.gob.ar\/wp-content\/uploads\/2025\/03\/WhatsApp-Image-2025-03-06-at-09.50.55-558x420.jpeg 558w, https:\/\/prensa.sma.gob.ar\/wp-content\/uploads\/2025\/03\/WhatsApp-Image-2025-03-06-at-09.50.55-80x60.jpeg 80w, https:\/\/prensa.sma.gob.ar\/wp-content\/uploads\/2025\/03\/WhatsApp-Image-2025-03-06-at-09.50.55-696x524.jpeg 696w, https:\/\/prensa.sma.gob.ar\/wp-content\/uploads\/2025\/03\/WhatsApp-Image-2025-03-06-at-09.50.55-1068x804.jpeg 1068w, https:\/\/prensa.sma.gob.ar\/wp-content\/uploads\/2025\/03\/WhatsApp-Image-2025-03-06-at-09.50.55-1920x1446.jpeg 1920w\" sizes=\"auto, (max-width: 1024px) 100vw, 1024px\" \/><\/figure>\n\n\n\n<figure class=\"wp-block-image size-large\"><img loading=\"lazy\" decoding=\"async\" width=\"1024\" height=\"771\" data-id=\"5777\" src=\"https:\/\/prensa.sma.gob.ar\/wp-content\/uploads\/2025\/03\/WhatsApp-Image-2025-03-06-at-09.50.54-1024x771.jpeg\" alt=\"\" class=\"wp-image-5777\" srcset=\"https:\/\/prensa.sma.gob.ar\/wp-content\/uploads\/2025\/03\/WhatsApp-Image-2025-03-06-at-09.50.54-1024x771.jpeg 1024w, https:\/\/prensa.sma.gob.ar\/wp-content\/uploads\/2025\/03\/WhatsApp-Image-2025-03-06-at-09.50.54-300x226.jpeg 300w, https:\/\/prensa.sma.gob.ar\/wp-content\/uploads\/2025\/03\/WhatsApp-Image-2025-03-06-at-09.50.54-768x578.jpeg 768w, https:\/\/prensa.sma.gob.ar\/wp-content\/uploads\/2025\/03\/WhatsApp-Image-2025-03-06-at-09.50.54-1536x1157.jpeg 1536w, https:\/\/prensa.sma.gob.ar\/wp-content\/uploads\/2025\/03\/WhatsApp-Image-2025-03-06-at-09.50.54-2048x1542.jpeg 2048w, https:\/\/prensa.sma.gob.ar\/wp-content\/uploads\/2025\/03\/WhatsApp-Image-2025-03-06-at-09.50.54-558x420.jpeg 558w, https:\/\/prensa.sma.gob.ar\/wp-content\/uploads\/2025\/03\/WhatsApp-Image-2025-03-06-at-09.50.54-80x60.jpeg 80w, https:\/\/prensa.sma.gob.ar\/wp-content\/uploads\/2025\/03\/WhatsApp-Image-2025-03-06-at-09.50.54-696x524.jpeg 696w, https:\/\/prensa.sma.gob.ar\/wp-content\/uploads\/2025\/03\/WhatsApp-Image-2025-03-06-at-09.50.54-1068x804.jpeg 1068w, https:\/\/prensa.sma.gob.ar\/wp-content\/uploads\/2025\/03\/WhatsApp-Image-2025-03-06-at-09.50.54-1920x1446.jpeg 1920w\" sizes=\"auto, (max-width: 1024px) 100vw, 1024px\" \/><\/figure>\n\n\n\n<figure class=\"wp-block-image size-large\"><img loading=\"lazy\" decoding=\"async\" width=\"1024\" height=\"771\" data-id=\"5782\" src=\"https:\/\/prensa.sma.gob.ar\/wp-content\/uploads\/2025\/03\/WhatsApp-Image-2025-03-06-at-09.50.50-1024x771.jpeg\" alt=\"\" class=\"wp-image-5782\" srcset=\"https:\/\/prensa.sma.gob.ar\/wp-content\/uploads\/2025\/03\/WhatsApp-Image-2025-03-06-at-09.50.50-1024x771.jpeg 1024w, https:\/\/prensa.sma.gob.ar\/wp-content\/uploads\/2025\/03\/WhatsApp-Image-2025-03-06-at-09.50.50-300x226.jpeg 300w, https:\/\/prensa.sma.gob.ar\/wp-content\/uploads\/2025\/03\/WhatsApp-Image-2025-03-06-at-09.50.50-768x578.jpeg 768w, https:\/\/prensa.sma.gob.ar\/wp-content\/uploads\/2025\/03\/WhatsApp-Image-2025-03-06-at-09.50.50-1536x1157.jpeg 1536w, https:\/\/prensa.sma.gob.ar\/wp-content\/uploads\/2025\/03\/WhatsApp-Image-2025-03-06-at-09.50.50-2048x1542.jpeg 2048w, https:\/\/prensa.sma.gob.ar\/wp-content\/uploads\/2025\/03\/WhatsApp-Image-2025-03-06-at-09.50.50-558x420.jpeg 558w, https:\/\/prensa.sma.gob.ar\/wp-content\/uploads\/2025\/03\/WhatsApp-Image-2025-03-06-at-09.50.50-80x60.jpeg 80w, https:\/\/prensa.sma.gob.ar\/wp-content\/uploads\/2025\/03\/WhatsApp-Image-2025-03-06-at-09.50.50-696x524.jpeg 696w, https:\/\/prensa.sma.gob.ar\/wp-content\/uploads\/2025\/03\/WhatsApp-Image-2025-03-06-at-09.50.50-1068x804.jpeg 1068w, https:\/\/prensa.sma.gob.ar\/wp-content\/uploads\/2025\/03\/WhatsApp-Image-2025-03-06-at-09.50.50-1920x1446.jpeg 1920w\" sizes=\"auto, (max-width: 1024px) 100vw, 1024px\" \/><\/figure>\n<\/figure>\n\n\n\n<figure class=\"wp-block-gallery has-nested-images columns-default is-cropped wp-block-gallery-2 is-layout-flex wp-block-gallery-is-layout-flex\"><\/figure>\n","protected":false},"excerpt":{"rendered":"<p>El secretario de Obras y Servicios P\u00fablicos, H\u00e9ctor Dur\u00e1n, present\u00f3 a los subsecretarios que lo acompa\u00f1ar\u00e1n en la nueva etapa de la gesti\u00f3n, durante una reuni\u00f3n de la que participaron representantes de las Comisiones Vecinales de diferentes barrios y del Consejo de Juntas Vecinales. Tras la presentaci\u00f3n de Mart\u00edn Betancur como subsecretario de Servicios P\u00fablicos [&hellip;]<\/p>\n","protected":false},"author":2,"featured_media":5775,"comment_status":"closed","ping_status":"open","sticky":false,"template":"","format":"standard","meta":{"footnotes":""},"categories":[16,39,14,19,17],"tags":[],"class_list":{"0":"post-5774","1":"post","2":"type-post","3":"status-publish","4":"format-standard","5":"has-post-thumbnail","7":"category-destacadas","8":"category-subs-juntas-vecinales","9":"category-noticias","10":"category-obras-y-servicios-publicos","11":"category-portada"},"_links":{"self":[{"href":"https:\/\/prensa.sma.gob.ar\/index.php?rest_route=\/wp\/v2\/posts\/5774","targetHints":{"allow":["GET"]}}],"collection":[{"href":"https:\/\/prensa.sma.gob.ar\/index.php?rest_route=\/wp\/v2\/posts"}],"about":[{"href":"https:\/\/prensa.sma.gob.ar\/index.php?rest_route=\/wp\/v2\/types\/post"}],"author":[{"embeddable":true,"href":"https:\/\/prensa.sma.gob.ar\/index.php?rest_route=\/wp\/v2\/users\/2"}],"replies":[{"embeddable":true,"href":"https:\/\/prensa.sma.gob.ar\/index.php?rest_route=%2Fwp%2Fv2%2Fcomments&post=5774"}],"version-history":[{"count":5,"href":"https:\/\/prensa.sma.gob.ar\/index.php?rest_route=\/wp\/v2\/posts\/5774\/revisions"}],"predecessor-version":[{"id":5800,"href":"https:\/\/prensa.sma.gob.ar\/index.php?rest_route=\/wp\/v2\/posts\/5774\/revisions\/5800"}],"wp:featuredmedia":[{"embeddable":true,"href":"https:\/\/prensa.sma.gob.ar\/index.php?rest_route=\/wp\/v2\/media\/5775"}],"wp:attachment":[{"href":"https:\/\/prensa.sma.gob.ar\/index.php?rest_route=%2Fwp%2Fv2%2Fmedia&parent=5774"}],"wp:term":[{"taxonomy":"category","embeddable":true,"href":"https:\/\/prensa.sma.gob.ar\/index.php?rest_route=%2Fwp%2Fv2%2Fcategories&post=5774"},{"taxonomy":"post_tag","embeddable":true,"href":"https:\/\/prensa.sma.gob.ar\/index.php?rest_route=%2Fwp%2Fv2%2Ftags&post=5774"}],"curies":[{"name":"wp","href":"https:\/\/api.w.org\/{rel}","templated":true}]}}