{"id":5788,"date":"2025-03-05T17:00:28","date_gmt":"2025-03-05T17:00:28","guid":{"rendered":"https:\/\/prensa.sma.gob.ar\/?p=5788"},"modified":"2025-03-06T15:46:23","modified_gmt":"2025-03-06T15:46:23","slug":"fueron-designados-los-nuevos-subsecretarios-de-servicios-publicos-y-de-obras-publicas","status":"publish","type":"post","link":"https:\/\/prensa.sma.gob.ar\/?p=5788","title":{"rendered":"Fueron designados los nuevos subsecretarios de Servicios P\u00fablicos y de Obras P\u00fablicas"},"content":{"rendered":"\n<p>El intendente Carlos Saloniti design\u00f3 a Sergio Mart\u00edn Betancur (Legajo 2926) como subsecretario de Servicios P\u00fablicos, dependiente de la Secretar\u00eda de Obras y Servicios P\u00fablicos. Betancur se ven\u00eda desempe\u00f1ando como Colaborador de Gesti\u00f3n en la misma \u00e1rea.<\/p>\n\n\n\n<p>Tambi\u00e9n fue designado Leonardo Manr\u00edquez Leonardo (Legajo 2005) como Subsecretario de Obras P\u00fablicas, dependiente de la Secretar\u00eda de Obras y Servicios P\u00fablicos. Manr\u00edquez ocupaba el cargo de director general de Conservaci\u00f3n Urbana y Ambiental.<\/p>\n\n\n\n<p>Ambas designaciones tienen vigencia desde el 1 del corriente mes de marzo.<\/p>\n","protected":false},"excerpt":{"rendered":"<p>El intendente Carlos Saloniti design\u00f3 a Sergio Mart\u00edn Betancur (Legajo 2926) como subsecretario de Servicios P\u00fablicos, dependiente de la Secretar\u00eda de Obras y Servicios P\u00fablicos. Betancur se ven\u00eda desempe\u00f1ando como Colaborador de Gesti\u00f3n en la misma \u00e1rea. Tambi\u00e9n fue designado Leonardo Manr\u00edquez Leonardo (Legajo 2005) como Subsecretario de Obras P\u00fablicas, dependiente de la Secretar\u00eda de [&hellip;]<\/p>\n","protected":false},"author":2,"featured_media":5789,"comment_status":"closed","ping_status":"open","sticky":false,"template":"","format":"standard","meta":{"footnotes":""},"categories":[16,14,19],"tags":[],"class_list":{"0":"post-5788","1":"post","2":"type-post","3":"status-publish","4":"format-standard","5":"has-post-thumbnail","7":"category-destacadas","8":"category-noticias","9":"category-obras-y-servicios-publicos"},"_links":{"self":[{"href":"https:\/\/prensa.sma.gob.ar\/index.php?rest_route=\/wp\/v2\/posts\/5788","targetHints":{"allow":["GET"]}}],"collection":[{"href":"https:\/\/prensa.sma.gob.ar\/index.php?rest_route=\/wp\/v2\/posts"}],"about":[{"href":"https:\/\/prensa.sma.gob.ar\/index.php?rest_route=\/wp\/v2\/types\/post"}],"author":[{"embeddable":true,"href":"https:\/\/prensa.sma.gob.ar\/index.php?rest_route=\/wp\/v2\/users\/2"}],"replies":[{"embeddable":true,"href":"https:\/\/prensa.sma.gob.ar\/index.php?rest_route=%2Fwp%2Fv2%2Fcomments&post=5788"}],"version-history":[{"count":1,"href":"https:\/\/prensa.sma.gob.ar\/index.php?rest_route=\/wp\/v2\/posts\/5788\/revisions"}],"predecessor-version":[{"id":5790,"href":"https:\/\/prensa.sma.gob.ar\/index.php?rest_route=\/wp\/v2\/posts\/5788\/revisions\/5790"}],"wp:featuredmedia":[{"embeddable":true,"href":"https:\/\/prensa.sma.gob.ar\/index.php?rest_route=\/wp\/v2\/media\/5789"}],"wp:attachment":[{"href":"https:\/\/prensa.sma.gob.ar\/index.php?rest_route=%2Fwp%2Fv2%2Fmedia&parent=5788"}],"wp:term":[{"taxonomy":"category","embeddable":true,"href":"https:\/\/prensa.sma.gob.ar\/index.php?rest_route=%2Fwp%2Fv2%2Fcategories&post=5788"},{"taxonomy":"post_tag","embeddable":true,"href":"https:\/\/prensa.sma.gob.ar\/index.php?rest_route=%2Fwp%2Fv2%2Ftags&post=5788"}],"curies":[{"name":"wp","href":"https:\/\/api.w.org\/{rel}","templated":true}]}}