{"id":5792,"date":"2025-03-06T18:32:16","date_gmt":"2025-03-06T18:32:16","guid":{"rendered":"https:\/\/prensa.sma.gob.ar\/?p=5792"},"modified":"2025-03-06T18:32:17","modified_gmt":"2025-03-06T18:32:17","slug":"municipio-y-juzgado-de-faltas-refuerzan-el-trabajo-conjunto","status":"publish","type":"post","link":"https:\/\/prensa.sma.gob.ar\/?p=5792","title":{"rendered":"Municipio y Juzgado de Faltas refuerzan el trabajo conjunto"},"content":{"rendered":"\n<p>El intendente Carlos Saloniti y el juez administrativo de faltas, Carlos S\u00e1nchez Galarce, acordaron fortalecer el trabajo en equipo, mejorar el intercambio de informaci\u00f3n y mantener encuentros mensuales para hacer un seguimiento de las actas de infracci\u00f3n.<\/p>\n\n\n\n<p>Durante la reuni\u00f3n, que se realiz\u00f3 este jueves en el despacho del Intendente, el Dr. S\u00e1nchez Galarce inform\u00f3 al jefe comunal el balance de febrero con la cantidad de sentencias dictadas y cobradas en base a las actas labradas por las diferentes \u00e1reas del Ejecutivo municipal.<\/p>\n\n\n\n<p>Las principales \u00e1reas que labran actas de infracci\u00f3n son Obras Particulares, Gesti\u00f3n Ambiental, Guardas Ambientales, Tr\u00e1nsito, Transporte, Bromatolog\u00eda, Turismo y Denuncias Particulares, entre otras.<\/p>\n\n\n\n<p>Seg\u00fan el balance de febrero, en un mes el Juzgado Administrativo de Faltas recibi\u00f3 187 actas, se dictaron 91 sentencias, por un monto de 22 millones de pesos. En el mismo per\u00edodo se cobraron 97 sentencias con una recaudaci\u00f3n de 7,6 millones de pesos.<\/p>\n\n\n\n<p>El intendente Saloniti explic\u00f3 que el objetivo de este encuentro es \u201ctrabajar de manera conjunta con el juez, mejorar la tarea conjunta para que nadie eluda sus obligaciones, e intercambiar informaci\u00f3n al menos una vez por mes\u201d.<\/p>\n\n\n\n<figure class=\"wp-block-gallery has-nested-images columns-default is-cropped wp-block-gallery-1 is-layout-flex wp-block-gallery-is-layout-flex\">\n<figure class=\"wp-block-image size-large\"><img loading=\"lazy\" decoding=\"async\" width=\"1024\" height=\"572\" data-id=\"5796\" src=\"https:\/\/prensa.sma.gob.ar\/wp-content\/uploads\/2025\/03\/WhatsApp-Image-2025-03-06-at-12.54.43-1024x572.jpeg\" alt=\"\" class=\"wp-image-5796\" srcset=\"https:\/\/prensa.sma.gob.ar\/wp-content\/uploads\/2025\/03\/WhatsApp-Image-2025-03-06-at-12.54.43-1024x572.jpeg 1024w, https:\/\/prensa.sma.gob.ar\/wp-content\/uploads\/2025\/03\/WhatsApp-Image-2025-03-06-at-12.54.43-300x167.jpeg 300w, https:\/\/prensa.sma.gob.ar\/wp-content\/uploads\/2025\/03\/WhatsApp-Image-2025-03-06-at-12.54.43-768x429.jpeg 768w, https:\/\/prensa.sma.gob.ar\/wp-content\/uploads\/2025\/03\/WhatsApp-Image-2025-03-06-at-12.54.43-1536x857.jpeg 1536w, https:\/\/prensa.sma.gob.ar\/wp-content\/uploads\/2025\/03\/WhatsApp-Image-2025-03-06-at-12.54.43-753x420.jpeg 753w, https:\/\/prensa.sma.gob.ar\/wp-content\/uploads\/2025\/03\/WhatsApp-Image-2025-03-06-at-12.54.43-696x388.jpeg 696w, https:\/\/prensa.sma.gob.ar\/wp-content\/uploads\/2025\/03\/WhatsApp-Image-2025-03-06-at-12.54.43-1068x596.jpeg 1068w, https:\/\/prensa.sma.gob.ar\/wp-content\/uploads\/2025\/03\/WhatsApp-Image-2025-03-06-at-12.54.43.jpeg 1600w\" sizes=\"auto, (max-width: 1024px) 100vw, 1024px\" \/><\/figure>\n\n\n\n<figure class=\"wp-block-image size-large\"><img loading=\"lazy\" decoding=\"async\" width=\"1024\" height=\"647\" data-id=\"5795\" src=\"https:\/\/prensa.sma.gob.ar\/wp-content\/uploads\/2025\/03\/WhatsApp-Image-2025-03-06-at-12.54.431-1024x647.jpeg\" alt=\"\" class=\"wp-image-5795\" srcset=\"https:\/\/prensa.sma.gob.ar\/wp-content\/uploads\/2025\/03\/WhatsApp-Image-2025-03-06-at-12.54.431-1024x647.jpeg 1024w, https:\/\/prensa.sma.gob.ar\/wp-content\/uploads\/2025\/03\/WhatsApp-Image-2025-03-06-at-12.54.431-300x190.jpeg 300w, https:\/\/prensa.sma.gob.ar\/wp-content\/uploads\/2025\/03\/WhatsApp-Image-2025-03-06-at-12.54.431-768x485.jpeg 768w, https:\/\/prensa.sma.gob.ar\/wp-content\/uploads\/2025\/03\/WhatsApp-Image-2025-03-06-at-12.54.431-1536x971.jpeg 1536w, https:\/\/prensa.sma.gob.ar\/wp-content\/uploads\/2025\/03\/WhatsApp-Image-2025-03-06-at-12.54.431-665x420.jpeg 665w, https:\/\/prensa.sma.gob.ar\/wp-content\/uploads\/2025\/03\/WhatsApp-Image-2025-03-06-at-12.54.431-696x440.jpeg 696w, https:\/\/prensa.sma.gob.ar\/wp-content\/uploads\/2025\/03\/WhatsApp-Image-2025-03-06-at-12.54.431-1068x675.jpeg 1068w, https:\/\/prensa.sma.gob.ar\/wp-content\/uploads\/2025\/03\/WhatsApp-Image-2025-03-06-at-12.54.431.jpeg 1600w\" sizes=\"auto, (max-width: 1024px) 100vw, 1024px\" \/><\/figure>\n\n\n\n<figure class=\"wp-block-image size-large\"><img loading=\"lazy\" decoding=\"async\" width=\"1024\" height=\"576\" data-id=\"5793\" src=\"https:\/\/prensa.sma.gob.ar\/wp-content\/uploads\/2025\/03\/WhatsApp-Image-2025-03-06-at-12.54.42-1024x576.jpeg\" alt=\"\" class=\"wp-image-5793\" srcset=\"https:\/\/prensa.sma.gob.ar\/wp-content\/uploads\/2025\/03\/WhatsApp-Image-2025-03-06-at-12.54.42-1024x576.jpeg 1024w, https:\/\/prensa.sma.gob.ar\/wp-content\/uploads\/2025\/03\/WhatsApp-Image-2025-03-06-at-12.54.42-300x169.jpeg 300w, https:\/\/prensa.sma.gob.ar\/wp-content\/uploads\/2025\/03\/WhatsApp-Image-2025-03-06-at-12.54.42-768x432.jpeg 768w, https:\/\/prensa.sma.gob.ar\/wp-content\/uploads\/2025\/03\/WhatsApp-Image-2025-03-06-at-12.54.42-1536x864.jpeg 1536w, https:\/\/prensa.sma.gob.ar\/wp-content\/uploads\/2025\/03\/WhatsApp-Image-2025-03-06-at-12.54.42-747x420.jpeg 747w, https:\/\/prensa.sma.gob.ar\/wp-content\/uploads\/2025\/03\/WhatsApp-Image-2025-03-06-at-12.54.42-696x392.jpeg 696w, https:\/\/prensa.sma.gob.ar\/wp-content\/uploads\/2025\/03\/WhatsApp-Image-2025-03-06-at-12.54.42-1068x601.jpeg 1068w, https:\/\/prensa.sma.gob.ar\/wp-content\/uploads\/2025\/03\/WhatsApp-Image-2025-03-06-at-12.54.42.jpeg 1600w\" sizes=\"auto, (max-width: 1024px) 100vw, 1024px\" \/><\/figure>\n<\/figure>\n\n\n\n<div data-wp-interactive=\"core\/file\" class=\"wp-block-file\"><object data-wp-bind--hidden=\"!state.hasPdfPreview\" hidden class=\"wp-block-file__embed\" data=\"https:\/\/prensa.sma.gob.ar\/wp-content\/uploads\/2025\/03\/INFORME-MENSUAL-Febrero-2025.pdf\" type=\"application\/pdf\" style=\"width:100%;height:600px\" aria-label=\"Incrustado de INFORME MENSUAL - Febrero 2025.\"><\/object><a id=\"wp-block-file--media-e0d3905d-4146-4d64-b920-1c9b7d45c7f0\" href=\"https:\/\/prensa.sma.gob.ar\/wp-content\/uploads\/2025\/03\/INFORME-MENSUAL-Febrero-2025.pdf\">INFORME MENSUAL &#8211; Febrero 2025<\/a><a href=\"https:\/\/prensa.sma.gob.ar\/wp-content\/uploads\/2025\/03\/INFORME-MENSUAL-Febrero-2025.pdf\" class=\"wp-block-file__button wp-element-button\" download aria-describedby=\"wp-block-file--media-e0d3905d-4146-4d64-b920-1c9b7d45c7f0\">Descarga<\/a><\/div>\n","protected":false},"excerpt":{"rendered":"<p>El intendente Carlos Saloniti y el juez administrativo de faltas, Carlos S\u00e1nchez Galarce, acordaron fortalecer el trabajo en equipo, mejorar el intercambio de informaci\u00f3n y mantener encuentros mensuales para hacer un seguimiento de las actas de infracci\u00f3n. Durante la reuni\u00f3n, que se realiz\u00f3 este jueves en el despacho del Intendente, el Dr. S\u00e1nchez Galarce inform\u00f3 [&hellip;]<\/p>\n","protected":false},"author":2,"featured_media":5794,"comment_status":"closed","ping_status":"open","sticky":false,"template":"","format":"standard","meta":{"footnotes":""},"categories":[16,14,17],"tags":[],"class_list":{"0":"post-5792","1":"post","2":"type-post","3":"status-publish","4":"format-standard","5":"has-post-thumbnail","7":"category-destacadas","8":"category-noticias","9":"category-portada"},"_links":{"self":[{"href":"https:\/\/prensa.sma.gob.ar\/index.php?rest_route=\/wp\/v2\/posts\/5792","targetHints":{"allow":["GET"]}}],"collection":[{"href":"https:\/\/prensa.sma.gob.ar\/index.php?rest_route=\/wp\/v2\/posts"}],"about":[{"href":"https:\/\/prensa.sma.gob.ar\/index.php?rest_route=\/wp\/v2\/types\/post"}],"author":[{"embeddable":true,"href":"https:\/\/prensa.sma.gob.ar\/index.php?rest_route=\/wp\/v2\/users\/2"}],"replies":[{"embeddable":true,"href":"https:\/\/prensa.sma.gob.ar\/index.php?rest_route=%2Fwp%2Fv2%2Fcomments&post=5792"}],"version-history":[{"count":1,"href":"https:\/\/prensa.sma.gob.ar\/index.php?rest_route=\/wp\/v2\/posts\/5792\/revisions"}],"predecessor-version":[{"id":5798,"href":"https:\/\/prensa.sma.gob.ar\/index.php?rest_route=\/wp\/v2\/posts\/5792\/revisions\/5798"}],"wp:featuredmedia":[{"embeddable":true,"href":"https:\/\/prensa.sma.gob.ar\/index.php?rest_route=\/wp\/v2\/media\/5794"}],"wp:attachment":[{"href":"https:\/\/prensa.sma.gob.ar\/index.php?rest_route=%2Fwp%2Fv2%2Fmedia&parent=5792"}],"wp:term":[{"taxonomy":"category","embeddable":true,"href":"https:\/\/prensa.sma.gob.ar\/index.php?rest_route=%2Fwp%2Fv2%2Fcategories&post=5792"},{"taxonomy":"post_tag","embeddable":true,"href":"https:\/\/prensa.sma.gob.ar\/index.php?rest_route=%2Fwp%2Fv2%2Ftags&post=5792"}],"curies":[{"name":"wp","href":"https:\/\/api.w.org\/{rel}","templated":true}]}}