{"id":5866,"date":"2025-03-12T02:37:08","date_gmt":"2025-03-12T02:37:08","guid":{"rendered":"https:\/\/prensa.sma.gob.ar\/?p=5866"},"modified":"2025-03-12T02:37:09","modified_gmt":"2025-03-12T02:37:09","slug":"el-municipio-trabaja-en-la-iluminacion-de-la-plaza-colibri-de-el-arenal","status":"publish","type":"post","link":"https:\/\/prensa.sma.gob.ar\/?p=5866","title":{"rendered":"El Municipio trabaja en la iluminaci\u00f3n de la Plaza Colibr\u00ed de El Arenal"},"content":{"rendered":"\n<p>Esta semana comenzaron las obras de iluminaci\u00f3n de la plaza Colibr\u00ed, sobre calle Los Pehuenes, en El Arenal.<\/p>\n\n\n\n<p>Los trabajos, a cargo de la Subsecretar\u00eda de Obras P\u00fablicas, incluyen la iluminaci\u00f3n completa del espacio, con 36 farolas, y la colocaci\u00f3n de un pilar para que la plaza tenga un circuito independiente.<\/p>\n","protected":false},"excerpt":{"rendered":"<p>Esta semana comenzaron las obras de iluminaci\u00f3n de la plaza Colibr\u00ed, sobre calle Los Pehuenes, en El Arenal. Los trabajos, a cargo de la Subsecretar\u00eda de Obras P\u00fablicas, incluyen la iluminaci\u00f3n completa del espacio, con 36 farolas, y la colocaci\u00f3n de un pilar para que la plaza tenga un circuito independiente.<\/p>\n","protected":false},"author":2,"featured_media":5867,"comment_status":"closed","ping_status":"open","sticky":false,"template":"","format":"standard","meta":{"footnotes":""},"categories":[16,14,19],"tags":[],"class_list":{"0":"post-5866","1":"post","2":"type-post","3":"status-publish","4":"format-standard","5":"has-post-thumbnail","7":"category-destacadas","8":"category-noticias","9":"category-obras-y-servicios-publicos"},"_links":{"self":[{"href":"https:\/\/prensa.sma.gob.ar\/index.php?rest_route=\/wp\/v2\/posts\/5866","targetHints":{"allow":["GET"]}}],"collection":[{"href":"https:\/\/prensa.sma.gob.ar\/index.php?rest_route=\/wp\/v2\/posts"}],"about":[{"href":"https:\/\/prensa.sma.gob.ar\/index.php?rest_route=\/wp\/v2\/types\/post"}],"author":[{"embeddable":true,"href":"https:\/\/prensa.sma.gob.ar\/index.php?rest_route=\/wp\/v2\/users\/2"}],"replies":[{"embeddable":true,"href":"https:\/\/prensa.sma.gob.ar\/index.php?rest_route=%2Fwp%2Fv2%2Fcomments&post=5866"}],"version-history":[{"count":1,"href":"https:\/\/prensa.sma.gob.ar\/index.php?rest_route=\/wp\/v2\/posts\/5866\/revisions"}],"predecessor-version":[{"id":5868,"href":"https:\/\/prensa.sma.gob.ar\/index.php?rest_route=\/wp\/v2\/posts\/5866\/revisions\/5868"}],"wp:featuredmedia":[{"embeddable":true,"href":"https:\/\/prensa.sma.gob.ar\/index.php?rest_route=\/wp\/v2\/media\/5867"}],"wp:attachment":[{"href":"https:\/\/prensa.sma.gob.ar\/index.php?rest_route=%2Fwp%2Fv2%2Fmedia&parent=5866"}],"wp:term":[{"taxonomy":"category","embeddable":true,"href":"https:\/\/prensa.sma.gob.ar\/index.php?rest_route=%2Fwp%2Fv2%2Fcategories&post=5866"},{"taxonomy":"post_tag","embeddable":true,"href":"https:\/\/prensa.sma.gob.ar\/index.php?rest_route=%2Fwp%2Fv2%2Ftags&post=5866"}],"curies":[{"name":"wp","href":"https:\/\/api.w.org\/{rel}","templated":true}]}}